{"id":1180,"date":"2020-11-12T16:01:56","date_gmt":"2020-11-12T15:01:56","guid":{"rendered":"https:\/\/animosa.es\/blog\/?p=1180"},"modified":"2022-04-20T17:09:07","modified_gmt":"2022-04-20T15:09:07","slug":"comprar-en-pequeno-comercio-es-reinvertir-en-ti","status":"publish","type":"post","link":"https:\/\/animosa.es\/blog\/comprar-en-pequeno-comercio-es-reinvertir-en-ti\/","title":{"rendered":"Comprar en peque\u00f1o comercio es reinvertir en ti"},"content":{"rendered":"\n<p>Llevamos unos d\u00edas escuchando a amigas y conocidas decir que este a\u00f1o, en lugar de escribir una carta larga a las Reinas Magas, van a comprar en peque\u00f1o comercio: van a darse un capricho de una una marca peque\u00f1a\/una artesana local en una tienda de barrio. \u00bfVosotras tambi\u00e9n? Ha hecho falta una pandemia para ense\u00f1arnos c\u00f3mo es una ciudad con el tejido comercial parado y que otra forma de consumo es posible. Evidentemente no hemos descubierto la existencia del peque\u00f1o comercio a ra\u00edz del estado de alarma, pero hemos podido comprobar que son las que han estado al pie del ca\u00f1\u00f3n, las que nos han resuelto muchas necesidades y las que merecen y necesitan todo nuestro apoyo. Por si queda a\u00fan algo que decir sobre el tema, aqu\u00ed va nuestra reflexi\u00f3n.<\/p>\n\n\n\n<p>Por cierto, hemos ilustrado estas palabras con im\u00e1genes de mujeres felices sin mascarillas ni distancia social, al fin y al cabo este post va de pensar que un mundo mejor es posible.<\/p>\n\n\n\n<!--more-->\n\n\n\n<h2 class=\"wp-block-heading\"><strong>T\u00fa eres esencial para el peque\u00f1o comercio<\/strong><\/h2>\n\n\n\n<p>La globalizaci\u00f3n ha provocado que la riqueza se concentre en grandes marcas y multinacionales que han trasladado su producci\u00f3n a la otra punta del mundo. As\u00ed se ahorran costes, sortean los derechos sociales de sus trabajadoras y, en consecuencia, provocan p\u00e9rdidas de puestos de trabajo en los pa\u00edses de origen y se resiente la salud del planeta. <a href=\"http:\/\/felipepozueco.blogspot.com\/2016\/11\/la-globalizacion-y-el-pequeno-comercio.html\" target=\"_blank\" rel=\"noreferrer noopener\">Nada que t\u00fa no sepas.<\/a><\/p>\n\n\n\n<p>Pero all\u00e1 va algo que todav\u00eda no terminamos de entender: esto es una rueda donde t\u00fa, como consumidora, eres una pieza fundamental. Nuestras acciones, h\u00e1bitos y decisiones diarias tienen mucho poder, y para <a rel=\"noreferrer noopener\" href=\"https:\/\/www.planetadelibros.com\/libro-cambia-el-mundo\/309980\" target=\"_blank\">cambiar el mundo<\/a> hay que empezar por cambiar el nuestro.<\/p>\n\n\n\n<figure class=\"wp-block-image size-large\"><img loading=\"lazy\" decoding=\"async\" width=\"640\" height=\"480\" src=\"https:\/\/animosa.es\/blog\/wp-content\/uploads\/2020\/11\/apoyo_comercio_4-640x480.jpg\" alt=\"Peque\u00f1o comercio\" class=\"wp-image-1184\" srcset=\"https:\/\/animosa.es\/blog\/wp-content\/uploads\/2020\/11\/apoyo_comercio_4-640x480.jpg 640w, https:\/\/animosa.es\/blog\/wp-content\/uploads\/2020\/11\/apoyo_comercio_4-300x225.jpg 300w, https:\/\/animosa.es\/blog\/wp-content\/uploads\/2020\/11\/apoyo_comercio_4-768x576.jpg 768w, https:\/\/animosa.es\/blog\/wp-content\/uploads\/2020\/11\/apoyo_comercio_4-24x18.jpg 24w, https:\/\/animosa.es\/blog\/wp-content\/uploads\/2020\/11\/apoyo_comercio_4-36x27.jpg 36w, https:\/\/animosa.es\/blog\/wp-content\/uploads\/2020\/11\/apoyo_comercio_4-48x36.jpg 48w, https:\/\/animosa.es\/blog\/wp-content\/uploads\/2020\/11\/apoyo_comercio_4.jpg 960w\" sizes=\"auto, (max-width: 640px) 100vw, 640px\" \/><\/figure>\n\n\n\n<p>Mira a tu alrededor. Librer\u00edas, restaurantes, artesanas, fot\u00f3grafas, peluqueras, esteticistas\u2026 crean una ciudad viva, amable, multifuncional, comercialmente justa, socialmente equitativa, culturalmente diversa y generadora de empleo.<\/p>\n\n\n\n<h2 class=\"wp-block-heading\"><strong>Comprar en peque\u00f1o comercio es apostar por las Tiendas con Alma<\/strong><\/h2>\n\n\n\n<p>Lo vemos cuando vamos a presentar nuestras colecciones, vemos la ilusi\u00f3n en sus ojos. Vemos el compromiso y el esfuerzo. La mayor\u00eda de esas emprendedoras arriesg\u00f3 mucho para vivir de su sue\u00f1o y con cada compra que haces, est\u00e1s premiando ese esfuerzo. Una peque\u00f1a tienda solo vender\u00e1 productos en los que cree y que ella misma comprar\u00eda, y eso fortalece nuestros lazos como marca. Creen en nosotras, apuestan por nosotras y sabemos que vender\u00e1n nuestros productos con el mismo cari\u00f1o con el que los hemos dise\u00f1ado.<\/p>\n\n\n\n<p>Eso a ti, como consumidora, te da la confianza de encontrar detr\u00e1s del mostrador a una especialista que te aconseja sin prisas, cuyo conocimiento y atenci\u00f3n aportan un valor a\u00f1adido al simple acto de comprar. Te conoce, te aconseja y te ofrecer\u00e1 lo mejor porque quiere volver a verte.<\/p>\n\n\n\n<figure class=\"wp-block-image size-large\"><img loading=\"lazy\" decoding=\"async\" width=\"640\" height=\"480\" src=\"https:\/\/animosa.es\/blog\/wp-content\/uploads\/2020\/11\/apoyo_comercio_3-640x480.jpg\" alt=\"Compremos en peque\u00f1o comercio\" class=\"wp-image-1183\" srcset=\"https:\/\/animosa.es\/blog\/wp-content\/uploads\/2020\/11\/apoyo_comercio_3-640x480.jpg 640w, https:\/\/animosa.es\/blog\/wp-content\/uploads\/2020\/11\/apoyo_comercio_3-300x225.jpg 300w, https:\/\/animosa.es\/blog\/wp-content\/uploads\/2020\/11\/apoyo_comercio_3-768x576.jpg 768w, https:\/\/animosa.es\/blog\/wp-content\/uploads\/2020\/11\/apoyo_comercio_3-24x18.jpg 24w, https:\/\/animosa.es\/blog\/wp-content\/uploads\/2020\/11\/apoyo_comercio_3-36x27.jpg 36w, https:\/\/animosa.es\/blog\/wp-content\/uploads\/2020\/11\/apoyo_comercio_3-48x36.jpg 48w, https:\/\/animosa.es\/blog\/wp-content\/uploads\/2020\/11\/apoyo_comercio_3.jpg 960w\" sizes=\"auto, (max-width: 640px) 100vw, 640px\" \/><\/figure>\n\n\n\n<p>Porque al final, volvemos donde los tomates saben a tomates, donde el men\u00fa del d\u00eda no se compone de comida recalentada o donde a la \u00faltima sudadera que compramos no le salieron pelotillas en el primer lavado.<\/p>\n\n\n\n<h2 class=\"wp-block-heading\"><strong>Cambiar el chip<\/strong><\/h2>\n\n\n\n<p>\u00bfNo te ha pasado el acudir a una gran superficie y volver a casa con productos que no necesitabas? Cuando se hace la compra all\u00ed siempre se cogen art\u00edculos de m\u00e1s, gracias a su maravilloso marketing resultan tan sugerentes que terminan en el carrito. Dicen los estudios que m\u00e1s de un tercio de los alimentos adquiridos en las grandes superficies no se consume y va a parar directamente a la basura, tela.<\/p>\n\n\n\n<figure class=\"wp-block-image size-large\"><img loading=\"lazy\" decoding=\"async\" width=\"640\" height=\"480\" src=\"https:\/\/animosa.es\/blog\/wp-content\/uploads\/2020\/11\/apoyo_comercio_1-640x480.jpg\" alt=\"Salvemos el peque\u00f1o comercio\" class=\"wp-image-1181\" srcset=\"https:\/\/animosa.es\/blog\/wp-content\/uploads\/2020\/11\/apoyo_comercio_1-640x480.jpg 640w, https:\/\/animosa.es\/blog\/wp-content\/uploads\/2020\/11\/apoyo_comercio_1-300x225.jpg 300w, https:\/\/animosa.es\/blog\/wp-content\/uploads\/2020\/11\/apoyo_comercio_1-768x576.jpg 768w, https:\/\/animosa.es\/blog\/wp-content\/uploads\/2020\/11\/apoyo_comercio_1-24x18.jpg 24w, https:\/\/animosa.es\/blog\/wp-content\/uploads\/2020\/11\/apoyo_comercio_1-36x27.jpg 36w, https:\/\/animosa.es\/blog\/wp-content\/uploads\/2020\/11\/apoyo_comercio_1-48x36.jpg 48w, https:\/\/animosa.es\/blog\/wp-content\/uploads\/2020\/11\/apoyo_comercio_1.jpg 960w\" sizes=\"auto, (max-width: 640px) 100vw, 640px\" \/><\/figure>\n\n\n\n<p>A los comercios m\u00e1s peque\u00f1os solemos acudir a hacer compras m\u00e1s reducidas y de productos que realmente necesitamos. Quiz\u00e1s no tengan los precios m\u00e1s bajos. Quiz\u00e1s no puedan tenerlos. Pero parte del consumo responsable es comprar menos pero mejor, productos de calidad que hayan sido producidos respetando las condiciones laborales.<\/p>\n\n\n\n<h2 class=\"wp-block-heading\"><strong>Comprar en peque\u00f1o comercio<\/strong>, <strong>ahora m\u00e1s que nunca<\/strong><\/h2>\n\n\n\n<p>La Confederaci\u00f3n Espa\u00f1ola de Comercio calcula que el <a href=\"https:\/\/cadenaser.com\/programa\/2020\/09\/13\/hora_14_fin_de_semana\/1599997360_811131.html\" target=\"_blank\" rel=\"noreferrer noopener\">25% del comercio local desaparecer\u00e1<\/a> antes de que termine 2020.  Las ayudas y subvenciones que podr\u00e1n lograr el empuje para que vuelvan a funcionar son una parte importante de la maquinaria, pero sin tu presencia en este mecanismo poco podr\u00e1n hacer.<\/p>\n\n\n\n<p>La Navidad est\u00e1 ah\u00ed a la vuelta, la fecha clave para regalar y regalarnos. Este a\u00f1o hag\u00e1moslo con cabeza.  Estamos seguras de que tienes peque\u00f1as marcas favoritas (al menos <a rel=\"noreferrer noopener\" href=\"https:\/\/animosa.es\" target=\"_blank\">sabemos una<\/a>, je) y tiendas locales favoritas, \u00a1comparte, difunde, recomienda! No pierdas esa oportunidad \u00fanica de colaborar. La web, <a href=\"https:\/\/dbarrio.com\/\" target=\"_blank\" rel=\"noreferrer noopener\">dbarrio<\/a>, por ejemplo, te ayuda a comprar online y a domicilio en las mejores tiendas y restaurantes locales.<\/p>\n\n\n\n<p>Como consumidoras tenemos la libertad y la responsabilidad de elegir c\u00f3mo y d\u00f3nde consumimos. Y al hacerlo, estamos decidiendo qu\u00e9 mundo queremos construir y en qu\u00e9 tipo de sociedad queremos vivir. Con cada compra que hacemos, nos definimos y nos posicionamos.<a href=\"https:\/\/talentolocal.org\" target=\"_blank\" rel=\"noreferrer noopener\"> Iniciativas como #yoregalotalentolocal <\/a>ayudan a dar visibilidad al colectivo de peque\u00f1as marcas y creadores que apuestan por la producci\u00f3n local, a peque\u00f1a escala y sostenible.<\/p>\n\n\n\n<p>Os dejamos <a rel=\"noreferrer noopener\" href=\"https:\/\/www.youtube.com\/watch?v=K4JwPYASv8M\" target=\"_blank\">el v<\/a><a rel=\"noreferrer noopener\" href=\"https:\/\/www.youtube.com\/watch?v=K4JwPYASv8M\" target=\"_blank\">\u00ed<\/a><a rel=\"noreferrer noopener\" href=\"https:\/\/www.youtube.com\/watch?v=K4JwPYASv8M\" target=\"_blank\">deo que grabamos<\/a> en remoto junto a nuestros puntos de venta oficiales all\u00e1 por mayo, y con el que se nos siguen saltando las l\u00e1grimas cada vez lo vemos. Podremos con esto, amigas.<\/p>\n\n\n\n<figure class=\"wp-block-embed-youtube wp-block-embed is-type-video is-provider-youtube wp-embed-aspect-16-9 wp-has-aspect-ratio\"><div class=\"wp-block-embed__wrapper\">\n<iframe loading=\"lazy\" title=\"Eres esencial, Animosa\" width=\"525\" height=\"295\" src=\"https:\/\/www.youtube.com\/embed\/vmd-sSSa788?feature=oembed\" frameborder=\"0\" allow=\"accelerometer; autoplay; clipboard-write; encrypted-media; gyroscope; picture-in-picture; web-share\" referrerpolicy=\"strict-origin-when-cross-origin\" allowfullscreen><\/iframe>\n<\/div><\/figure>\n","protected":false},"excerpt":{"rendered":"<p>Llevamos unos d\u00edas escuchando a amigas y conocidas decir que este a\u00f1o, en lugar de escribir una carta larga a las Reinas Magas, van a comprar en peque\u00f1o comercio: van a darse un capricho de una una marca peque\u00f1a\/una artesana local en una tienda de barrio. \u00bfVosotras tambi\u00e9n? Ha hecho falta una pandemia para ense\u00f1arnos &hellip; <\/p>\n<p class=\"link-more\"><a href=\"https:\/\/animosa.es\/blog\/comprar-en-pequeno-comercio-es-reinvertir-en-ti\/\" class=\"more-link\">Continuar leyendo<span class=\"screen-reader-text\"> \u00abComprar en peque\u00f1o comercio es reinvertir en ti\u00bb<\/span><\/a><\/p>\n","protected":false},"author":9,"featured_media":1192,"comment_status":"open","ping_status":"closed","sticky":false,"template":"","format":"standard","meta":{"_monsterinsights_skip_tracking":false,"_monsterinsights_sitenote_active":false,"_monsterinsights_sitenote_note":"","_monsterinsights_sitenote_category":0,"footnotes":""},"categories":[12,135],"tags":[],"class_list":["post-1180","post","type-post","status-publish","format-standard","has-post-thumbnail","hentry","category-productos-animosa","category-tiendas-con-alma"],"yoast_head":"<!-- This site is optimized with the Yoast SEO plugin v27.4 - https:\/\/yoast.com\/product\/yoast-seo-wordpress\/ -->\n<title>Comprar en peque\u00f1o comercio es reinvertir en ti - Animosa Blog<\/title>\n<meta name=\"description\" content=\"Desde Animosa queremos animarte a comprar en peque\u00f1o comercio, nuestros puntos de venta son Tiendas con Alma y son esenciales.\" \/>\n<meta name=\"robots\" content=\"index, follow, max-snippet:-1, max-image-preview:large, max-video-preview:-1\" \/>\n<link rel=\"canonical\" href=\"https:\/\/animosa.es\/blog\/comprar-en-pequeno-comercio-es-reinvertir-en-ti\/\" \/>\n<meta property=\"og:locale\" content=\"es_ES\" \/>\n<meta property=\"og:type\" content=\"article\" \/>\n<meta property=\"og:title\" content=\"Comprar en peque\u00f1o comercio es reinvertir en ti - Animosa Blog\" \/>\n<meta property=\"og:description\" content=\"Desde Animosa queremos animarte a comprar en peque\u00f1o comercio, nuestros puntos de venta son Tiendas con Alma y son esenciales.\" \/>\n<meta property=\"og:url\" content=\"https:\/\/animosa.es\/blog\/comprar-en-pequeno-comercio-es-reinvertir-en-ti\/\" \/>\n<meta property=\"og:site_name\" content=\"Animosa Blog\" \/>\n<meta property=\"article:publisher\" content=\"https:\/\/www.facebook.com\/animosaoficial\" \/>\n<meta property=\"article:published_time\" content=\"2020-11-12T15:01:56+00:00\" \/>\n<meta property=\"article:modified_time\" content=\"2022-04-20T15:09:07+00:00\" \/>\n<meta property=\"og:image\" content=\"https:\/\/animosa.es\/blog\/wp-content\/uploads\/2020\/11\/cabeceras_comercio-1.jpg\" \/>\n\t<meta property=\"og:image:width\" content=\"1920\" \/>\n\t<meta property=\"og:image:height\" content=\"1200\" \/>\n\t<meta property=\"og:image:type\" content=\"image\/jpeg\" \/>\n<meta name=\"author\" content=\"Carol\" \/>\n<meta name=\"twitter:card\" content=\"summary_large_image\" \/>\n<meta name=\"twitter:creator\" content=\"@animosaoficial\" \/>\n<meta name=\"twitter:site\" content=\"@animosaoficial\" \/>\n<meta name=\"twitter:label1\" content=\"Escrito por\" \/>\n\t<meta name=\"twitter:data1\" content=\"Carol\" \/>\n\t<meta name=\"twitter:label2\" content=\"Tiempo de lectura\" \/>\n\t<meta name=\"twitter:data2\" content=\"5 minutos\" \/>\n<script type=\"application\/ld+json\" class=\"yoast-schema-graph\">{\"@context\":\"https:\\\/\\\/schema.org\",\"@graph\":[{\"@type\":\"Article\",\"@id\":\"https:\\\/\\\/animosa.es\\\/blog\\\/comprar-en-pequeno-comercio-es-reinvertir-en-ti\\\/#article\",\"isPartOf\":{\"@id\":\"https:\\\/\\\/animosa.es\\\/blog\\\/comprar-en-pequeno-comercio-es-reinvertir-en-ti\\\/\"},\"author\":{\"name\":\"Carol\",\"@id\":\"https:\\\/\\\/animosa.es\\\/blog\\\/#\\\/schema\\\/person\\\/b5daea698c9840e34e3e71b0a9f29558\"},\"headline\":\"Comprar en peque\u00f1o comercio es reinvertir en ti\",\"datePublished\":\"2020-11-12T15:01:56+00:00\",\"dateModified\":\"2022-04-20T15:09:07+00:00\",\"mainEntityOfPage\":{\"@id\":\"https:\\\/\\\/animosa.es\\\/blog\\\/comprar-en-pequeno-comercio-es-reinvertir-en-ti\\\/\"},\"wordCount\":910,\"commentCount\":0,\"publisher\":{\"@id\":\"https:\\\/\\\/animosa.es\\\/blog\\\/#organization\"},\"image\":{\"@id\":\"https:\\\/\\\/animosa.es\\\/blog\\\/comprar-en-pequeno-comercio-es-reinvertir-en-ti\\\/#primaryimage\"},\"thumbnailUrl\":\"https:\\\/\\\/animosa.es\\\/blog\\\/wp-content\\\/uploads\\\/2020\\\/11\\\/cabeceras_comercio-1.jpg\",\"articleSection\":[\"Productos Animosa\",\"Tiendas con alma\"],\"inLanguage\":\"es\",\"potentialAction\":[{\"@type\":\"CommentAction\",\"name\":\"Comment\",\"target\":[\"https:\\\/\\\/animosa.es\\\/blog\\\/comprar-en-pequeno-comercio-es-reinvertir-en-ti\\\/#respond\"]}]},{\"@type\":\"WebPage\",\"@id\":\"https:\\\/\\\/animosa.es\\\/blog\\\/comprar-en-pequeno-comercio-es-reinvertir-en-ti\\\/\",\"url\":\"https:\\\/\\\/animosa.es\\\/blog\\\/comprar-en-pequeno-comercio-es-reinvertir-en-ti\\\/\",\"name\":\"Comprar en peque\u00f1o comercio es reinvertir en ti - Animosa Blog\",\"isPartOf\":{\"@id\":\"https:\\\/\\\/animosa.es\\\/blog\\\/#website\"},\"primaryImageOfPage\":{\"@id\":\"https:\\\/\\\/animosa.es\\\/blog\\\/comprar-en-pequeno-comercio-es-reinvertir-en-ti\\\/#primaryimage\"},\"image\":{\"@id\":\"https:\\\/\\\/animosa.es\\\/blog\\\/comprar-en-pequeno-comercio-es-reinvertir-en-ti\\\/#primaryimage\"},\"thumbnailUrl\":\"https:\\\/\\\/animosa.es\\\/blog\\\/wp-content\\\/uploads\\\/2020\\\/11\\\/cabeceras_comercio-1.jpg\",\"datePublished\":\"2020-11-12T15:01:56+00:00\",\"dateModified\":\"2022-04-20T15:09:07+00:00\",\"description\":\"Desde Animosa queremos animarte a comprar en peque\u00f1o comercio, nuestros puntos de venta son Tiendas con Alma y son esenciales.\",\"breadcrumb\":{\"@id\":\"https:\\\/\\\/animosa.es\\\/blog\\\/comprar-en-pequeno-comercio-es-reinvertir-en-ti\\\/#breadcrumb\"},\"inLanguage\":\"es\",\"potentialAction\":[{\"@type\":\"ReadAction\",\"target\":[\"https:\\\/\\\/animosa.es\\\/blog\\\/comprar-en-pequeno-comercio-es-reinvertir-en-ti\\\/\"]}]},{\"@type\":\"ImageObject\",\"inLanguage\":\"es\",\"@id\":\"https:\\\/\\\/animosa.es\\\/blog\\\/comprar-en-pequeno-comercio-es-reinvertir-en-ti\\\/#primaryimage\",\"url\":\"https:\\\/\\\/animosa.es\\\/blog\\\/wp-content\\\/uploads\\\/2020\\\/11\\\/cabeceras_comercio-1.jpg\",\"contentUrl\":\"https:\\\/\\\/animosa.es\\\/blog\\\/wp-content\\\/uploads\\\/2020\\\/11\\\/cabeceras_comercio-1.jpg\",\"width\":1920,\"height\":1200},{\"@type\":\"BreadcrumbList\",\"@id\":\"https:\\\/\\\/animosa.es\\\/blog\\\/comprar-en-pequeno-comercio-es-reinvertir-en-ti\\\/#breadcrumb\",\"itemListElement\":[{\"@type\":\"ListItem\",\"position\":1,\"name\":\"Portada\",\"item\":\"https:\\\/\\\/animosa.es\\\/blog\\\/\"},{\"@type\":\"ListItem\",\"position\":2,\"name\":\"Comprar en peque\u00f1o comercio es reinvertir en ti\"}]},{\"@type\":\"WebSite\",\"@id\":\"https:\\\/\\\/animosa.es\\\/blog\\\/#website\",\"url\":\"https:\\\/\\\/animosa.es\\\/blog\\\/\",\"name\":\"Animosa Blog\",\"description\":\"Alma y Coraje: Mujeres importantes e inspiradoras\",\"publisher\":{\"@id\":\"https:\\\/\\\/animosa.es\\\/blog\\\/#organization\"},\"potentialAction\":[{\"@type\":\"SearchAction\",\"target\":{\"@type\":\"EntryPoint\",\"urlTemplate\":\"https:\\\/\\\/animosa.es\\\/blog\\\/?s={search_term_string}\"},\"query-input\":{\"@type\":\"PropertyValueSpecification\",\"valueRequired\":true,\"valueName\":\"search_term_string\"}}],\"inLanguage\":\"es\"},{\"@type\":\"Organization\",\"@id\":\"https:\\\/\\\/animosa.es\\\/blog\\\/#organization\",\"name\":\"Animosa\",\"url\":\"https:\\\/\\\/animosa.es\\\/blog\\\/\",\"logo\":{\"@type\":\"ImageObject\",\"inLanguage\":\"es\",\"@id\":\"https:\\\/\\\/animosa.es\\\/blog\\\/#\\\/schema\\\/logo\\\/image\\\/\",\"url\":\"https:\\\/\\\/animosa.es\\\/blog\\\/wp-content\\\/uploads\\\/2018\\\/11\\\/mi-tienda-logo-e1541405563290.png\",\"contentUrl\":\"https:\\\/\\\/animosa.es\\\/blog\\\/wp-content\\\/uploads\\\/2018\\\/11\\\/mi-tienda-logo-e1541405563290.png\",\"width\":170,\"height\":53,\"caption\":\"Animosa\"},\"image\":{\"@id\":\"https:\\\/\\\/animosa.es\\\/blog\\\/#\\\/schema\\\/logo\\\/image\\\/\"},\"sameAs\":[\"https:\\\/\\\/www.facebook.com\\\/animosaoficial\",\"https:\\\/\\\/x.com\\\/animosaoficial\",\"https:\\\/\\\/www.instagram.com\\\/animosaoficial\\\/\",\"https:\\\/\\\/www.pinterest.es\\\/animosaoficial\\\/\",\"https:\\\/\\\/www.youtube.com\\\/channel\\\/UCvpO4cBfsjLILe9zJnR_krw\"]},{\"@type\":\"Person\",\"@id\":\"https:\\\/\\\/animosa.es\\\/blog\\\/#\\\/schema\\\/person\\\/b5daea698c9840e34e3e71b0a9f29558\",\"name\":\"Carol\",\"url\":\"https:\\\/\\\/animosa.es\\\/blog\\\/author\\\/artistica\\\/\"}]}<\/script>\n<!-- \/ Yoast SEO plugin. -->","yoast_head_json":{"title":"Comprar en peque\u00f1o comercio es reinvertir en ti - Animosa Blog","description":"Desde Animosa queremos animarte a comprar en peque\u00f1o comercio, nuestros puntos de venta son Tiendas con Alma y son esenciales.","robots":{"index":"index","follow":"follow","max-snippet":"max-snippet:-1","max-image-preview":"max-image-preview:large","max-video-preview":"max-video-preview:-1"},"canonical":"https:\/\/animosa.es\/blog\/comprar-en-pequeno-comercio-es-reinvertir-en-ti\/","og_locale":"es_ES","og_type":"article","og_title":"Comprar en peque\u00f1o comercio es reinvertir en ti - Animosa Blog","og_description":"Desde Animosa queremos animarte a comprar en peque\u00f1o comercio, nuestros puntos de venta son Tiendas con Alma y son esenciales.","og_url":"https:\/\/animosa.es\/blog\/comprar-en-pequeno-comercio-es-reinvertir-en-ti\/","og_site_name":"Animosa Blog","article_publisher":"https:\/\/www.facebook.com\/animosaoficial","article_published_time":"2020-11-12T15:01:56+00:00","article_modified_time":"2022-04-20T15:09:07+00:00","og_image":[{"width":1920,"height":1200,"url":"https:\/\/animosa.es\/blog\/wp-content\/uploads\/2020\/11\/cabeceras_comercio-1.jpg","type":"image\/jpeg"}],"author":"Carol","twitter_card":"summary_large_image","twitter_creator":"@animosaoficial","twitter_site":"@animosaoficial","twitter_misc":{"Escrito por":"Carol","Tiempo de lectura":"5 minutos"},"schema":{"@context":"https:\/\/schema.org","@graph":[{"@type":"Article","@id":"https:\/\/animosa.es\/blog\/comprar-en-pequeno-comercio-es-reinvertir-en-ti\/#article","isPartOf":{"@id":"https:\/\/animosa.es\/blog\/comprar-en-pequeno-comercio-es-reinvertir-en-ti\/"},"author":{"name":"Carol","@id":"https:\/\/animosa.es\/blog\/#\/schema\/person\/b5daea698c9840e34e3e71b0a9f29558"},"headline":"Comprar en peque\u00f1o comercio es reinvertir en ti","datePublished":"2020-11-12T15:01:56+00:00","dateModified":"2022-04-20T15:09:07+00:00","mainEntityOfPage":{"@id":"https:\/\/animosa.es\/blog\/comprar-en-pequeno-comercio-es-reinvertir-en-ti\/"},"wordCount":910,"commentCount":0,"publisher":{"@id":"https:\/\/animosa.es\/blog\/#organization"},"image":{"@id":"https:\/\/animosa.es\/blog\/comprar-en-pequeno-comercio-es-reinvertir-en-ti\/#primaryimage"},"thumbnailUrl":"https:\/\/animosa.es\/blog\/wp-content\/uploads\/2020\/11\/cabeceras_comercio-1.jpg","articleSection":["Productos Animosa","Tiendas con alma"],"inLanguage":"es","potentialAction":[{"@type":"CommentAction","name":"Comment","target":["https:\/\/animosa.es\/blog\/comprar-en-pequeno-comercio-es-reinvertir-en-ti\/#respond"]}]},{"@type":"WebPage","@id":"https:\/\/animosa.es\/blog\/comprar-en-pequeno-comercio-es-reinvertir-en-ti\/","url":"https:\/\/animosa.es\/blog\/comprar-en-pequeno-comercio-es-reinvertir-en-ti\/","name":"Comprar en peque\u00f1o comercio es reinvertir en ti - Animosa Blog","isPartOf":{"@id":"https:\/\/animosa.es\/blog\/#website"},"primaryImageOfPage":{"@id":"https:\/\/animosa.es\/blog\/comprar-en-pequeno-comercio-es-reinvertir-en-ti\/#primaryimage"},"image":{"@id":"https:\/\/animosa.es\/blog\/comprar-en-pequeno-comercio-es-reinvertir-en-ti\/#primaryimage"},"thumbnailUrl":"https:\/\/animosa.es\/blog\/wp-content\/uploads\/2020\/11\/cabeceras_comercio-1.jpg","datePublished":"2020-11-12T15:01:56+00:00","dateModified":"2022-04-20T15:09:07+00:00","description":"Desde Animosa queremos animarte a comprar en peque\u00f1o comercio, nuestros puntos de venta son Tiendas con Alma y son esenciales.","breadcrumb":{"@id":"https:\/\/animosa.es\/blog\/comprar-en-pequeno-comercio-es-reinvertir-en-ti\/#breadcrumb"},"inLanguage":"es","potentialAction":[{"@type":"ReadAction","target":["https:\/\/animosa.es\/blog\/comprar-en-pequeno-comercio-es-reinvertir-en-ti\/"]}]},{"@type":"ImageObject","inLanguage":"es","@id":"https:\/\/animosa.es\/blog\/comprar-en-pequeno-comercio-es-reinvertir-en-ti\/#primaryimage","url":"https:\/\/animosa.es\/blog\/wp-content\/uploads\/2020\/11\/cabeceras_comercio-1.jpg","contentUrl":"https:\/\/animosa.es\/blog\/wp-content\/uploads\/2020\/11\/cabeceras_comercio-1.jpg","width":1920,"height":1200},{"@type":"BreadcrumbList","@id":"https:\/\/animosa.es\/blog\/comprar-en-pequeno-comercio-es-reinvertir-en-ti\/#breadcrumb","itemListElement":[{"@type":"ListItem","position":1,"name":"Portada","item":"https:\/\/animosa.es\/blog\/"},{"@type":"ListItem","position":2,"name":"Comprar en peque\u00f1o comercio es reinvertir en ti"}]},{"@type":"WebSite","@id":"https:\/\/animosa.es\/blog\/#website","url":"https:\/\/animosa.es\/blog\/","name":"Animosa Blog","description":"Alma y Coraje: Mujeres importantes e inspiradoras","publisher":{"@id":"https:\/\/animosa.es\/blog\/#organization"},"potentialAction":[{"@type":"SearchAction","target":{"@type":"EntryPoint","urlTemplate":"https:\/\/animosa.es\/blog\/?s={search_term_string}"},"query-input":{"@type":"PropertyValueSpecification","valueRequired":true,"valueName":"search_term_string"}}],"inLanguage":"es"},{"@type":"Organization","@id":"https:\/\/animosa.es\/blog\/#organization","name":"Animosa","url":"https:\/\/animosa.es\/blog\/","logo":{"@type":"ImageObject","inLanguage":"es","@id":"https:\/\/animosa.es\/blog\/#\/schema\/logo\/image\/","url":"https:\/\/animosa.es\/blog\/wp-content\/uploads\/2018\/11\/mi-tienda-logo-e1541405563290.png","contentUrl":"https:\/\/animosa.es\/blog\/wp-content\/uploads\/2018\/11\/mi-tienda-logo-e1541405563290.png","width":170,"height":53,"caption":"Animosa"},"image":{"@id":"https:\/\/animosa.es\/blog\/#\/schema\/logo\/image\/"},"sameAs":["https:\/\/www.facebook.com\/animosaoficial","https:\/\/x.com\/animosaoficial","https:\/\/www.instagram.com\/animosaoficial\/","https:\/\/www.pinterest.es\/animosaoficial\/","https:\/\/www.youtube.com\/channel\/UCvpO4cBfsjLILe9zJnR_krw"]},{"@type":"Person","@id":"https:\/\/animosa.es\/blog\/#\/schema\/person\/b5daea698c9840e34e3e71b0a9f29558","name":"Carol","url":"https:\/\/animosa.es\/blog\/author\/artistica\/"}]}},"_links":{"self":[{"href":"https:\/\/animosa.es\/blog\/wp-json\/wp\/v2\/posts\/1180","targetHints":{"allow":["GET"]}}],"collection":[{"href":"https:\/\/animosa.es\/blog\/wp-json\/wp\/v2\/posts"}],"about":[{"href":"https:\/\/animosa.es\/blog\/wp-json\/wp\/v2\/types\/post"}],"author":[{"embeddable":true,"href":"https:\/\/animosa.es\/blog\/wp-json\/wp\/v2\/users\/9"}],"replies":[{"embeddable":true,"href":"https:\/\/animosa.es\/blog\/wp-json\/wp\/v2\/comments?post=1180"}],"version-history":[{"count":5,"href":"https:\/\/animosa.es\/blog\/wp-json\/wp\/v2\/posts\/1180\/revisions"}],"predecessor-version":[{"id":1205,"href":"https:\/\/animosa.es\/blog\/wp-json\/wp\/v2\/posts\/1180\/revisions\/1205"}],"wp:featuredmedia":[{"embeddable":true,"href":"https:\/\/animosa.es\/blog\/wp-json\/wp\/v2\/media\/1192"}],"wp:attachment":[{"href":"https:\/\/animosa.es\/blog\/wp-json\/wp\/v2\/media?parent=1180"}],"wp:term":[{"taxonomy":"category","embeddable":true,"href":"https:\/\/animosa.es\/blog\/wp-json\/wp\/v2\/categories?post=1180"},{"taxonomy":"post_tag","embeddable":true,"href":"https:\/\/animosa.es\/blog\/wp-json\/wp\/v2\/tags?post=1180"}],"curies":[{"name":"wp","href":"https:\/\/api.w.org\/{rel}","templated":true}]}}