{"id":1624,"date":"2021-11-02T16:00:00","date_gmt":"2021-11-02T15:00:00","guid":{"rendered":"https:\/\/animosa.es\/blog\/?p=1624"},"modified":"2022-04-20T17:09:06","modified_gmt":"2022-04-20T15:09:06","slug":"camiseta-protesta-historia","status":"publish","type":"post","link":"https:\/\/animosa.es\/blog\/camiseta-protesta-historia\/","title":{"rendered":"Camiseta Protesta: historia y evoluci\u00f3n de nuestra bandera"},"content":{"rendered":"\n<p>Este post est\u00e1 dedicado a nuestras inseparables compa\u00f1eras: las camisetas. En <strong>Animosa<\/strong> las adoramos, m\u00e1s a\u00fan cuando con su dise\u00f1o no dejan a nadie indiferente. Tachuelas, drapeados, <strong>camisetas con mensaje<\/strong>&#8230; las posibilidades son infinitas. Hoy os hablamos de la <strong>camiseta protesta<\/strong>. S\u00edmbolo de libertad para las hippies, de rebeld\u00eda para las punkies y de reivindicaci\u00f3n social en nuestros d\u00edas.<\/p>\n\n\n\n<p>En Animosa lo tenemos claro: es la prenda estrella de cada temporada, atr\u00e1s quedan los a\u00f1os en los que se la consideraba solo una prenda interior. La camiseta ha demostrado ser la  prenda m\u00e1s vers\u00e1til de nuestros armarios. Aunque muchas personas atribuyen su fama al rodaje de <a href=\"https:\/\/www.revistavanityfair.es\/lujo\/moda\/articulos\/historia-y-origen-de-la-camiseta-blanca-t-shirt\/22949\" target=\"_blank\" rel=\"noreferrer noopener\"><em>Un tranv\u00eda llamado deseo<\/em> <\/a>con <strong>Marlon Brandon<\/strong> (1951), desde aqu\u00ed reivindicamos a <strong>Coco Chanel<\/strong> y su camiseta marinera de comienzos de siglo XX. Desde entonces, esta prenda de algod\u00f3n nunca ha dejado de ser aliada del cambio, su evoluci\u00f3n te sorprender\u00e1. \u00a1Vamos a por ello!<\/p>\n\n\n\n<!--more-->\n\n\n\n<h2 class=\"wp-block-heading\"><strong>Los a\u00f1os 60 y las Hippies<\/strong><\/h2>\n\n\n\n<p>La camiseta se transform\u00f3 con el movimiento Hippie en una herramienta de protesta. Por aquel entonces, muchas personas a\u00fan ve\u00edan a la camiseta como una prenda poco formal, lo que la hizo m\u00e1s apetecible a\u00fan a este movimiento. Su filosof\u00eda de \u00abPaz y Amor\u00bb quedo plasmada en el vestuario de las mujeres de los 60 con estampados hechos en su mayor\u00eda por ellas mismas. Dise\u00f1os psicod\u00e9licos, color y reclamos como el de <em>No a la guerra<\/em>  se hicieron presentes. Fueron los a\u00f1os tambi\u00e9n de la segunda ola del feminismo y por ese motivo desde <strong>Animosa <\/strong>decidimos rendir homenaje a este movimiento con prendas<a href=\"https:\/\/animosa.es\/vestidos-y-monos\/1765-vestido-tie-dye-ama.html\"> <strong>tie-dye<\/strong> con troquel del s\u00edmbolo de la paz<\/a>. <\/p>\n\n\n\n<figure class=\"wp-block-image size-large\"><img loading=\"lazy\" decoding=\"async\" width=\"640\" height=\"480\" src=\"https:\/\/animosa.es\/blog\/wp-content\/uploads\/2021\/09\/apoyo_camiseta-proteta_4-640x480.jpg\" alt=\"\" class=\"wp-image-1728\" srcset=\"https:\/\/animosa.es\/blog\/wp-content\/uploads\/2021\/09\/apoyo_camiseta-proteta_4-640x480.jpg 640w, https:\/\/animosa.es\/blog\/wp-content\/uploads\/2021\/09\/apoyo_camiseta-proteta_4-300x225.jpg 300w, https:\/\/animosa.es\/blog\/wp-content\/uploads\/2021\/09\/apoyo_camiseta-proteta_4-768x576.jpg 768w, https:\/\/animosa.es\/blog\/wp-content\/uploads\/2021\/09\/apoyo_camiseta-proteta_4-24x18.jpg 24w, https:\/\/animosa.es\/blog\/wp-content\/uploads\/2021\/09\/apoyo_camiseta-proteta_4-36x27.jpg 36w, https:\/\/animosa.es\/blog\/wp-content\/uploads\/2021\/09\/apoyo_camiseta-proteta_4-48x36.jpg 48w, https:\/\/animosa.es\/blog\/wp-content\/uploads\/2021\/09\/apoyo_camiseta-proteta_4.jpg 960w\" sizes=\"auto, (max-width: 640px) 100vw, 640px\" \/><\/figure>\n\n\n\n<h2 class=\"wp-block-heading\"><strong>El relevo Punk de los a\u00f1os 70<\/strong><\/h2>\n\n\n\n<p>La nueva d\u00e9cada tra\u00eda consigo la contracultura del <strong>Punk<\/strong>, con una gran presencia femenina. Mujeres como <strong>Vivian Westwood<\/strong> con su propia marca de ropa, le dieron un giro de tuerca a la camiseta, muchas veces trabajando sobre viejas prendas de los a\u00f1os 50. <a href=\"https:\/\/animosa.es\/camisetas-manga-corta\/1749-camiseta-whats-going-on.html\" target=\"_blank\" rel=\"noreferrer noopener\">Imprendibles<\/a>, tachuelas y <a href=\"https:\/\/animosa.es\/camisetas-manga-corta\/1298-camiseta-rockera-mujer-horses-patti-smith.html?search_query=rock&amp;results=17\" target=\"_blank\" rel=\"noreferrer noopener\">serigrafiados <\/a>se a\u00f1ad\u00edan a las prendas para dejar claro que la vest\u00eda una mujer rebelde. Las botas militares, el cuero y los cuadros escoceses acompa\u00f1aban a las camisetas, y marcaban la gran influencia que este movimiento tuvo en el Reino Unido.  La pol\u00e9mica fue siempre de la mano de la moda <em>punkie<\/em>, se rasgaba la ropa con el \u00fanico prop\u00f3sito de romper con lo establecido. En Animosa siempre hemos reivindicado la <strong>rebeld\u00eda femenina<\/strong>, y no podemos negar la influencia del punk.<\/p>\n\n\n\n<figure class=\"wp-block-image size-large\"><img loading=\"lazy\" decoding=\"async\" width=\"640\" height=\"480\" src=\"https:\/\/animosa.es\/blog\/wp-content\/uploads\/2021\/09\/apoyo_camiseta-proteta_5-640x480.jpg\" alt=\"\" class=\"wp-image-1729\" srcset=\"https:\/\/animosa.es\/blog\/wp-content\/uploads\/2021\/09\/apoyo_camiseta-proteta_5-640x480.jpg 640w, https:\/\/animosa.es\/blog\/wp-content\/uploads\/2021\/09\/apoyo_camiseta-proteta_5-300x225.jpg 300w, https:\/\/animosa.es\/blog\/wp-content\/uploads\/2021\/09\/apoyo_camiseta-proteta_5-768x576.jpg 768w, https:\/\/animosa.es\/blog\/wp-content\/uploads\/2021\/09\/apoyo_camiseta-proteta_5-24x18.jpg 24w, https:\/\/animosa.es\/blog\/wp-content\/uploads\/2021\/09\/apoyo_camiseta-proteta_5-36x27.jpg 36w, https:\/\/animosa.es\/blog\/wp-content\/uploads\/2021\/09\/apoyo_camiseta-proteta_5-48x36.jpg 48w, https:\/\/animosa.es\/blog\/wp-content\/uploads\/2021\/09\/apoyo_camiseta-proteta_5.jpg 960w\" sizes=\"auto, (max-width: 640px) 100vw, 640px\" \/><\/figure>\n\n\n\n<h2 class=\"wp-block-heading\"><strong>La camiseta protesta y los movimientos sociales de los a\u00f1os 80<\/strong><\/h2>\n\n\n\n<p>Los a\u00f1os ochenta supusieron una nueva revoluci\u00f3n art\u00edstica y social, cercana a los movimientos de lucha de derechos. La preocupaci\u00f3n por la expansi\u00f3n del VIH, las ansias de libertad de la juventud y las primeras voces reivindicativas sobre los derechos lgtbq+ se hicieron presentes en esta \u00e9poca. Esta es la d\u00e9cada que vio caer el muro el Berl\u00edn. Camisetas con lemas como <em>Use a Condom<\/em> fueron un aut\u00e9ntico (y necesario) esc\u00e1ndalo, prueba del poder de la <strong>camiseta protesta<\/strong>.<\/p>\n\n\n\n<figure class=\"wp-block-image size-large\"><img loading=\"lazy\" decoding=\"async\" width=\"640\" height=\"480\" src=\"https:\/\/animosa.es\/blog\/wp-content\/uploads\/2021\/09\/apoyo_camiseta-proteta_7-640x480.jpg\" alt=\"Camiseta protesta\" class=\"wp-image-1731\" srcset=\"https:\/\/animosa.es\/blog\/wp-content\/uploads\/2021\/09\/apoyo_camiseta-proteta_7-640x480.jpg 640w, https:\/\/animosa.es\/blog\/wp-content\/uploads\/2021\/09\/apoyo_camiseta-proteta_7-300x225.jpg 300w, https:\/\/animosa.es\/blog\/wp-content\/uploads\/2021\/09\/apoyo_camiseta-proteta_7-768x576.jpg 768w, https:\/\/animosa.es\/blog\/wp-content\/uploads\/2021\/09\/apoyo_camiseta-proteta_7-24x18.jpg 24w, https:\/\/animosa.es\/blog\/wp-content\/uploads\/2021\/09\/apoyo_camiseta-proteta_7-36x27.jpg 36w, https:\/\/animosa.es\/blog\/wp-content\/uploads\/2021\/09\/apoyo_camiseta-proteta_7-48x36.jpg 48w, https:\/\/animosa.es\/blog\/wp-content\/uploads\/2021\/09\/apoyo_camiseta-proteta_7.jpg 960w\" sizes=\"auto, (max-width: 640px) 100vw, 640px\" \/><figcaption>La dise\u00f1adora Katharine Hamnett en 1984, saludando a Margaret Thatcher, con una camiseta contra la guerra termonuclear. Apareci\u00f3 en la portada de casi todos los peri\u00f3dicos brit\u00e1nicos.<\/figcaption><\/figure>\n\n\n\n<p>Los ochenta tuvieron una especial relevancia en Espa\u00f1a, tras el asentamiento de la democracia. Colores fluorescentes, denim en todas las prendas, hombreras, leggins y minifaldas tomaban la noche ( y el d\u00eda), era una juventud que deseaba ser o\u00edda y vista por primera vez en mucho tiempo. Dejad que recordemos el papel de <strong>Vigo <\/strong>en la movida, ciudad desde la que os escribe esta servidora, y desde donde dise\u00f1amos toda nuestra colecci\u00f3n. \u00a1Aquellos a\u00f1os locos nos sirven de inspiraci\u00f3n hoy!<\/p>\n\n\n\n<figure class=\"wp-block-image size-large\"><img loading=\"lazy\" decoding=\"async\" width=\"640\" height=\"480\" src=\"https:\/\/animosa.es\/blog\/wp-content\/uploads\/2021\/09\/apoyo_camiseta-proteta_3-640x480.jpg\" alt=\"\" class=\"wp-image-1727\" srcset=\"https:\/\/animosa.es\/blog\/wp-content\/uploads\/2021\/09\/apoyo_camiseta-proteta_3-640x480.jpg 640w, https:\/\/animosa.es\/blog\/wp-content\/uploads\/2021\/09\/apoyo_camiseta-proteta_3-300x225.jpg 300w, https:\/\/animosa.es\/blog\/wp-content\/uploads\/2021\/09\/apoyo_camiseta-proteta_3-768x576.jpg 768w, https:\/\/animosa.es\/blog\/wp-content\/uploads\/2021\/09\/apoyo_camiseta-proteta_3-24x18.jpg 24w, https:\/\/animosa.es\/blog\/wp-content\/uploads\/2021\/09\/apoyo_camiseta-proteta_3-36x27.jpg 36w, https:\/\/animosa.es\/blog\/wp-content\/uploads\/2021\/09\/apoyo_camiseta-proteta_3-48x36.jpg 48w, https:\/\/animosa.es\/blog\/wp-content\/uploads\/2021\/09\/apoyo_camiseta-proteta_3.jpg 960w\" sizes=\"auto, (max-width: 640px) 100vw, 640px\" \/><\/figure>\n\n\n\n<h2 class=\"wp-block-heading\"><strong>Camiseta protesta en la actualidad<\/strong><\/h2>\n\n\n\n<p>Tenemos que volver a la actualidad para vivir un nuevo renacer de la camiseta serigrafiada de la mano del <strong>feminismo<\/strong>. El papel del <strong>8M <\/strong>y los movimientos como el <em><strong>metoo, <\/strong><\/em>han conseguido desterrar el miedo a definirse como feminista y mucho m\u00e1s a vestirse orgullosas de ello. Las camisetas protesta feministas se han colado en editoriales de moda y han subido a la pasarela para dejar claro que esto no es una moda pasajera, porque si va unida a un <a href=\"https:\/\/animosa.es\/nosotras\" target=\"_blank\" rel=\"noreferrer noopener\">compromiso<\/a>, es una forma de cambiar el mundo con peque\u00f1as acciones.<\/p>\n\n\n\n<figure class=\"wp-block-image size-large\"><img loading=\"lazy\" decoding=\"async\" width=\"640\" height=\"480\" src=\"https:\/\/animosa.es\/blog\/wp-content\/uploads\/2021\/09\/apoyo_camiseta-proteta_6-640x480.jpg\" alt=\"Camiseta protesta\" class=\"wp-image-1730\" srcset=\"https:\/\/animosa.es\/blog\/wp-content\/uploads\/2021\/09\/apoyo_camiseta-proteta_6-640x480.jpg 640w, https:\/\/animosa.es\/blog\/wp-content\/uploads\/2021\/09\/apoyo_camiseta-proteta_6-300x225.jpg 300w, https:\/\/animosa.es\/blog\/wp-content\/uploads\/2021\/09\/apoyo_camiseta-proteta_6-768x576.jpg 768w, https:\/\/animosa.es\/blog\/wp-content\/uploads\/2021\/09\/apoyo_camiseta-proteta_6-24x18.jpg 24w, https:\/\/animosa.es\/blog\/wp-content\/uploads\/2021\/09\/apoyo_camiseta-proteta_6-36x27.jpg 36w, https:\/\/animosa.es\/blog\/wp-content\/uploads\/2021\/09\/apoyo_camiseta-proteta_6-48x36.jpg 48w, https:\/\/animosa.es\/blog\/wp-content\/uploads\/2021\/09\/apoyo_camiseta-proteta_6.jpg 960w\" sizes=\"auto, (max-width: 640px) 100vw, 640px\" \/><figcaption>Si Dior se subi\u00f3 o no al carro del feminismo, lo debatimos otro d\u00eda.<\/figcaption><\/figure>\n\n\n\n<p>Hoy en d\u00eda es m\u00e1s que necesario luchar por nosotras y nuestras compa\u00f1eras. Por ello concebimos nuestra ropa c\u00f3mo una declaraci\u00f3n de intenciones, m\u00e1s que c\u00f3mo una prenda que nos cubre. Este ha sido siempre el esp\u00edritu de Animosa: <strong>empoderamiento<\/strong> femenino,  <strong>visibilidad<\/strong> y voz para las grandes mujeres de la historia que nos han cedido el relevo.<\/p>\n\n\n\n<figure class=\"wp-block-image size-large\"><img loading=\"lazy\" decoding=\"async\" width=\"640\" height=\"480\" src=\"https:\/\/animosa.es\/blog\/wp-content\/uploads\/2021\/09\/apoyo_camiseta-proteta_1-640x480.jpg\" alt=\"Camiseta protesta\" class=\"wp-image-1725\" srcset=\"https:\/\/animosa.es\/blog\/wp-content\/uploads\/2021\/09\/apoyo_camiseta-proteta_1-640x480.jpg 640w, https:\/\/animosa.es\/blog\/wp-content\/uploads\/2021\/09\/apoyo_camiseta-proteta_1-300x225.jpg 300w, https:\/\/animosa.es\/blog\/wp-content\/uploads\/2021\/09\/apoyo_camiseta-proteta_1-768x576.jpg 768w, https:\/\/animosa.es\/blog\/wp-content\/uploads\/2021\/09\/apoyo_camiseta-proteta_1-24x18.jpg 24w, https:\/\/animosa.es\/blog\/wp-content\/uploads\/2021\/09\/apoyo_camiseta-proteta_1-36x27.jpg 36w, https:\/\/animosa.es\/blog\/wp-content\/uploads\/2021\/09\/apoyo_camiseta-proteta_1-48x36.jpg 48w, https:\/\/animosa.es\/blog\/wp-content\/uploads\/2021\/09\/apoyo_camiseta-proteta_1.jpg 960w\" sizes=\"auto, (max-width: 640px) 100vw, 640px\" \/><\/figure>\n\n\n\n<p>Desde aqu\u00ed pensamos que a la <strong>camiseta protesta<\/strong> le quedan mil batallas m\u00e1s que luchar, como nos quedan a nosotras. Cu\u00e9ntanos, \u00bfCual es tu \u00e9poca preferida o con la que te sientes m\u00e1s identificada? \u00bfCu\u00e1ntas camisetas protesta hay en tu armario? \u00bfQu\u00e9 dice tu ropa de ti?<\/p>\n","protected":false},"excerpt":{"rendered":"<p>Este post est\u00e1 dedicado a nuestras inseparables compa\u00f1eras: las camisetas. En Animosa las adoramos, m\u00e1s a\u00fan cuando con su dise\u00f1o no dejan a nadie indiferente. Tachuelas, drapeados, camisetas con mensaje&#8230; las posibilidades son infinitas. Hoy os hablamos de la camiseta protesta. S\u00edmbolo de libertad para las hippies, de rebeld\u00eda para las punkies y de reivindicaci\u00f3n &hellip; <\/p>\n<p class=\"link-more\"><a href=\"https:\/\/animosa.es\/blog\/camiseta-protesta-historia\/\" class=\"more-link\">Continuar leyendo<span class=\"screen-reader-text\"> \u00abCamiseta Protesta: historia y evoluci\u00f3n de nuestra bandera\u00bb<\/span><\/a><\/p>\n","protected":false},"author":9,"featured_media":1723,"comment_status":"open","ping_status":"closed","sticky":false,"template":"","format":"standard","meta":{"_monsterinsights_skip_tracking":false,"_monsterinsights_sitenote_active":false,"_monsterinsights_sitenote_note":"","_monsterinsights_sitenote_category":0,"footnotes":""},"categories":[55,10],"tags":[5,148,149],"class_list":["post-1624","post","type-post","status-publish","format-standard","has-post-thumbnail","hentry","category-feminismo","category-poder-femenino","tag-feminismo","tag-hippies","tag-punkies"],"yoast_head":"<!-- This site is optimized with the Yoast SEO plugin v27.4 - https:\/\/yoast.com\/product\/yoast-seo-wordpress\/ -->\n<title>Camiseta Protesta: historia y evoluci\u00f3n de nuestra bandera - Animosa<\/title>\n<meta name=\"description\" content=\"La camiseta protesta es tendencia, pero no es nuevo. Conoce la historia de esta prenda y deja de pensar que la camiseta es solo un b\u00e1sico\" \/>\n<meta name=\"robots\" content=\"index, follow, max-snippet:-1, max-image-preview:large, max-video-preview:-1\" \/>\n<link rel=\"canonical\" href=\"https:\/\/animosa.es\/blog\/camiseta-protesta-historia\/\" \/>\n<meta property=\"og:locale\" content=\"es_ES\" \/>\n<meta property=\"og:type\" content=\"article\" \/>\n<meta property=\"og:title\" content=\"Camiseta Protesta: historia y evoluci\u00f3n de nuestra bandera - Animosa\" \/>\n<meta property=\"og:description\" content=\"La camiseta protesta es tendencia, pero no es nuevo. Conoce la historia de esta prenda y deja de pensar que la camiseta es solo un b\u00e1sico\" \/>\n<meta property=\"og:url\" content=\"https:\/\/animosa.es\/blog\/camiseta-protesta-historia\/\" \/>\n<meta property=\"og:site_name\" content=\"Animosa Blog\" \/>\n<meta property=\"article:publisher\" content=\"https:\/\/www.facebook.com\/animosaoficial\" \/>\n<meta property=\"article:published_time\" content=\"2021-11-02T15:00:00+00:00\" \/>\n<meta property=\"article:modified_time\" content=\"2022-04-20T15:09:06+00:00\" \/>\n<meta property=\"og:image\" content=\"https:\/\/animosa.es\/blog\/wp-content\/uploads\/2021\/08\/cabecera_camiseta_protesta.jpg\" \/>\n\t<meta property=\"og:image:width\" content=\"1920\" \/>\n\t<meta property=\"og:image:height\" content=\"1200\" \/>\n\t<meta property=\"og:image:type\" content=\"image\/jpeg\" \/>\n<meta name=\"author\" content=\"Carol\" \/>\n<meta name=\"twitter:card\" content=\"summary_large_image\" \/>\n<meta name=\"twitter:creator\" content=\"@animosaoficial\" \/>\n<meta name=\"twitter:site\" content=\"@animosaoficial\" \/>\n<meta name=\"twitter:label1\" content=\"Escrito por\" \/>\n\t<meta name=\"twitter:data1\" content=\"Carol\" \/>\n\t<meta name=\"twitter:label2\" content=\"Tiempo de lectura\" \/>\n\t<meta name=\"twitter:data2\" content=\"5 minutos\" \/>\n<script type=\"application\/ld+json\" class=\"yoast-schema-graph\">{\"@context\":\"https:\\\/\\\/schema.org\",\"@graph\":[{\"@type\":\"Article\",\"@id\":\"https:\\\/\\\/animosa.es\\\/blog\\\/camiseta-protesta-historia\\\/#article\",\"isPartOf\":{\"@id\":\"https:\\\/\\\/animosa.es\\\/blog\\\/camiseta-protesta-historia\\\/\"},\"author\":{\"name\":\"Carol\",\"@id\":\"https:\\\/\\\/animosa.es\\\/blog\\\/#\\\/schema\\\/person\\\/b5daea698c9840e34e3e71b0a9f29558\"},\"headline\":\"Camiseta Protesta: historia y evoluci\u00f3n de nuestra bandera\",\"datePublished\":\"2021-11-02T15:00:00+00:00\",\"dateModified\":\"2022-04-20T15:09:06+00:00\",\"mainEntityOfPage\":{\"@id\":\"https:\\\/\\\/animosa.es\\\/blog\\\/camiseta-protesta-historia\\\/\"},\"wordCount\":886,\"commentCount\":2,\"publisher\":{\"@id\":\"https:\\\/\\\/animosa.es\\\/blog\\\/#organization\"},\"image\":{\"@id\":\"https:\\\/\\\/animosa.es\\\/blog\\\/camiseta-protesta-historia\\\/#primaryimage\"},\"thumbnailUrl\":\"https:\\\/\\\/animosa.es\\\/blog\\\/wp-content\\\/uploads\\\/2021\\\/08\\\/cabecera_camiseta_protesta.jpg\",\"keywords\":[\"Feminismo\",\"hippies\",\"punkies\"],\"articleSection\":[\"Feminismo\",\"Poder femenino\"],\"inLanguage\":\"es\",\"potentialAction\":[{\"@type\":\"CommentAction\",\"name\":\"Comment\",\"target\":[\"https:\\\/\\\/animosa.es\\\/blog\\\/camiseta-protesta-historia\\\/#respond\"]}]},{\"@type\":\"WebPage\",\"@id\":\"https:\\\/\\\/animosa.es\\\/blog\\\/camiseta-protesta-historia\\\/\",\"url\":\"https:\\\/\\\/animosa.es\\\/blog\\\/camiseta-protesta-historia\\\/\",\"name\":\"Camiseta Protesta: historia y evoluci\u00f3n de nuestra bandera - Animosa\",\"isPartOf\":{\"@id\":\"https:\\\/\\\/animosa.es\\\/blog\\\/#website\"},\"primaryImageOfPage\":{\"@id\":\"https:\\\/\\\/animosa.es\\\/blog\\\/camiseta-protesta-historia\\\/#primaryimage\"},\"image\":{\"@id\":\"https:\\\/\\\/animosa.es\\\/blog\\\/camiseta-protesta-historia\\\/#primaryimage\"},\"thumbnailUrl\":\"https:\\\/\\\/animosa.es\\\/blog\\\/wp-content\\\/uploads\\\/2021\\\/08\\\/cabecera_camiseta_protesta.jpg\",\"datePublished\":\"2021-11-02T15:00:00+00:00\",\"dateModified\":\"2022-04-20T15:09:06+00:00\",\"description\":\"La camiseta protesta es tendencia, pero no es nuevo. Conoce la historia de esta prenda y deja de pensar que la camiseta es solo un b\u00e1sico\",\"breadcrumb\":{\"@id\":\"https:\\\/\\\/animosa.es\\\/blog\\\/camiseta-protesta-historia\\\/#breadcrumb\"},\"inLanguage\":\"es\",\"potentialAction\":[{\"@type\":\"ReadAction\",\"target\":[\"https:\\\/\\\/animosa.es\\\/blog\\\/camiseta-protesta-historia\\\/\"]}]},{\"@type\":\"ImageObject\",\"inLanguage\":\"es\",\"@id\":\"https:\\\/\\\/animosa.es\\\/blog\\\/camiseta-protesta-historia\\\/#primaryimage\",\"url\":\"https:\\\/\\\/animosa.es\\\/blog\\\/wp-content\\\/uploads\\\/2021\\\/08\\\/cabecera_camiseta_protesta.jpg\",\"contentUrl\":\"https:\\\/\\\/animosa.es\\\/blog\\\/wp-content\\\/uploads\\\/2021\\\/08\\\/cabecera_camiseta_protesta.jpg\",\"width\":1920,\"height\":1200},{\"@type\":\"BreadcrumbList\",\"@id\":\"https:\\\/\\\/animosa.es\\\/blog\\\/camiseta-protesta-historia\\\/#breadcrumb\",\"itemListElement\":[{\"@type\":\"ListItem\",\"position\":1,\"name\":\"Portada\",\"item\":\"https:\\\/\\\/animosa.es\\\/blog\\\/\"},{\"@type\":\"ListItem\",\"position\":2,\"name\":\"Camiseta Protesta: historia y evoluci\u00f3n de nuestra bandera\"}]},{\"@type\":\"WebSite\",\"@id\":\"https:\\\/\\\/animosa.es\\\/blog\\\/#website\",\"url\":\"https:\\\/\\\/animosa.es\\\/blog\\\/\",\"name\":\"Animosa Blog\",\"description\":\"Alma y Coraje: Mujeres importantes e inspiradoras\",\"publisher\":{\"@id\":\"https:\\\/\\\/animosa.es\\\/blog\\\/#organization\"},\"potentialAction\":[{\"@type\":\"SearchAction\",\"target\":{\"@type\":\"EntryPoint\",\"urlTemplate\":\"https:\\\/\\\/animosa.es\\\/blog\\\/?s={search_term_string}\"},\"query-input\":{\"@type\":\"PropertyValueSpecification\",\"valueRequired\":true,\"valueName\":\"search_term_string\"}}],\"inLanguage\":\"es\"},{\"@type\":\"Organization\",\"@id\":\"https:\\\/\\\/animosa.es\\\/blog\\\/#organization\",\"name\":\"Animosa\",\"url\":\"https:\\\/\\\/animosa.es\\\/blog\\\/\",\"logo\":{\"@type\":\"ImageObject\",\"inLanguage\":\"es\",\"@id\":\"https:\\\/\\\/animosa.es\\\/blog\\\/#\\\/schema\\\/logo\\\/image\\\/\",\"url\":\"https:\\\/\\\/animosa.es\\\/blog\\\/wp-content\\\/uploads\\\/2018\\\/11\\\/mi-tienda-logo-e1541405563290.png\",\"contentUrl\":\"https:\\\/\\\/animosa.es\\\/blog\\\/wp-content\\\/uploads\\\/2018\\\/11\\\/mi-tienda-logo-e1541405563290.png\",\"width\":170,\"height\":53,\"caption\":\"Animosa\"},\"image\":{\"@id\":\"https:\\\/\\\/animosa.es\\\/blog\\\/#\\\/schema\\\/logo\\\/image\\\/\"},\"sameAs\":[\"https:\\\/\\\/www.facebook.com\\\/animosaoficial\",\"https:\\\/\\\/x.com\\\/animosaoficial\",\"https:\\\/\\\/www.instagram.com\\\/animosaoficial\\\/\",\"https:\\\/\\\/www.pinterest.es\\\/animosaoficial\\\/\",\"https:\\\/\\\/www.youtube.com\\\/channel\\\/UCvpO4cBfsjLILe9zJnR_krw\"]},{\"@type\":\"Person\",\"@id\":\"https:\\\/\\\/animosa.es\\\/blog\\\/#\\\/schema\\\/person\\\/b5daea698c9840e34e3e71b0a9f29558\",\"name\":\"Carol\",\"url\":\"https:\\\/\\\/animosa.es\\\/blog\\\/author\\\/artistica\\\/\"}]}<\/script>\n<!-- \/ Yoast SEO plugin. -->","yoast_head_json":{"title":"Camiseta Protesta: historia y evoluci\u00f3n de nuestra bandera - Animosa","description":"La camiseta protesta es tendencia, pero no es nuevo. Conoce la historia de esta prenda y deja de pensar que la camiseta es solo un b\u00e1sico","robots":{"index":"index","follow":"follow","max-snippet":"max-snippet:-1","max-image-preview":"max-image-preview:large","max-video-preview":"max-video-preview:-1"},"canonical":"https:\/\/animosa.es\/blog\/camiseta-protesta-historia\/","og_locale":"es_ES","og_type":"article","og_title":"Camiseta Protesta: historia y evoluci\u00f3n de nuestra bandera - Animosa","og_description":"La camiseta protesta es tendencia, pero no es nuevo. Conoce la historia de esta prenda y deja de pensar que la camiseta es solo un b\u00e1sico","og_url":"https:\/\/animosa.es\/blog\/camiseta-protesta-historia\/","og_site_name":"Animosa Blog","article_publisher":"https:\/\/www.facebook.com\/animosaoficial","article_published_time":"2021-11-02T15:00:00+00:00","article_modified_time":"2022-04-20T15:09:06+00:00","og_image":[{"width":1920,"height":1200,"url":"https:\/\/animosa.es\/blog\/wp-content\/uploads\/2021\/08\/cabecera_camiseta_protesta.jpg","type":"image\/jpeg"}],"author":"Carol","twitter_card":"summary_large_image","twitter_creator":"@animosaoficial","twitter_site":"@animosaoficial","twitter_misc":{"Escrito por":"Carol","Tiempo de lectura":"5 minutos"},"schema":{"@context":"https:\/\/schema.org","@graph":[{"@type":"Article","@id":"https:\/\/animosa.es\/blog\/camiseta-protesta-historia\/#article","isPartOf":{"@id":"https:\/\/animosa.es\/blog\/camiseta-protesta-historia\/"},"author":{"name":"Carol","@id":"https:\/\/animosa.es\/blog\/#\/schema\/person\/b5daea698c9840e34e3e71b0a9f29558"},"headline":"Camiseta Protesta: historia y evoluci\u00f3n de nuestra bandera","datePublished":"2021-11-02T15:00:00+00:00","dateModified":"2022-04-20T15:09:06+00:00","mainEntityOfPage":{"@id":"https:\/\/animosa.es\/blog\/camiseta-protesta-historia\/"},"wordCount":886,"commentCount":2,"publisher":{"@id":"https:\/\/animosa.es\/blog\/#organization"},"image":{"@id":"https:\/\/animosa.es\/blog\/camiseta-protesta-historia\/#primaryimage"},"thumbnailUrl":"https:\/\/animosa.es\/blog\/wp-content\/uploads\/2021\/08\/cabecera_camiseta_protesta.jpg","keywords":["Feminismo","hippies","punkies"],"articleSection":["Feminismo","Poder femenino"],"inLanguage":"es","potentialAction":[{"@type":"CommentAction","name":"Comment","target":["https:\/\/animosa.es\/blog\/camiseta-protesta-historia\/#respond"]}]},{"@type":"WebPage","@id":"https:\/\/animosa.es\/blog\/camiseta-protesta-historia\/","url":"https:\/\/animosa.es\/blog\/camiseta-protesta-historia\/","name":"Camiseta Protesta: historia y evoluci\u00f3n de nuestra bandera - Animosa","isPartOf":{"@id":"https:\/\/animosa.es\/blog\/#website"},"primaryImageOfPage":{"@id":"https:\/\/animosa.es\/blog\/camiseta-protesta-historia\/#primaryimage"},"image":{"@id":"https:\/\/animosa.es\/blog\/camiseta-protesta-historia\/#primaryimage"},"thumbnailUrl":"https:\/\/animosa.es\/blog\/wp-content\/uploads\/2021\/08\/cabecera_camiseta_protesta.jpg","datePublished":"2021-11-02T15:00:00+00:00","dateModified":"2022-04-20T15:09:06+00:00","description":"La camiseta protesta es tendencia, pero no es nuevo. Conoce la historia de esta prenda y deja de pensar que la camiseta es solo un b\u00e1sico","breadcrumb":{"@id":"https:\/\/animosa.es\/blog\/camiseta-protesta-historia\/#breadcrumb"},"inLanguage":"es","potentialAction":[{"@type":"ReadAction","target":["https:\/\/animosa.es\/blog\/camiseta-protesta-historia\/"]}]},{"@type":"ImageObject","inLanguage":"es","@id":"https:\/\/animosa.es\/blog\/camiseta-protesta-historia\/#primaryimage","url":"https:\/\/animosa.es\/blog\/wp-content\/uploads\/2021\/08\/cabecera_camiseta_protesta.jpg","contentUrl":"https:\/\/animosa.es\/blog\/wp-content\/uploads\/2021\/08\/cabecera_camiseta_protesta.jpg","width":1920,"height":1200},{"@type":"BreadcrumbList","@id":"https:\/\/animosa.es\/blog\/camiseta-protesta-historia\/#breadcrumb","itemListElement":[{"@type":"ListItem","position":1,"name":"Portada","item":"https:\/\/animosa.es\/blog\/"},{"@type":"ListItem","position":2,"name":"Camiseta Protesta: historia y evoluci\u00f3n de nuestra bandera"}]},{"@type":"WebSite","@id":"https:\/\/animosa.es\/blog\/#website","url":"https:\/\/animosa.es\/blog\/","name":"Animosa Blog","description":"Alma y Coraje: Mujeres importantes e inspiradoras","publisher":{"@id":"https:\/\/animosa.es\/blog\/#organization"},"potentialAction":[{"@type":"SearchAction","target":{"@type":"EntryPoint","urlTemplate":"https:\/\/animosa.es\/blog\/?s={search_term_string}"},"query-input":{"@type":"PropertyValueSpecification","valueRequired":true,"valueName":"search_term_string"}}],"inLanguage":"es"},{"@type":"Organization","@id":"https:\/\/animosa.es\/blog\/#organization","name":"Animosa","url":"https:\/\/animosa.es\/blog\/","logo":{"@type":"ImageObject","inLanguage":"es","@id":"https:\/\/animosa.es\/blog\/#\/schema\/logo\/image\/","url":"https:\/\/animosa.es\/blog\/wp-content\/uploads\/2018\/11\/mi-tienda-logo-e1541405563290.png","contentUrl":"https:\/\/animosa.es\/blog\/wp-content\/uploads\/2018\/11\/mi-tienda-logo-e1541405563290.png","width":170,"height":53,"caption":"Animosa"},"image":{"@id":"https:\/\/animosa.es\/blog\/#\/schema\/logo\/image\/"},"sameAs":["https:\/\/www.facebook.com\/animosaoficial","https:\/\/x.com\/animosaoficial","https:\/\/www.instagram.com\/animosaoficial\/","https:\/\/www.pinterest.es\/animosaoficial\/","https:\/\/www.youtube.com\/channel\/UCvpO4cBfsjLILe9zJnR_krw"]},{"@type":"Person","@id":"https:\/\/animosa.es\/blog\/#\/schema\/person\/b5daea698c9840e34e3e71b0a9f29558","name":"Carol","url":"https:\/\/animosa.es\/blog\/author\/artistica\/"}]}},"_links":{"self":[{"href":"https:\/\/animosa.es\/blog\/wp-json\/wp\/v2\/posts\/1624","targetHints":{"allow":["GET"]}}],"collection":[{"href":"https:\/\/animosa.es\/blog\/wp-json\/wp\/v2\/posts"}],"about":[{"href":"https:\/\/animosa.es\/blog\/wp-json\/wp\/v2\/types\/post"}],"author":[{"embeddable":true,"href":"https:\/\/animosa.es\/blog\/wp-json\/wp\/v2\/users\/9"}],"replies":[{"embeddable":true,"href":"https:\/\/animosa.es\/blog\/wp-json\/wp\/v2\/comments?post=1624"}],"version-history":[{"count":16,"href":"https:\/\/animosa.es\/blog\/wp-json\/wp\/v2\/posts\/1624\/revisions"}],"predecessor-version":[{"id":1811,"href":"https:\/\/animosa.es\/blog\/wp-json\/wp\/v2\/posts\/1624\/revisions\/1811"}],"wp:featuredmedia":[{"embeddable":true,"href":"https:\/\/animosa.es\/blog\/wp-json\/wp\/v2\/media\/1723"}],"wp:attachment":[{"href":"https:\/\/animosa.es\/blog\/wp-json\/wp\/v2\/media?parent=1624"}],"wp:term":[{"taxonomy":"category","embeddable":true,"href":"https:\/\/animosa.es\/blog\/wp-json\/wp\/v2\/categories?post=1624"},{"taxonomy":"post_tag","embeddable":true,"href":"https:\/\/animosa.es\/blog\/wp-json\/wp\/v2\/tags?post=1624"}],"curies":[{"name":"wp","href":"https:\/\/api.w.org\/{rel}","templated":true}]}}