{"id":178,"date":"2019-03-18T16:02:09","date_gmt":"2019-03-18T15:02:09","guid":{"rendered":"https:\/\/animosa.es\/blog\/?p=178"},"modified":"2022-04-20T17:09:09","modified_gmt":"2022-04-20T15:09:09","slug":"dia-del-padre-2019-paternidad-feminista-ritxar-bacete","status":"publish","type":"post","link":"https:\/\/animosa.es\/blog\/dia-del-padre-2019-paternidad-feminista-ritxar-bacete\/","title":{"rendered":"D\u00eda del Padre 2019: \u00bfEs posible una paternidad feminista? Hablamos sobre ella con Ritxar Bacete"},"content":{"rendered":"\n<p>Ma\u00f1ana es el <strong>D\u00eda del Padre<\/strong>. Una fecha tradicionalmente asociada con regalar calcetines y pijamas que creemos que puede convertirse en mucho m\u00e1s. En una ocasi\u00f3n excepcional para reflexionar sobre <strong>un nuevo modelo de paternidad que eduque en igualdad<\/strong>. Porque eso ser\u00e1 lo mejor para los hijos&#8230; y tambi\u00e9n para los padres que acepten el reto. Hemos hablado sobre ella en esta entrevista con <strong>Ritxar Bacete<\/strong> (Vitoria-Gasteiz, 1973), especialista en g\u00e9nero, escritor y <strong>\u00abpadre en transformaci\u00f3n\u00bb<\/strong>, como \u00e9l mismo se define. Acaba de publicar su segundo libro, <em><a rel=\"noreferrer noopener\" aria-label=\"El poder de los chicos (abre en una nueva pesta\u00f1a)\" href=\"https:\/\/www.amazon.es\/poder-los-chicos-respuestas-conocimiento\/dp\/8408204289\/\" target=\"_blank\">El poder de los chicos<\/a><\/em>, dirigido a los ni\u00f1os que ser\u00e1n los hombres de ma\u00f1ana, para ense\u00f1ar una nueva forma de masculinidad en positivo.<\/p>\n\n\n\n<!--more-->\n\n\n\n<figure class=\"wp-block-image\"><img loading=\"lazy\" decoding=\"async\" width=\"960\" height=\"960\" src=\"https:\/\/animosa.es\/blog\/wp-content\/uploads\/2019\/03\/ritxar-bacete.jpg\" alt=\"Ritxar Bacete\" class=\"wp-image-190\" srcset=\"https:\/\/animosa.es\/blog\/wp-content\/uploads\/2019\/03\/ritxar-bacete.jpg 960w, https:\/\/animosa.es\/blog\/wp-content\/uploads\/2019\/03\/ritxar-bacete-150x150.jpg 150w, https:\/\/animosa.es\/blog\/wp-content\/uploads\/2019\/03\/ritxar-bacete-300x300.jpg 300w, https:\/\/animosa.es\/blog\/wp-content\/uploads\/2019\/03\/ritxar-bacete-768x768.jpg 768w, https:\/\/animosa.es\/blog\/wp-content\/uploads\/2019\/03\/ritxar-bacete-640x640.jpg 640w, https:\/\/animosa.es\/blog\/wp-content\/uploads\/2019\/03\/ritxar-bacete-100x100.jpg 100w, https:\/\/animosa.es\/blog\/wp-content\/uploads\/2019\/03\/ritxar-bacete-24x24.jpg 24w, https:\/\/animosa.es\/blog\/wp-content\/uploads\/2019\/03\/ritxar-bacete-36x36.jpg 36w, https:\/\/animosa.es\/blog\/wp-content\/uploads\/2019\/03\/ritxar-bacete-48x48.jpg 48w\" sizes=\"auto, (max-width: 767px) 89vw, (max-width: 1000px) 54vw, (max-width: 1071px) 543px, 580px\" \/><\/figure>\n\n\n\n<h2 class=\"wp-block-heading\"><strong>Un libro para empoderar a los ni\u00f1os<\/strong><\/h2>\n\n\n\n<p><strong>Acabas de lanzar tu nuevo libro, <\/strong><em><strong>El poder de los chicos<\/strong><\/em><strong>, dirigido a los ni\u00f1os de hoy. \u00bfCu\u00e1l dir\u00edas que es su p\u00fablico objetivo y cu\u00e1l es el mensaje principal que quieres transmitirles con \u00e9l? <\/strong><\/p>\n\n\n\n<p>El feminismo ha cambiado el mundo en el que vivimos, pero <strong>no habr\u00e1 un cambio real hasta que los hombres y los ni\u00f1os no seamos parte de \u00e9l<\/strong>. Ha llegado el momento de acompa\u00f1arles y de darles herramientas a los ni\u00f1os para que ellos tambi\u00e9n logren ser lo que ellos quieran ser. Este libro lleva a los chicos a un nuevo modelo de masculinidad: pac\u00edfica, cuidadora y creativa. \u00bfC\u00f3mo se logra eso? Empezando por los ni\u00f1os. <em>El poder de los chicos<\/em> es un libro que pretende entrenar y <strong>facilitar que los ni\u00f1os encuentren su lugar en el mundo<\/strong> m\u00e1s igualitario que estamos construyendo y que las personas adultas de referencia sepamos acompa\u00f1arles. <\/p>\n\n\n\n<blockquote class=\"wp-block-quote is-layout-flow wp-block-quote-is-layout-flow\"><p><strong> \u00abHoy en d\u00eda podemos encontrar decenas de magn\u00edficos libros dirigidos a las ni\u00f1as y su empoderamiento, pero no hay pr\u00e1cticamente ninguno que est\u00e9 pensado y sirva espec\u00edficamente para los ni\u00f1os\u00bb. <\/strong><\/p><\/blockquote>\n\n\n\n<p><em>El poder de los chicos<\/em> est\u00e1 repleto de <strong>retos, biograf\u00edas, preguntas y respuestas<\/strong> enfocadas a que los chicos, experimentando en su vida cotidiana, desarrollen competencias y capacidades que les ser\u00e1n muy \u00fatiles para su vida y reforzar\u00e1n su identidad. <\/p>\n\n\n\n<p>Es un libro que <strong>va dirigido, por tanto, a los chicos, ni\u00f1os, varones de entre 7 y 12 a\u00f1os<\/strong>, aunque ni\u00f1os m\u00e1s peque\u00f1os lo pueden disfrutar tambi\u00e9n acompa\u00f1ados, aunque la idea es que el libro funcione de forma aut\u00f3noma, ya que est\u00e1 concebido tambi\u00e9n como un diario personal, con actividades y retos para trabajar la inteligencia emocional, historias\u2026, por lo que <strong>para lograr un resultado \u00f3ptimo, el ni\u00f1o tendr\u00eda que tener independencia lectora<\/strong>.<\/p>\n\n\n\n<figure class=\"wp-block-image\"><img loading=\"lazy\" decoding=\"async\" width=\"960\" height=\"1315\" src=\"https:\/\/animosa.es\/blog\/wp-content\/uploads\/2019\/03\/el-poder-de-los-chicos.jpg\" alt=\"Libro El poder de los chicos de Ritxar Bacete\" class=\"wp-image-183\" srcset=\"https:\/\/animosa.es\/blog\/wp-content\/uploads\/2019\/03\/el-poder-de-los-chicos.jpg 960w, https:\/\/animosa.es\/blog\/wp-content\/uploads\/2019\/03\/el-poder-de-los-chicos-219x300.jpg 219w, https:\/\/animosa.es\/blog\/wp-content\/uploads\/2019\/03\/el-poder-de-los-chicos-768x1052.jpg 768w, https:\/\/animosa.es\/blog\/wp-content\/uploads\/2019\/03\/el-poder-de-los-chicos-467x640.jpg 467w, https:\/\/animosa.es\/blog\/wp-content\/uploads\/2019\/03\/el-poder-de-los-chicos-18x24.jpg 18w, https:\/\/animosa.es\/blog\/wp-content\/uploads\/2019\/03\/el-poder-de-los-chicos-26x36.jpg 26w, https:\/\/animosa.es\/blog\/wp-content\/uploads\/2019\/03\/el-poder-de-los-chicos-35x48.jpg 35w\" sizes=\"auto, (max-width: 767px) 89vw, (max-width: 1000px) 54vw, (max-width: 1071px) 543px, 580px\" \/><\/figure>\n\n\n\n<p><em>El poder de los chicos<\/em> ha sido creado para llenar el vac\u00edo que nos encontramos hoy en d\u00eda en las librer\u00edas, de libros dirigidos espec\u00edficamente a acompa\u00f1ar a los chicos en su proceso de crecimiento personal, teniendo en cuenta <strong>el impacto que el sexismo y los roles de g\u00e9nero estereotipados y limitantes<\/strong> tienen tambi\u00e9n en los ni\u00f1os.<\/p>\n\n\n\n<h2 class=\"wp-block-heading\"><strong>Lo privado y lo p\u00fablico<\/strong><\/h2>\n\n\n\n<p><strong>T\u00fa eres padre de familia numerosa, tienes un ni\u00f1o y dos ni\u00f1as. \u00bfC\u00f3mo afrontas en el d\u00eda a d\u00eda, en lo privado, la educaci\u00f3n en igualdad?<\/strong><\/p>\n\n\n\n<p>Esta es una gran pregunta. Considero que <strong>lo privado es parte fundamental de lo p\u00fablico<\/strong>, porque lo que hacemos en este \u00e1mbito afecta e impacta en lo colectivo, pero lo que hacemos en lo colectivo afecta tambi\u00e9n a lo privado. Para poder desarrollar una forma de crianza pac\u00edfica, cuidadora e igualitaria, que sea capaz de generar v\u00ednculos y un apego seguro con nuestras hijas e hijos, <strong>nuestra forma de estar en el \u00e1mbito p\u00fablico, pero sobre todo en el espacio laboral, tiene que verse afectada s\u00ed o s\u00ed<\/strong>. Si teniendo tres criaturas seguimos trabajando fuera de casa las mismas horas o del mismo modo, dif\u00edcilmente podremos estar presentes de forma profunda e intensa en la crianza. Esa es la prueba del algod\u00f3n. <\/p>\n\n\n\n<blockquote class=\"wp-block-quote is-layout-flow wp-block-quote-is-layout-flow\"><p><strong>\u00abLo privado y lo p\u00fablico son vasos comunicantes que est\u00e1n interconectados y en realidad no se pueden separar\u00bb.  <\/strong><\/p><\/blockquote>\n\n\n\n<p>Parad\u00f3jicamente, en muchas ocasiones, cuando los hombres somos padres, aumentamos las horas que dedicamos al trabajo productivo, que, siendo importante, <strong>nos aleja de lo fundamental en la \u00e9poca de crianza intensiva<\/strong>, que es estar al lado de nuestras hijas e hijos, sosteniendo el sistema de cuidados, asumiendo junto a nuestra pareja el 100% de la responsabilidad y el 50% de la ejecuci\u00f3n de los trabajos de sostenimiento de la vida. Es decir, sin presencia, sin tiempo que dedicar, no se puede generar un v\u00ednculo basado en la equidad, y no es posible la igualdad real. Es por ello que aunque no sea f\u00e1cil y encontremos muchas dificultades en el \u00e1mbito laboral, <strong>es necesario que, especialmente los hombres, transformemos nuestra relaci\u00f3n con el \u00e1mbito laboral<\/strong>. Y esa es la verdadera prueba del algod\u00f3n.<\/p>\n\n\n\n<figure class=\"wp-block-image\"><img loading=\"lazy\" decoding=\"async\" width=\"960\" height=\"640\" src=\"https:\/\/animosa.es\/blog\/wp-content\/uploads\/2019\/03\/paternidad-feminista1.jpg\" alt=\"Una nueva forma de paternidad\" class=\"wp-image-184\" srcset=\"https:\/\/animosa.es\/blog\/wp-content\/uploads\/2019\/03\/paternidad-feminista1.jpg 960w, https:\/\/animosa.es\/blog\/wp-content\/uploads\/2019\/03\/paternidad-feminista1-300x200.jpg 300w, https:\/\/animosa.es\/blog\/wp-content\/uploads\/2019\/03\/paternidad-feminista1-768x512.jpg 768w, https:\/\/animosa.es\/blog\/wp-content\/uploads\/2019\/03\/paternidad-feminista1-640x427.jpg 640w, https:\/\/animosa.es\/blog\/wp-content\/uploads\/2019\/03\/paternidad-feminista1-24x16.jpg 24w, https:\/\/animosa.es\/blog\/wp-content\/uploads\/2019\/03\/paternidad-feminista1-36x24.jpg 36w, https:\/\/animosa.es\/blog\/wp-content\/uploads\/2019\/03\/paternidad-feminista1-48x32.jpg 48w\" sizes=\"auto, (max-width: 767px) 89vw, (max-width: 1000px) 54vw, (max-width: 1071px) 543px, 580px\" \/><\/figure>\n\n\n\n<p>Otro aspecto fundamental es <strong>la negociaci\u00f3n con la pareja en clave de igualdad<\/strong>. As\u00ed como en otros \u00e1mbitos de la vida negociamos, pactamos y cumplimos, en el \u00e1mbito familiar y de la pareja, solemos dar por hechas demasiadas cosas, entre ellas el reparto de las tareas y la asunci\u00f3n de responsabilidades, que muchas veces son desiguales y terminan penalizando a las mujeres. Por ello, es fundamental que tomemos conciencia de nuestro nivel de implicaci\u00f3n, y que estemos dispuestos a <strong>negociar&nbsp; y pactar con nuestra pareja la organizaci\u00f3n del sostenimiento del cuidado<\/strong> en el entorno familiar.<\/p>\n\n\n\n<h2 class=\"wp-block-heading\"><strong>Igualdad en el trabajo de cuidados<\/strong><\/h2>\n\n\n\n<p><strong>Yo he trabajado en educaci\u00f3n muchos a\u00f1os y siempre cuento la misma an\u00e9cdota: de m\u00e1s de trescientos alumnos que pasaron por mi aula, solo conoc\u00ed a dos o tres padres; sin embargo, con las madres hablaba a diario. \u00bfCrees que hemos avanzado en igualdad m\u00e1s en lo p\u00fablico que en lo privado? \u00bfQue el cuidado y la educaci\u00f3n de los hijos sigue siendo una tarea que recae principalmente en las madres?<\/strong><\/p>\n\n\n\n<p>Es m\u00e1s que evidente que se sigue organizando la vida de tal modo que la responsabilidad principal de los cuidados sigue recayendo principalmente en las mujeres. <strong>Los estereotipos y las expectativas tampoco ayudan<\/strong> demasiado, al seguir reforzando de forma sistem\u00e1tica roles sexistas en los que se subraya constantemente papeles diferenciados de hombres y mujeres en relaci\u00f3n a los cuidados. <\/p>\n\n\n\n<figure class=\"wp-block-image\"><img loading=\"lazy\" decoding=\"async\" width=\"960\" height=\"600\" src=\"https:\/\/animosa.es\/blog\/wp-content\/uploads\/2019\/03\/taza-imperfecta.jpg\" alt=\"Nac\u00ed para ser real, no perfecta (taza)\" class=\"wp-image-199\" srcset=\"https:\/\/animosa.es\/blog\/wp-content\/uploads\/2019\/03\/taza-imperfecta.jpg 960w, https:\/\/animosa.es\/blog\/wp-content\/uploads\/2019\/03\/taza-imperfecta-300x188.jpg 300w, https:\/\/animosa.es\/blog\/wp-content\/uploads\/2019\/03\/taza-imperfecta-768x480.jpg 768w, https:\/\/animosa.es\/blog\/wp-content\/uploads\/2019\/03\/taza-imperfecta-640x400.jpg 640w, https:\/\/animosa.es\/blog\/wp-content\/uploads\/2019\/03\/taza-imperfecta-24x15.jpg 24w, https:\/\/animosa.es\/blog\/wp-content\/uploads\/2019\/03\/taza-imperfecta-36x23.jpg 36w, https:\/\/animosa.es\/blog\/wp-content\/uploads\/2019\/03\/taza-imperfecta-48x30.jpg 48w\" sizes=\"auto, (max-width: 767px) 89vw, (max-width: 1000px) 54vw, (max-width: 1071px) 543px, 580px\" \/><\/figure>\n\n\n\n<p>A pesar de que seg\u00fan las encuestas <strong>el 96% de los hombres afirmamos estar a favor de la igualdad real<\/strong> (que vendr\u00eda a suponer necesariamente una implicaci\u00f3n equitativa en los cuidados), <strong>no llega al 6% el n\u00famero de hombres que reducimos nuestra jornada laboral<\/strong> o hacemos uso de las excedencias para cuidar a nuestras hijas e hijos o las personas mayores dependientes\u2026 Pero la buena noticia es que las cifras tambi\u00e9n indican que el crecimiento de la implicaci\u00f3n de los hombres en los cuidados es ascendente, tambi\u00e9n en la participaci\u00f3n en la realizaci\u00f3n de las tareas dom\u00e9sticas, donde cada vez nos implicamos m\u00e1s, aunque todav\u00eda no lo lleguemos a hacer de forma igualitaria.<\/p>\n\n\n\n<blockquote class=\"wp-block-quote is-layout-flow wp-block-quote-is-layout-flow\"><p><strong>\u00abEl empoderamiento de las mujeres no tiene marcha atr\u00e1s, y eso implica necesariamente un cambio en la implicaci\u00f3n de los hombres en los cuidados. S\u00ed o s\u00ed\u00bb. <\/strong><\/p><\/blockquote>\n\n\n\n<p>Pero a pesar de que la implicaci\u00f3n de las mujeres y los hombres sigue siendo desigual, tambi\u00e9n podemos afirmar que<strong> hay cada vez m\u00e1s hombres presentes en las entradas y salidas de los colegios<\/strong>, las consultas de pediatr\u00eda, las reuniones escolares\u2026Y esto es tan esperanzador como bello e imparable. <\/p>\n\n\n\n<h2 class=\"wp-block-heading\"><strong>Hombres interpelados por el feminismo<\/strong><\/h2>\n\n\n\n<p><strong>Vivimos unos tiempos en que el feminismo est\u00e1 en boca de todos, lo cual a nosotras nos parece una buena noticia, pero sigue habiendo muchos hombres que se sienten atacados ante la posibilidad de nuevos escenarios de igualdad. \u00bfQu\u00e9 les dir\u00edas para convencerlos de que el feminismo, de que la igualdad, es una buena noticia para ellos tambi\u00e9n, que tambi\u00e9n los liberar\u00e1?<\/strong><\/p>\n\n\n\n<p>No hay duda en que algo importante y fundamental ha cambiado y que <strong>podemos afirmar que vivimos en un nueva tiempo, en la era del feminismo<\/strong>. Vivimos en un tiempo de efervescencia y eclosi\u00f3n del feminismo, que est\u00e1 omnipresente en la agenda pol\u00edtica y en los medios de comunicaci\u00f3n, pero que ha llegado tambi\u00e9n para quedarse a las relaciones familiares y de pareja. Podemos decir que todos los hombres nos sentimos interpelados por el feminismo de uno u otro modo. El proceso de empoderamiento tan exitoso como maravilloso que hab\u00e9is protagonizado las mujeres ha puesto en crisis a la otra mitad de la sociedad ya que ha venido a cuestionar la definici\u00f3n de la propia masculinidad y a que <strong>nos tengamos que hacer nuevas preguntas<\/strong>: \u00bfqu\u00e9 significa ser hombre hoy en d\u00eda?, \u00bfsoy un hombre justo?, \u00bfc\u00f3mo me relaciono con las mujeres que hay en mi vida?, \u00bfy con los hombres?, \u00bfsoy un buen padre?, \u00bfsoy libre de ser lo que yo deseo ser?.<\/p>\n\n\n\n<blockquote class=\"wp-block-quote is-layout-flow wp-block-quote-is-layout-flow\"><p><strong>\u00abEl feminismo nos est\u00e1 ofreciendo y demandando que nos liberemos y transformemos nosotros tambi\u00e9n\u00bb. <\/strong><\/p><\/blockquote>\n\n\n\n<figure class=\"wp-block-image\"><img loading=\"lazy\" decoding=\"async\" width=\"960\" height=\"640\" src=\"https:\/\/animosa.es\/blog\/wp-content\/uploads\/2019\/03\/paternidad-feminista3.jpeg\" alt=\"El feminismo liberar\u00e1 a los hombres\" class=\"wp-image-187\" srcset=\"https:\/\/animosa.es\/blog\/wp-content\/uploads\/2019\/03\/paternidad-feminista3.jpeg 960w, https:\/\/animosa.es\/blog\/wp-content\/uploads\/2019\/03\/paternidad-feminista3-300x200.jpeg 300w, https:\/\/animosa.es\/blog\/wp-content\/uploads\/2019\/03\/paternidad-feminista3-768x512.jpeg 768w, https:\/\/animosa.es\/blog\/wp-content\/uploads\/2019\/03\/paternidad-feminista3-640x427.jpeg 640w, https:\/\/animosa.es\/blog\/wp-content\/uploads\/2019\/03\/paternidad-feminista3-24x16.jpeg 24w, https:\/\/animosa.es\/blog\/wp-content\/uploads\/2019\/03\/paternidad-feminista3-36x24.jpeg 36w, https:\/\/animosa.es\/blog\/wp-content\/uploads\/2019\/03\/paternidad-feminista3-48x32.jpeg 48w\" sizes=\"auto, (max-width: 767px) 89vw, (max-width: 1000px) 54vw, (max-width: 1071px) 543px, 580px\" \/><\/figure>\n\n\n\n<p>El feminismo y la igualdad son una magn\u00edfica noticia tambi\u00e9n para los hombres, un regalo de humanidad que ha venido a liberarnos tambi\u00e9n a nosotros. Como bien se\u00f1alaba <strong>Simone de Beauvoir, \u00abuna mujer no nace, sino se hace\u00bb<\/strong>, y la buena noticia es que los con los hombres ocurre exactamente lo mismo: no nacemos desapegados de los cuidados, no nacemos violentos, no emocionalmente limitados, sino que somos construidos de esa forma en base a los valores dominantes de la masculinidad en la sociedad. Por tanto,<strong> para liberarnos y poder abrazar una humanidad plena<\/strong>, deber\u00edamos transitar por la parte expresiva, tierna y cuidadora de la vida, e incorporarla a nuestra identidad colectiva, a lo que significa ser hombre.<\/p>\n\n\n\n<h2 class=\"wp-block-heading\"><strong>Hombres en transformaci\u00f3n<\/strong><\/h2>\n\n\n\n<p><strong>En tus redes sociales, en otras entrevistas y en tu primer libro, <\/strong><em><strong>Nuevos hombres buenos<\/strong><\/em><strong>, te hemos le\u00eddo considerarte un hombre en transformaci\u00f3n. \u00bfCu\u00e1les son los mayores retos a los que te has enfrentado en esa revisi\u00f3n hacia una nueva forma de masculinidad?<\/strong><\/p>\n\n\n\n<p><strong>El principal reto es reconocer la necesidad del cambio<\/strong> y el primer paso la toma de conciencia de las limitaciones que el sexismo tambi\u00e9n nos ha impuesto a los hombres, al configurar nuestras identidades, roles y expectativas, de forma limitante; volcados en lo exterior y con pocas competencias para la conexi\u00f3n con nuestros cuerpos, con la parte expresiva de la vida, las emociones, la ternura, la compasi\u00f3n, la vulnerabilidad, los cuidados\u2026<\/p>\n\n\n\n<figure class=\"wp-block-image\"><img loading=\"lazy\" decoding=\"async\" width=\"960\" height=\"1440\" src=\"https:\/\/animosa.es\/blog\/wp-content\/uploads\/2019\/03\/paternidad-feminista4.jpeg\" alt=\"Hombres y padres en transformaci\u00f3n\" class=\"wp-image-188\" srcset=\"https:\/\/animosa.es\/blog\/wp-content\/uploads\/2019\/03\/paternidad-feminista4.jpeg 960w, https:\/\/animosa.es\/blog\/wp-content\/uploads\/2019\/03\/paternidad-feminista4-200x300.jpeg 200w, https:\/\/animosa.es\/blog\/wp-content\/uploads\/2019\/03\/paternidad-feminista4-768x1152.jpeg 768w, https:\/\/animosa.es\/blog\/wp-content\/uploads\/2019\/03\/paternidad-feminista4-427x640.jpeg 427w, https:\/\/animosa.es\/blog\/wp-content\/uploads\/2019\/03\/paternidad-feminista4-16x24.jpeg 16w, https:\/\/animosa.es\/blog\/wp-content\/uploads\/2019\/03\/paternidad-feminista4-24x36.jpeg 24w, https:\/\/animosa.es\/blog\/wp-content\/uploads\/2019\/03\/paternidad-feminista4-32x48.jpeg 32w\" sizes=\"auto, (max-width: 767px) 89vw, (max-width: 1000px) 54vw, (max-width: 1071px) 543px, 580px\" \/><\/figure>\n\n\n\n<p>Y <strong>el segundo paso ser\u00eda formarnos, leer, conversar<\/strong> sobre lo que nos ocurre, tanto con otros hombres como tambi\u00e9n con las mujeres. Y el tercero ser\u00eda empezar a introducir cambios en nuestra propia vida, a actuar de forma diferente, a actuar, a ser nosotros mismos el cambio que queremos ver en el mundo\u2026Y este proceso no acaba nunca, por lo que siempre estar\u00edamos en transformaci\u00f3n hacia ese modelo de masculinidad m\u00e1s libre, pac\u00edfico y cuidador.<\/p>\n\n\n\n<h2 class=\"wp-block-heading\"><strong>Ni\u00f1os empoderados, ni\u00f1os m\u00e1s felices<\/strong><\/h2>\n\n\n\n<p><strong>\u00bfNo crees que una nueva educaci\u00f3n, centrada en la igualdad, puede empoderar casi tanto a los ni\u00f1os como a las ni\u00f1as? Es decir, ya todos luchamos para que una ni\u00f1a pueda jugar al f\u00fatbol y nadie lo vea extra\u00f1o, pero no s\u00e9 si existe esa misma lucha para que un ni\u00f1o pueda elegir como actividad extraescolar gimnasia r\u00edtmica o ballet y que nadie arquee las cejas al escucharlo o, directamente, se le cuelguen etiquetas a ese ni\u00f1o.<\/strong><\/p>\n\n\n\n<p>Una de mis grandes preocupaciones pasa por la sensaci\u00f3n de que en cierta medida <strong>hemos abandonado a los ni\u00f1os<\/strong>. Las chicas est\u00e1n empoder\u00e1ndose de una forma tan esperanzadora como exitosa y podemos ver a muchas de ellas, como a mi propia hija, jugando a f\u00fatbol en un equipo mixto y sinti\u00e9ndose orgullosa, poderosa y consciente de estar ocupando un espacio nuevo en condiciones de igualdad con los chicos (aunque a\u00fan quede mucho camino por recorrer). Pero <strong>ese proceso de transformaci\u00f3n y empoderamiento no ha ido en paralelo con los chicos<\/strong>. <\/p>\n\n\n\n<figure class=\"wp-block-image\"><img loading=\"lazy\" decoding=\"async\" width=\"960\" height=\"641\" src=\"https:\/\/animosa.es\/blog\/wp-content\/uploads\/2019\/03\/ni\u00f1os-empoderados.jpg\" alt=\"Empoderamiento de los ni\u00f1os y las ni\u00f1as por igual\" class=\"wp-image-189\" srcset=\"https:\/\/animosa.es\/blog\/wp-content\/uploads\/2019\/03\/ni\u00f1os-empoderados.jpg 960w, https:\/\/animosa.es\/blog\/wp-content\/uploads\/2019\/03\/ni\u00f1os-empoderados-300x200.jpg 300w, https:\/\/animosa.es\/blog\/wp-content\/uploads\/2019\/03\/ni\u00f1os-empoderados-768x513.jpg 768w, https:\/\/animosa.es\/blog\/wp-content\/uploads\/2019\/03\/ni\u00f1os-empoderados-640x427.jpg 640w, https:\/\/animosa.es\/blog\/wp-content\/uploads\/2019\/03\/ni\u00f1os-empoderados-24x16.jpg 24w, https:\/\/animosa.es\/blog\/wp-content\/uploads\/2019\/03\/ni\u00f1os-empoderados-36x24.jpg 36w, https:\/\/animosa.es\/blog\/wp-content\/uploads\/2019\/03\/ni\u00f1os-empoderados-48x32.jpg 48w\" sizes=\"auto, (max-width: 767px) 89vw, (max-width: 1000px) 54vw, (max-width: 1071px) 543px, 580px\" \/><\/figure>\n\n\n\n<p>Con ellos, el sexismo sigue ejerciendo una presi\u00f3n constante y radical para que sigan cumpliendo roles cl\u00e1sicos que les impide transitar por el lado expresivo de la vida. Y es lo que compruebo cada d\u00eda cuando <strong>mi hijo trata de salir con su mu\u00f1eca al parque y observo los comentarios negativos<\/strong> que recibe, mientras que mi hija va orgullosa con su bal\u00f3n de f\u00fatbol\u2026 Y esto es sexismo en estado puro, que est\u00e1 afectando a nuestros ni\u00f1os, porque no les permite ser lo que ellos quieren ser y, para acompa\u00f1arles en ese proceso, he escrito <em>El poder de los chicos<\/em>.<\/p>\n\n\n\n<h2 class=\"wp-block-heading\"><strong>Liberarnos en comunidad<\/strong><\/h2>\n\n\n\n<p><strong>Hace alg\u00fan tiempo investigu\u00e9 para un art\u00edculo qu\u00e9 ocurre cuando un hombre planta cara a actitudes machistas de sus iguales. Por ejemplo, cuando dice que le parece mal un chiste o un <\/strong><em><strong>meme<\/strong><\/em><strong> sexista enviado al grupo de WhatsApp \u00abde los chicos\u00bb. El resultado fue bastante descorazonador. Incluso algunos hombres bastante comprometidos con la igualdad reconoc\u00edan que prefer\u00edan callar que ser la nota discordante. Y los que s\u00ed hab\u00edan reprendido esas actitudes se hab\u00edan encontrado con respuestas muy negativas de sus amigos. \u00bfHace falta ser <\/strong><em><strong>un valiente<\/strong><\/em><strong> para enfrentarse a esos entornos?<\/strong><\/p>\n\n\n\n<p>Como dec\u00eda el pedagogo brasile\u00f1o Paulo Freire, <strong>\u00abnadie se libera solo, nos liberamos en comunidad\u00bb<\/strong>. Los hombres, aunque no compartamos determinadas actitudes machistas, muchas veces nos callamos o las toleramos, porque presuponemos que es la cultura dominante del grupo y pensamos que, si no aceptamos, nos quedamos fuera. Y por miedo a ser rechazados, que no nos quieran, que no nos valoren, que nos excluyan del grupo, nos callamos ante un chiste machista o un comentario que denigra a las mujeres\u2026 Y volvemos a casa dolidos, con la <strong>sensaci\u00f3n de no haber sido honestos<\/strong>. <\/p>\n\n\n\n<blockquote class=\"wp-block-quote is-layout-flow wp-block-quote-is-layout-flow\"><p><strong>\u00abLa igualdad no ser\u00e1 posible sin el cambio en los hombres, aunque la buena noticia es que los hombres necesitamos la igualdad para emanciparnos y vivir una vida que merezca la pena ser vivida\u00bb. <\/strong><\/p><\/blockquote>\n\n\n\n<p>Pero la realidad es que cuando un hombre cuestiona este pacto patriarcal en p\u00fablico, se toca el \u00abbot\u00f3n del M\u00e1trix\u00bb y <strong>deja al desnudo un modelo decadente de masculinidad<\/strong>, a una idea trasnochada, antidemocr\u00e1tica&nbsp; e insatisfactoria de las relaciones de g\u00e9nero. Y se produce la magia, porque el cuestionamiento p\u00fablico del machismo hace que otros hombres que piensan y sienten lo mismo que t\u00fa, de alg\u00fan modo, salgan tambi\u00e9n de su propia jaula identitaria y se sumen al cambio y, en definitiva, esta <strong>alianza de los hombres en clave igualitaria<\/strong> es la que va generando una cultura equitativa, tambi\u00e9n en los espacios altamente masculinizados. <\/p>\n\n\n\n<h2 class=\"wp-block-heading\"><strong>Un D\u00eda del Padre diferente<\/strong><\/h2>\n\n\n\n<p><strong>Para finalizar, ma\u00f1ana se celebra el D\u00eda del Padre. \u00bfNos recomiendas alg\u00fan gesto, alg\u00fan regalo o nos das alg\u00fan consejo para convertirlo en una celebraci\u00f3n marcada por la igualdad? <\/strong><\/p>\n\n\n\n<p><strong>Celebrar el D\u00eda del Padre es celebrar la vida<\/strong>. Creo que el mejor gesto, el mejor de los regalos que nos podemos hacer ese d\u00eda, es compartir tiempo y espacio de calidad con nuestras hijas e hijos\u2026Y sin darnos cuenta, estar constantemente conectados a los dispositivos m\u00f3viles &nbsp;nos est\u00e1 desconectando de una forma positiva y profunda de comunicaci\u00f3n. No podemos tener una verdadera presencia si estamos con el m\u00f3vil en el bolsillo, e interrumpiendo juegos y conversaciones cada vez que alguien decide enviarnos un <em>whatsapp<\/em>, recibimos un email o nos hace una llamada. Ese es mi prop\u00f3sito\u2026<\/p>\n\n\n\n<p>\u00a1Feliz D\u00eda del Padre!<\/p>\n","protected":false},"excerpt":{"rendered":"<p>Ma\u00f1ana es el D\u00eda del Padre. Una fecha tradicionalmente asociada con regalar calcetines y pijamas que creemos que puede convertirse en mucho m\u00e1s. En una ocasi\u00f3n excepcional para reflexionar sobre un nuevo modelo de paternidad que eduque en igualdad. Porque eso ser\u00e1 lo mejor para los hijos&#8230; y tambi\u00e9n para los padres que acepten el &hellip; <\/p>\n<p class=\"link-more\"><a href=\"https:\/\/animosa.es\/blog\/dia-del-padre-2019-paternidad-feminista-ritxar-bacete\/\" class=\"more-link\">Continuar leyendo<span class=\"screen-reader-text\"> \u00abD\u00eda del Padre 2019: \u00bfEs posible una paternidad feminista? Hablamos sobre ella con Ritxar Bacete\u00bb<\/span><\/a><\/p>\n","protected":false},"author":5,"featured_media":194,"comment_status":"open","ping_status":"closed","sticky":false,"template":"","format":"standard","meta":{"_monsterinsights_skip_tracking":false,"_monsterinsights_sitenote_active":false,"_monsterinsights_sitenote_note":"","_monsterinsights_sitenote_category":0,"footnotes":""},"categories":[20],"tags":[23,21,22],"class_list":["post-178","post","type-post","status-publish","format-standard","has-post-thumbnail","hentry","category-entrevistas","tag-entrevistas-animosa","tag-maternidad","tag-paternidad"],"yoast_head":"<!-- This site is optimized with the Yoast SEO plugin v27.4 - https:\/\/yoast.com\/product\/yoast-seo-wordpress\/ -->\n<title>D\u00eda del Padre: hablamos con Ritxar Bacete sobre paternidad y feminismo<\/title>\n<meta name=\"description\" content=\"Entrevista con Ritxar Bacete, autor del libro El poder de los chicos, sobre paternidad, feminismo y los nuevos retos de un mundo en transformaci\u00f3n.\" \/>\n<meta name=\"robots\" content=\"index, follow, max-snippet:-1, max-image-preview:large, max-video-preview:-1\" \/>\n<link rel=\"canonical\" href=\"https:\/\/animosa.es\/blog\/dia-del-padre-2019-paternidad-feminista-ritxar-bacete\/\" \/>\n<meta property=\"og:locale\" content=\"es_ES\" \/>\n<meta property=\"og:type\" content=\"article\" \/>\n<meta property=\"og:title\" content=\"D\u00eda del Padre: hablamos con Ritxar Bacete sobre paternidad y feminismo\" \/>\n<meta property=\"og:description\" content=\"Entrevista con Ritxar Bacete, autor del libro El poder de los chicos, sobre paternidad, feminismo y los nuevos retos de un mundo en transformaci\u00f3n.\" \/>\n<meta property=\"og:url\" content=\"https:\/\/animosa.es\/blog\/dia-del-padre-2019-paternidad-feminista-ritxar-bacete\/\" \/>\n<meta property=\"og:site_name\" content=\"Animosa Blog\" \/>\n<meta property=\"article:publisher\" content=\"https:\/\/www.facebook.com\/animosaoficial\" \/>\n<meta property=\"article:published_time\" content=\"2019-03-18T15:02:09+00:00\" \/>\n<meta property=\"article:modified_time\" content=\"2022-04-20T15:09:09+00:00\" \/>\n<meta property=\"og:image\" content=\"https:\/\/animosa.es\/blog\/wp-content\/uploads\/2019\/03\/taza_imperfecta_1920x1200.jpg\" \/>\n\t<meta property=\"og:image:width\" content=\"1920\" \/>\n\t<meta property=\"og:image:height\" content=\"1200\" \/>\n\t<meta property=\"og:image:type\" content=\"image\/jpeg\" \/>\n<meta name=\"author\" content=\"Abril Camino\" \/>\n<meta name=\"twitter:card\" content=\"summary_large_image\" \/>\n<meta name=\"twitter:creator\" content=\"@animosaoficial\" \/>\n<meta name=\"twitter:site\" content=\"@animosaoficial\" \/>\n<meta name=\"twitter:label1\" content=\"Escrito por\" \/>\n\t<meta name=\"twitter:data1\" content=\"Abril Camino\" \/>\n\t<meta name=\"twitter:label2\" content=\"Tiempo de lectura\" \/>\n\t<meta name=\"twitter:data2\" content=\"13 minutos\" \/>\n<script type=\"application\/ld+json\" class=\"yoast-schema-graph\">{\"@context\":\"https:\\\/\\\/schema.org\",\"@graph\":[{\"@type\":\"Article\",\"@id\":\"https:\\\/\\\/animosa.es\\\/blog\\\/dia-del-padre-2019-paternidad-feminista-ritxar-bacete\\\/#article\",\"isPartOf\":{\"@id\":\"https:\\\/\\\/animosa.es\\\/blog\\\/dia-del-padre-2019-paternidad-feminista-ritxar-bacete\\\/\"},\"author\":{\"name\":\"Abril Camino\",\"@id\":\"https:\\\/\\\/animosa.es\\\/blog\\\/#\\\/schema\\\/person\\\/c63bf54d9b5b4afb33c6556c3ea84842\"},\"headline\":\"D\u00eda del Padre 2019: \u00bfEs posible una paternidad feminista? Hablamos sobre ella con Ritxar Bacete\",\"datePublished\":\"2019-03-18T15:02:09+00:00\",\"dateModified\":\"2022-04-20T15:09:09+00:00\",\"mainEntityOfPage\":{\"@id\":\"https:\\\/\\\/animosa.es\\\/blog\\\/dia-del-padre-2019-paternidad-feminista-ritxar-bacete\\\/\"},\"wordCount\":2690,\"commentCount\":2,\"publisher\":{\"@id\":\"https:\\\/\\\/animosa.es\\\/blog\\\/#organization\"},\"image\":{\"@id\":\"https:\\\/\\\/animosa.es\\\/blog\\\/dia-del-padre-2019-paternidad-feminista-ritxar-bacete\\\/#primaryimage\"},\"thumbnailUrl\":\"https:\\\/\\\/animosa.es\\\/blog\\\/wp-content\\\/uploads\\\/2019\\\/03\\\/taza_imperfecta_1920x1200.jpg\",\"keywords\":[\"entrevistas\",\"Maternidad\",\"paternidad\"],\"articleSection\":[\"Entrevistas\"],\"inLanguage\":\"es\",\"potentialAction\":[{\"@type\":\"CommentAction\",\"name\":\"Comment\",\"target\":[\"https:\\\/\\\/animosa.es\\\/blog\\\/dia-del-padre-2019-paternidad-feminista-ritxar-bacete\\\/#respond\"]}]},{\"@type\":\"WebPage\",\"@id\":\"https:\\\/\\\/animosa.es\\\/blog\\\/dia-del-padre-2019-paternidad-feminista-ritxar-bacete\\\/\",\"url\":\"https:\\\/\\\/animosa.es\\\/blog\\\/dia-del-padre-2019-paternidad-feminista-ritxar-bacete\\\/\",\"name\":\"D\u00eda del Padre: hablamos con Ritxar Bacete sobre paternidad y feminismo\",\"isPartOf\":{\"@id\":\"https:\\\/\\\/animosa.es\\\/blog\\\/#website\"},\"primaryImageOfPage\":{\"@id\":\"https:\\\/\\\/animosa.es\\\/blog\\\/dia-del-padre-2019-paternidad-feminista-ritxar-bacete\\\/#primaryimage\"},\"image\":{\"@id\":\"https:\\\/\\\/animosa.es\\\/blog\\\/dia-del-padre-2019-paternidad-feminista-ritxar-bacete\\\/#primaryimage\"},\"thumbnailUrl\":\"https:\\\/\\\/animosa.es\\\/blog\\\/wp-content\\\/uploads\\\/2019\\\/03\\\/taza_imperfecta_1920x1200.jpg\",\"datePublished\":\"2019-03-18T15:02:09+00:00\",\"dateModified\":\"2022-04-20T15:09:09+00:00\",\"description\":\"Entrevista con Ritxar Bacete, autor del libro El poder de los chicos, sobre paternidad, feminismo y los nuevos retos de un mundo en transformaci\u00f3n.\",\"breadcrumb\":{\"@id\":\"https:\\\/\\\/animosa.es\\\/blog\\\/dia-del-padre-2019-paternidad-feminista-ritxar-bacete\\\/#breadcrumb\"},\"inLanguage\":\"es\",\"potentialAction\":[{\"@type\":\"ReadAction\",\"target\":[\"https:\\\/\\\/animosa.es\\\/blog\\\/dia-del-padre-2019-paternidad-feminista-ritxar-bacete\\\/\"]}]},{\"@type\":\"ImageObject\",\"inLanguage\":\"es\",\"@id\":\"https:\\\/\\\/animosa.es\\\/blog\\\/dia-del-padre-2019-paternidad-feminista-ritxar-bacete\\\/#primaryimage\",\"url\":\"https:\\\/\\\/animosa.es\\\/blog\\\/wp-content\\\/uploads\\\/2019\\\/03\\\/taza_imperfecta_1920x1200.jpg\",\"contentUrl\":\"https:\\\/\\\/animosa.es\\\/blog\\\/wp-content\\\/uploads\\\/2019\\\/03\\\/taza_imperfecta_1920x1200.jpg\",\"width\":1920,\"height\":1200},{\"@type\":\"BreadcrumbList\",\"@id\":\"https:\\\/\\\/animosa.es\\\/blog\\\/dia-del-padre-2019-paternidad-feminista-ritxar-bacete\\\/#breadcrumb\",\"itemListElement\":[{\"@type\":\"ListItem\",\"position\":1,\"name\":\"Portada\",\"item\":\"https:\\\/\\\/animosa.es\\\/blog\\\/\"},{\"@type\":\"ListItem\",\"position\":2,\"name\":\"D\u00eda del Padre 2019: \u00bfEs posible una paternidad feminista? Hablamos sobre ella con Ritxar Bacete\"}]},{\"@type\":\"WebSite\",\"@id\":\"https:\\\/\\\/animosa.es\\\/blog\\\/#website\",\"url\":\"https:\\\/\\\/animosa.es\\\/blog\\\/\",\"name\":\"Animosa Blog\",\"description\":\"Alma y Coraje: Mujeres importantes e inspiradoras\",\"publisher\":{\"@id\":\"https:\\\/\\\/animosa.es\\\/blog\\\/#organization\"},\"potentialAction\":[{\"@type\":\"SearchAction\",\"target\":{\"@type\":\"EntryPoint\",\"urlTemplate\":\"https:\\\/\\\/animosa.es\\\/blog\\\/?s={search_term_string}\"},\"query-input\":{\"@type\":\"PropertyValueSpecification\",\"valueRequired\":true,\"valueName\":\"search_term_string\"}}],\"inLanguage\":\"es\"},{\"@type\":\"Organization\",\"@id\":\"https:\\\/\\\/animosa.es\\\/blog\\\/#organization\",\"name\":\"Animosa\",\"url\":\"https:\\\/\\\/animosa.es\\\/blog\\\/\",\"logo\":{\"@type\":\"ImageObject\",\"inLanguage\":\"es\",\"@id\":\"https:\\\/\\\/animosa.es\\\/blog\\\/#\\\/schema\\\/logo\\\/image\\\/\",\"url\":\"https:\\\/\\\/animosa.es\\\/blog\\\/wp-content\\\/uploads\\\/2018\\\/11\\\/mi-tienda-logo-e1541405563290.png\",\"contentUrl\":\"https:\\\/\\\/animosa.es\\\/blog\\\/wp-content\\\/uploads\\\/2018\\\/11\\\/mi-tienda-logo-e1541405563290.png\",\"width\":170,\"height\":53,\"caption\":\"Animosa\"},\"image\":{\"@id\":\"https:\\\/\\\/animosa.es\\\/blog\\\/#\\\/schema\\\/logo\\\/image\\\/\"},\"sameAs\":[\"https:\\\/\\\/www.facebook.com\\\/animosaoficial\",\"https:\\\/\\\/x.com\\\/animosaoficial\",\"https:\\\/\\\/www.instagram.com\\\/animosaoficial\\\/\",\"https:\\\/\\\/www.pinterest.es\\\/animosaoficial\\\/\",\"https:\\\/\\\/www.youtube.com\\\/channel\\\/UCvpO4cBfsjLILe9zJnR_krw\"]},{\"@type\":\"Person\",\"@id\":\"https:\\\/\\\/animosa.es\\\/blog\\\/#\\\/schema\\\/person\\\/c63bf54d9b5b4afb33c6556c3ea84842\",\"name\":\"Abril Camino\",\"url\":\"https:\\\/\\\/animosa.es\\\/blog\\\/author\\\/comunicacion\\\/\"}]}<\/script>\n<!-- \/ Yoast SEO plugin. -->","yoast_head_json":{"title":"D\u00eda del Padre: hablamos con Ritxar Bacete sobre paternidad y feminismo","description":"Entrevista con Ritxar Bacete, autor del libro El poder de los chicos, sobre paternidad, feminismo y los nuevos retos de un mundo en transformaci\u00f3n.","robots":{"index":"index","follow":"follow","max-snippet":"max-snippet:-1","max-image-preview":"max-image-preview:large","max-video-preview":"max-video-preview:-1"},"canonical":"https:\/\/animosa.es\/blog\/dia-del-padre-2019-paternidad-feminista-ritxar-bacete\/","og_locale":"es_ES","og_type":"article","og_title":"D\u00eda del Padre: hablamos con Ritxar Bacete sobre paternidad y feminismo","og_description":"Entrevista con Ritxar Bacete, autor del libro El poder de los chicos, sobre paternidad, feminismo y los nuevos retos de un mundo en transformaci\u00f3n.","og_url":"https:\/\/animosa.es\/blog\/dia-del-padre-2019-paternidad-feminista-ritxar-bacete\/","og_site_name":"Animosa Blog","article_publisher":"https:\/\/www.facebook.com\/animosaoficial","article_published_time":"2019-03-18T15:02:09+00:00","article_modified_time":"2022-04-20T15:09:09+00:00","og_image":[{"width":1920,"height":1200,"url":"https:\/\/animosa.es\/blog\/wp-content\/uploads\/2019\/03\/taza_imperfecta_1920x1200.jpg","type":"image\/jpeg"}],"author":"Abril Camino","twitter_card":"summary_large_image","twitter_creator":"@animosaoficial","twitter_site":"@animosaoficial","twitter_misc":{"Escrito por":"Abril Camino","Tiempo de lectura":"13 minutos"},"schema":{"@context":"https:\/\/schema.org","@graph":[{"@type":"Article","@id":"https:\/\/animosa.es\/blog\/dia-del-padre-2019-paternidad-feminista-ritxar-bacete\/#article","isPartOf":{"@id":"https:\/\/animosa.es\/blog\/dia-del-padre-2019-paternidad-feminista-ritxar-bacete\/"},"author":{"name":"Abril Camino","@id":"https:\/\/animosa.es\/blog\/#\/schema\/person\/c63bf54d9b5b4afb33c6556c3ea84842"},"headline":"D\u00eda del Padre 2019: \u00bfEs posible una paternidad feminista? Hablamos sobre ella con Ritxar Bacete","datePublished":"2019-03-18T15:02:09+00:00","dateModified":"2022-04-20T15:09:09+00:00","mainEntityOfPage":{"@id":"https:\/\/animosa.es\/blog\/dia-del-padre-2019-paternidad-feminista-ritxar-bacete\/"},"wordCount":2690,"commentCount":2,"publisher":{"@id":"https:\/\/animosa.es\/blog\/#organization"},"image":{"@id":"https:\/\/animosa.es\/blog\/dia-del-padre-2019-paternidad-feminista-ritxar-bacete\/#primaryimage"},"thumbnailUrl":"https:\/\/animosa.es\/blog\/wp-content\/uploads\/2019\/03\/taza_imperfecta_1920x1200.jpg","keywords":["entrevistas","Maternidad","paternidad"],"articleSection":["Entrevistas"],"inLanguage":"es","potentialAction":[{"@type":"CommentAction","name":"Comment","target":["https:\/\/animosa.es\/blog\/dia-del-padre-2019-paternidad-feminista-ritxar-bacete\/#respond"]}]},{"@type":"WebPage","@id":"https:\/\/animosa.es\/blog\/dia-del-padre-2019-paternidad-feminista-ritxar-bacete\/","url":"https:\/\/animosa.es\/blog\/dia-del-padre-2019-paternidad-feminista-ritxar-bacete\/","name":"D\u00eda del Padre: hablamos con Ritxar Bacete sobre paternidad y feminismo","isPartOf":{"@id":"https:\/\/animosa.es\/blog\/#website"},"primaryImageOfPage":{"@id":"https:\/\/animosa.es\/blog\/dia-del-padre-2019-paternidad-feminista-ritxar-bacete\/#primaryimage"},"image":{"@id":"https:\/\/animosa.es\/blog\/dia-del-padre-2019-paternidad-feminista-ritxar-bacete\/#primaryimage"},"thumbnailUrl":"https:\/\/animosa.es\/blog\/wp-content\/uploads\/2019\/03\/taza_imperfecta_1920x1200.jpg","datePublished":"2019-03-18T15:02:09+00:00","dateModified":"2022-04-20T15:09:09+00:00","description":"Entrevista con Ritxar Bacete, autor del libro El poder de los chicos, sobre paternidad, feminismo y los nuevos retos de un mundo en transformaci\u00f3n.","breadcrumb":{"@id":"https:\/\/animosa.es\/blog\/dia-del-padre-2019-paternidad-feminista-ritxar-bacete\/#breadcrumb"},"inLanguage":"es","potentialAction":[{"@type":"ReadAction","target":["https:\/\/animosa.es\/blog\/dia-del-padre-2019-paternidad-feminista-ritxar-bacete\/"]}]},{"@type":"ImageObject","inLanguage":"es","@id":"https:\/\/animosa.es\/blog\/dia-del-padre-2019-paternidad-feminista-ritxar-bacete\/#primaryimage","url":"https:\/\/animosa.es\/blog\/wp-content\/uploads\/2019\/03\/taza_imperfecta_1920x1200.jpg","contentUrl":"https:\/\/animosa.es\/blog\/wp-content\/uploads\/2019\/03\/taza_imperfecta_1920x1200.jpg","width":1920,"height":1200},{"@type":"BreadcrumbList","@id":"https:\/\/animosa.es\/blog\/dia-del-padre-2019-paternidad-feminista-ritxar-bacete\/#breadcrumb","itemListElement":[{"@type":"ListItem","position":1,"name":"Portada","item":"https:\/\/animosa.es\/blog\/"},{"@type":"ListItem","position":2,"name":"D\u00eda del Padre 2019: \u00bfEs posible una paternidad feminista? Hablamos sobre ella con Ritxar Bacete"}]},{"@type":"WebSite","@id":"https:\/\/animosa.es\/blog\/#website","url":"https:\/\/animosa.es\/blog\/","name":"Animosa Blog","description":"Alma y Coraje: Mujeres importantes e inspiradoras","publisher":{"@id":"https:\/\/animosa.es\/blog\/#organization"},"potentialAction":[{"@type":"SearchAction","target":{"@type":"EntryPoint","urlTemplate":"https:\/\/animosa.es\/blog\/?s={search_term_string}"},"query-input":{"@type":"PropertyValueSpecification","valueRequired":true,"valueName":"search_term_string"}}],"inLanguage":"es"},{"@type":"Organization","@id":"https:\/\/animosa.es\/blog\/#organization","name":"Animosa","url":"https:\/\/animosa.es\/blog\/","logo":{"@type":"ImageObject","inLanguage":"es","@id":"https:\/\/animosa.es\/blog\/#\/schema\/logo\/image\/","url":"https:\/\/animosa.es\/blog\/wp-content\/uploads\/2018\/11\/mi-tienda-logo-e1541405563290.png","contentUrl":"https:\/\/animosa.es\/blog\/wp-content\/uploads\/2018\/11\/mi-tienda-logo-e1541405563290.png","width":170,"height":53,"caption":"Animosa"},"image":{"@id":"https:\/\/animosa.es\/blog\/#\/schema\/logo\/image\/"},"sameAs":["https:\/\/www.facebook.com\/animosaoficial","https:\/\/x.com\/animosaoficial","https:\/\/www.instagram.com\/animosaoficial\/","https:\/\/www.pinterest.es\/animosaoficial\/","https:\/\/www.youtube.com\/channel\/UCvpO4cBfsjLILe9zJnR_krw"]},{"@type":"Person","@id":"https:\/\/animosa.es\/blog\/#\/schema\/person\/c63bf54d9b5b4afb33c6556c3ea84842","name":"Abril Camino","url":"https:\/\/animosa.es\/blog\/author\/comunicacion\/"}]}},"_links":{"self":[{"href":"https:\/\/animosa.es\/blog\/wp-json\/wp\/v2\/posts\/178","targetHints":{"allow":["GET"]}}],"collection":[{"href":"https:\/\/animosa.es\/blog\/wp-json\/wp\/v2\/posts"}],"about":[{"href":"https:\/\/animosa.es\/blog\/wp-json\/wp\/v2\/types\/post"}],"author":[{"embeddable":true,"href":"https:\/\/animosa.es\/blog\/wp-json\/wp\/v2\/users\/5"}],"replies":[{"embeddable":true,"href":"https:\/\/animosa.es\/blog\/wp-json\/wp\/v2\/comments?post=178"}],"version-history":[{"count":10,"href":"https:\/\/animosa.es\/blog\/wp-json\/wp\/v2\/posts\/178\/revisions"}],"predecessor-version":[{"id":201,"href":"https:\/\/animosa.es\/blog\/wp-json\/wp\/v2\/posts\/178\/revisions\/201"}],"wp:featuredmedia":[{"embeddable":true,"href":"https:\/\/animosa.es\/blog\/wp-json\/wp\/v2\/media\/194"}],"wp:attachment":[{"href":"https:\/\/animosa.es\/blog\/wp-json\/wp\/v2\/media?parent=178"}],"wp:term":[{"taxonomy":"category","embeddable":true,"href":"https:\/\/animosa.es\/blog\/wp-json\/wp\/v2\/categories?post=178"},{"taxonomy":"post_tag","embeddable":true,"href":"https:\/\/animosa.es\/blog\/wp-json\/wp\/v2\/tags?post=178"}],"curies":[{"name":"wp","href":"https:\/\/api.w.org\/{rel}","templated":true}]}}