{"id":1824,"date":"2021-12-10T16:00:00","date_gmt":"2021-12-10T15:00:00","guid":{"rendered":"https:\/\/animosa.es\/blog\/?p=1824"},"modified":"2025-07-02T11:39:07","modified_gmt":"2025-07-02T09:39:07","slug":"nueva-coleccion-sisters","status":"publish","type":"post","link":"https:\/\/animosa.es\/blog\/nueva-coleccion-sisters\/","title":{"rendered":"Os presentamos nuestra Nueva Colecci\u00f3n"},"content":{"rendered":"\n<p>Esta semana estrenamos ropa, animosas. Nuestra <strong><a href=\"https:\/\/animosa.es\/286-coleccion-sisters\" target=\"_blank\" rel=\"noreferrer noopener\">Nueva Colecci\u00f3n Sisters<\/a><\/strong> ya est\u00e1 en la <a href=\"https:\/\/animosa.es\/\">web<\/a> y qu\u00e9 mejor forma de present\u00e1rosla que en primera persona. As\u00ed que hemos reunido a toda la familia Animosa para pedirles que escojan sus prendas favoritas. Y oye, ya sabes c\u00f3mo es esto de intentar reunir a todo el mundo. \u00a1No es tarea f\u00e1cil! Pero qu\u00e9 ilusi\u00f3n nos hace que nos conozc\u00e1is y poder ense\u00f1aros, entre todas, esta colecci\u00f3n tan especial y en la que hemos volcado nuestra alma. Y es que de eso va la cosa, de estar juntas. De hermanas, amigas y compa\u00f1eras. De apoyo y sororidad. Y de ese sentimiento tan especial cuando alzamos la voz como una sola.<\/p>\n\n\n\n<!--more-->\n\n\n\n<p>Pero no nos enrollamos m\u00e1s, as\u00ed que all\u00e1 vamos, chicas. Ense\u00f1adnos esa prenda de nuestra nueva colecci\u00f3n que hab\u00e9is escogido y contadnos un poco m\u00e1s sobre vosotras:<\/p>\n\n\n\n<figure class=\"wp-block-image size-full\"><img loading=\"lazy\" decoding=\"async\" width=\"640\" height=\"480\" src=\"https:\/\/animosa.es\/blog\/wp-content\/uploads\/2021\/11\/preguntas2.jpg\" alt=\"\" class=\"wp-image-1858\" srcset=\"https:\/\/animosa.es\/blog\/wp-content\/uploads\/2021\/11\/preguntas2.jpg 640w, https:\/\/animosa.es\/blog\/wp-content\/uploads\/2021\/11\/preguntas2-300x225.jpg 300w, https:\/\/animosa.es\/blog\/wp-content\/uploads\/2021\/11\/preguntas2-24x18.jpg 24w, https:\/\/animosa.es\/blog\/wp-content\/uploads\/2021\/11\/preguntas2-36x27.jpg 36w, https:\/\/animosa.es\/blog\/wp-content\/uploads\/2021\/11\/preguntas2-48x36.jpg 48w\" sizes=\"auto, (max-width: 640px) 100vw, 640px\" \/><\/figure>\n\n\n\n<h2 class=\"wp-block-heading\"><strong>La familia animosa responde<\/strong><\/h2>\n\n\n\n<div class=\"wp-block-media-text alignwide is-stacked-on-mobile\" style=\"grid-template-columns:44% auto\"><figure class=\"wp-block-media-text__media\"><img loading=\"lazy\" decoding=\"async\" width=\"554\" height=\"640\" src=\"https:\/\/animosa.es\/blog\/wp-content\/uploads\/2021\/11\/Monica3.jpg\" alt=\"Nueva colecci\u00f3n Sisters | Sudadera Tul Escudo\" class=\"wp-image-1838 size-full\" srcset=\"https:\/\/animosa.es\/blog\/wp-content\/uploads\/2021\/11\/Monica3.jpg 554w, https:\/\/animosa.es\/blog\/wp-content\/uploads\/2021\/11\/Monica3-260x300.jpg 260w, https:\/\/animosa.es\/blog\/wp-content\/uploads\/2021\/11\/Monica3-21x24.jpg 21w, https:\/\/animosa.es\/blog\/wp-content\/uploads\/2021\/11\/Monica3-31x36.jpg 31w, https:\/\/animosa.es\/blog\/wp-content\/uploads\/2021\/11\/Monica3-42x48.jpg 42w\" sizes=\"auto, (max-width: 554px) 100vw, 554px\" \/><\/figure><div class=\"wp-block-media-text__content\">\n<h3 class=\"wp-block-heading\"><strong>M\u00f3nica, CEO de Animosa, ha escogido la <a href=\"https:\/\/animosa.es\/sudaderas-y-jerseys\/2013-sudadera-tul-escudo.html\" target=\"_blank\" rel=\"noreferrer noopener\">Sudadera Tul Escudo<\/a>.<\/strong><\/h3>\n\n\n\n<p>1. Si tengo que elegir un referente, ahora mismo, me decidir\u00eda, sin duda, por <a href=\"https:\/\/efeminista.com\/amelia-tiganus-explotacion-mujeres\/\" target=\"_blank\" rel=\"noreferrer noopener\">Amelia Tiganus<\/a>. Una mujer a la que admiro por su fortaleza. Aprovecho para recomendar a todo el mundo su nuevo libro: \u00abLa revuelta de las putas\u00bb.<\/p>\n\n\n\n<p>2. Tras las campanadas de fin de a\u00f1o lo primero que hacemos en mi familia es darnos <strong>un gran abrazo<\/strong>. \u00a1Una por una a las 18 personas que nos reunimos cada a\u00f1o!<\/p>\n<\/div><\/div>\n\n\n\n<div class=\"wp-block-media-text alignwide has-media-on-the-right is-stacked-on-mobile\" style=\"grid-template-columns:auto 47%\"><figure class=\"wp-block-media-text__media\"><img loading=\"lazy\" decoding=\"async\" width=\"554\" height=\"640\" src=\"https:\/\/animosa.es\/blog\/wp-content\/uploads\/2021\/11\/Cris.jpg\" alt=\"Nueva colecci\u00f3n Sisters | Camiseta Girl Gang\" class=\"wp-image-1847 size-full\" srcset=\"https:\/\/animosa.es\/blog\/wp-content\/uploads\/2021\/11\/Cris.jpg 554w, https:\/\/animosa.es\/blog\/wp-content\/uploads\/2021\/11\/Cris-260x300.jpg 260w, https:\/\/animosa.es\/blog\/wp-content\/uploads\/2021\/11\/Cris-21x24.jpg 21w, https:\/\/animosa.es\/blog\/wp-content\/uploads\/2021\/11\/Cris-31x36.jpg 31w, https:\/\/animosa.es\/blog\/wp-content\/uploads\/2021\/11\/Cris-42x48.jpg 42w\" sizes=\"auto, (max-width: 554px) 100vw, 554px\" \/><\/figure><div class=\"wp-block-media-text__content\">\n<h3 class=\"wp-block-heading\"><strong>Nuestra Directora de Operaciones viene llena de energ\u00eda. Cristina elige la <a href=\"https:\/\/animosa.es\/camisetas-manga-corta\/1980-camiseta-girl-gang.html\" target=\"_blank\" rel=\"noreferrer noopener\">Camiseta Girl Gang<\/a>.<\/strong><\/h3>\n\n\n\n<p>1. Estoy rodeada de <em>sisters<\/em> y &#8230;\u00a1Me es imposible elegir solo a una!&nbsp; Las <em>sisters <\/em>familia, las <em>sisters<\/em> amigas, las <em>sisters<\/em> compa\u00f1eras&#8230; Todas necesarias en mi vida.<\/p>\n\n\n\n<p>2. Mi tradici\u00f3n favorita es cuando, tras las campanadas, comienza un nuevo a\u00f1o y todas nos levantamos de la mesa para una <strong>ronda de abrazos navide\u00f1os<\/strong>.<\/p>\n<\/div><\/div>\n\n\n\n<div class=\"wp-block-media-text alignwide is-stacked-on-mobile\" style=\"grid-template-columns:48% auto\"><figure class=\"wp-block-media-text__media\"><img loading=\"lazy\" decoding=\"async\" width=\"554\" height=\"640\" src=\"https:\/\/animosa.es\/blog\/wp-content\/uploads\/2021\/11\/Rebe.jpg\" alt=\"Nueva colecci\u00f3n Sisters | Chaqueta Revolution\" class=\"wp-image-1831 size-full\" srcset=\"https:\/\/animosa.es\/blog\/wp-content\/uploads\/2021\/11\/Rebe.jpg 554w, https:\/\/animosa.es\/blog\/wp-content\/uploads\/2021\/11\/Rebe-260x300.jpg 260w, https:\/\/animosa.es\/blog\/wp-content\/uploads\/2021\/11\/Rebe-21x24.jpg 21w, https:\/\/animosa.es\/blog\/wp-content\/uploads\/2021\/11\/Rebe-31x36.jpg 31w, https:\/\/animosa.es\/blog\/wp-content\/uploads\/2021\/11\/Rebe-42x48.jpg 42w\" sizes=\"auto, (max-width: 554px) 100vw, 554px\" \/><\/figure><div class=\"wp-block-media-text__content\">\n<h3 class=\"wp-block-heading\"><strong>\u00a1La Dise\u00f1adora de Moda no pod\u00eda faltar!  Rebeca y su Chaqueta Revolution.<\/strong><\/h3>\n\n\n\n<p>1. Tengo que nombrar a tres mujeres: mi hermana, mi madre y <a href=\"https:\/\/www.instagram.com\/lozanomabel\/\" target=\"_blank\" rel=\"noreferrer noopener\">Mabel Lozano<\/a>. Las 3 re\u00fanen valores animosos: luchadoras, so\u00f1adoras, con mucha fuerza, coraje y compromiso. Ponen su entusiasmo en todo lo que hacen y as\u00ed consiguen todo aquello que se proponen.<\/p>\n\n\n\n<p>2. La fecha m\u00e1s entra\u00f1able para mi es la Nochebuena. <strong>Me encanta cocinar<\/strong>, as\u00ed que ese d\u00eda me meto en la cocina y me encargo de organizar el men\u00fa.<\/p>\n<\/div><\/div>\n\n\n\n<div class=\"wp-block-media-text alignwide has-media-on-the-right is-stacked-on-mobile\" style=\"grid-template-columns:auto 47%\"><figure class=\"wp-block-media-text__media\"><img loading=\"lazy\" decoding=\"async\" width=\"554\" height=\"640\" src=\"https:\/\/animosa.es\/blog\/wp-content\/uploads\/2021\/12\/Carol.jpg\" alt=\"\" class=\"wp-image-1861 size-full\" srcset=\"https:\/\/animosa.es\/blog\/wp-content\/uploads\/2021\/12\/Carol.jpg 554w, https:\/\/animosa.es\/blog\/wp-content\/uploads\/2021\/12\/Carol-260x300.jpg 260w, https:\/\/animosa.es\/blog\/wp-content\/uploads\/2021\/12\/Carol-21x24.jpg 21w, https:\/\/animosa.es\/blog\/wp-content\/uploads\/2021\/12\/Carol-31x36.jpg 31w, https:\/\/animosa.es\/blog\/wp-content\/uploads\/2021\/12\/Carol-42x48.jpg 42w\" sizes=\"auto, (max-width: 554px) 100vw, 554px\" \/><\/figure><div class=\"wp-block-media-text__content\">\n<h3 class=\"wp-block-heading\"><strong>Carolina, nuestra Directora de Arte, saca su lado m\u00e1s elegante con la <a href=\"https:\/\/animosa.es\/camisetas-manga-corta\/2024-camiseta-negra-nacida-para-vencer.html\" target=\"_blank\" rel=\"noreferrer noopener\">Camiseta Nacida para Vencer<\/a>.<\/strong><\/h3>\n\n\n\n<p>1. Mi amiga L. (preservemos su intimidad, jeje). A veces siento que tendr\u00eda que pagarle la hora de terapia. Hemos re\u00eddo, llorado y vivido mil cosas juntas. Un v\u00ednculo que pervive tras a\u00f1os.<\/p>\n\n\n\n<p>2. <strong>Ropa interior roja<\/strong> para recibir el a\u00f1o, \u00a1y que abrir regalos sea un festival!<\/p>\n<\/div><\/div>\n\n\n\n<div class=\"wp-block-media-text alignwide is-stacked-on-mobile\" style=\"grid-template-columns:47% auto\"><figure class=\"wp-block-media-text__media\"><img loading=\"lazy\" decoding=\"async\" width=\"554\" height=\"640\" src=\"https:\/\/animosa.es\/blog\/wp-content\/uploads\/2021\/11\/Paula-1.jpg\" alt=\"Nueva colecci\u00f3n Sisters | Falda Chicas del Cable\" class=\"wp-image-1850 size-full\" srcset=\"https:\/\/animosa.es\/blog\/wp-content\/uploads\/2021\/11\/Paula-1.jpg 554w, https:\/\/animosa.es\/blog\/wp-content\/uploads\/2021\/11\/Paula-1-260x300.jpg 260w, https:\/\/animosa.es\/blog\/wp-content\/uploads\/2021\/11\/Paula-1-21x24.jpg 21w, https:\/\/animosa.es\/blog\/wp-content\/uploads\/2021\/11\/Paula-1-31x36.jpg 31w, https:\/\/animosa.es\/blog\/wp-content\/uploads\/2021\/11\/Paula-1-42x48.jpg 42w\" sizes=\"auto, (max-width: 554px) 100vw, 554px\" \/><\/figure><div class=\"wp-block-media-text__content\">\n<h3 class=\"wp-block-heading\"><strong>\u00bfQui\u00e9n no conoce a Paula V\u00e1zquez? Hoy atiende a nuestras clientas con la <a href=\"https:\/\/animosa.es\/faldas-y-pantalones\/2028-falda-roja-chicas-del-cable.html\" target=\"_blank\" rel=\"noreferrer noopener\">Falda Chicas del Cable<\/a> (y la combina con nuestra <a href=\"https:\/\/animosa.es\/camisetas-manga-corta\/2038-camiseta-hombreras.html\" target=\"_blank\" rel=\"noreferrer noopener\">Camiseta Hombreras<\/a>).<\/strong><\/h3>\n\n\n\n<p>1. Quiero nombrar a una de las \u00ab13 Rosas\u00bb: <a href=\"https:\/\/www.nuevatribuna.es\/articulo\/historia\/13-rosas-represion-franquista-memoria\/20180216195322148651.html\" target=\"_blank\" rel=\"noreferrer noopener\">Ana L\u00f3pez Gallego<\/a>. Todas ellas son un emblema y me inspiran mucha fuerza y valor.<\/p>\n\n\n\n<p>2. Comprar el <strong>calendario de adviento con mi hijo<\/strong> y comer la chocolatina hasta la espera.<\/p>\n<\/div><\/div>\n\n\n\n<div class=\"wp-block-media-text alignwide has-media-on-the-right is-stacked-on-mobile\" style=\"grid-template-columns:auto 47%\"><figure class=\"wp-block-media-text__media\"><img loading=\"lazy\" decoding=\"async\" width=\"554\" height=\"640\" src=\"https:\/\/animosa.es\/blog\/wp-content\/uploads\/2021\/11\/Pruden.jpg\" alt=\"Nueva colecci\u00f3n Sisters | Jaque Mate\" class=\"wp-image-1830 size-full\" srcset=\"https:\/\/animosa.es\/blog\/wp-content\/uploads\/2021\/11\/Pruden.jpg 554w, https:\/\/animosa.es\/blog\/wp-content\/uploads\/2021\/11\/Pruden-260x300.jpg 260w, https:\/\/animosa.es\/blog\/wp-content\/uploads\/2021\/11\/Pruden-21x24.jpg 21w, https:\/\/animosa.es\/blog\/wp-content\/uploads\/2021\/11\/Pruden-31x36.jpg 31w, https:\/\/animosa.es\/blog\/wp-content\/uploads\/2021\/11\/Pruden-42x48.jpg 42w\" sizes=\"auto, (max-width: 554px) 100vw, 554px\" \/><\/figure><div class=\"wp-block-media-text__content\">\n<h3 class=\"wp-block-heading\"><strong>Desde administraci\u00f3n y con estilazo, Pruden elige el <a href=\"https:\/\/animosa.es\/buscar?submit_search=&amp;search_query=jaque+mate&amp;controller=search&amp;orderby=position&amp;orderby=categories&amp;orderway=desc&amp;valSelected=0\" target=\"_blank\" rel=\"noreferrer noopener\">conjunto Jaque Mate<\/a>.<\/strong><\/h3>\n\n\n\n<p>1. Mi hermana, \u00a1es lo m\u00e1s! Divertida, amorosa, es amiga, es hermana, es alma gemela\u2026 Me encanta caminar por la vida a su lado.<\/p>\n\n\n\n<p>2. <strong>\u00a1Viajar!<\/strong> Me encanta visitar un lugar nuevo, descubrir sus luces navide\u00f1as, sus dulces, colarme en una fiesta y brindar por un nuevo a\u00f1o.<\/p>\n<\/div><\/div>\n\n\n\n<div class=\"wp-block-media-text alignwide is-stacked-on-mobile\" style=\"grid-template-columns:45% auto\"><figure class=\"wp-block-media-text__media\"><img loading=\"lazy\" decoding=\"async\" width=\"554\" height=\"640\" src=\"https:\/\/animosa.es\/blog\/wp-content\/uploads\/2021\/11\/Lucia-1.jpg\" alt=\"Nueva colecci\u00f3n Sisters | Camiseta Vichy\" class=\"wp-image-1834 size-full\" srcset=\"https:\/\/animosa.es\/blog\/wp-content\/uploads\/2021\/11\/Lucia-1.jpg 554w, https:\/\/animosa.es\/blog\/wp-content\/uploads\/2021\/11\/Lucia-1-260x300.jpg 260w, https:\/\/animosa.es\/blog\/wp-content\/uploads\/2021\/11\/Lucia-1-21x24.jpg 21w, https:\/\/animosa.es\/blog\/wp-content\/uploads\/2021\/11\/Lucia-1-31x36.jpg 31w, https:\/\/animosa.es\/blog\/wp-content\/uploads\/2021\/11\/Lucia-1-42x48.jpg 42w\" sizes=\"auto, (max-width: 554px) 100vw, 554px\" \/><\/figure><div class=\"wp-block-media-text__content\">\n<h3 class=\"wp-block-heading\"><strong>Luc\u00eda, nuestra T\u00e9cnica de Marketing Digital, con su <a href=\"https:\/\/animosa.es\/camisetas-manga-corta\/1998-camiseta-negra-cuadro-vichy.html\" target=\"_blank\" rel=\"noreferrer noopener\">Camiseta Vichy<\/a>.<\/strong><\/h3>\n\n\n\n<p>1. Pues la mism\u00edsima <a href=\"https:\/\/www.vogue.es\/belleza\/articulos\/historia-bette-davis-envejecer-hollywood\" target=\"_blank\" rel=\"noreferrer noopener\">Bette Davis<\/a>, que para algo grab\u00f3 \u00abLa mala hermana\u00bb. Igual que ella no se fren\u00f3 ante las cr\u00edticas, a nosotras \u00a1nadie nos frenar\u00e1 este 2022!<\/p>\n\n\n\n<p>2. Mi tradici\u00f3n navide\u00f1a es <strong>dejar los postres de Nochebuena sin recoger<\/strong> para, por la ma\u00f1ana, desayunar en pijama. Aunque hace tiempo que Mama Noel no pasa a desayunar.<\/p>\n<\/div><\/div>\n\n\n\n<div class=\"wp-block-media-text alignwide has-media-on-the-right is-stacked-on-mobile\" style=\"grid-template-columns:auto 46%\"><figure class=\"wp-block-media-text__media\"><img loading=\"lazy\" decoding=\"async\" width=\"554\" height=\"640\" src=\"https:\/\/animosa.es\/blog\/wp-content\/uploads\/2021\/11\/Paula-Gil-1.jpg\" alt=\"Nueva colecci\u00f3n Sisters | Vestido Isadora Gloria\" class=\"wp-image-1846 size-full\" srcset=\"https:\/\/animosa.es\/blog\/wp-content\/uploads\/2021\/11\/Paula-Gil-1.jpg 554w, https:\/\/animosa.es\/blog\/wp-content\/uploads\/2021\/11\/Paula-Gil-1-260x300.jpg 260w, https:\/\/animosa.es\/blog\/wp-content\/uploads\/2021\/11\/Paula-Gil-1-21x24.jpg 21w, https:\/\/animosa.es\/blog\/wp-content\/uploads\/2021\/11\/Paula-Gil-1-31x36.jpg 31w, https:\/\/animosa.es\/blog\/wp-content\/uploads\/2021\/11\/Paula-Gil-1-42x48.jpg 42w\" sizes=\"auto, (max-width: 554px) 100vw, 554px\" \/><\/figure><div class=\"wp-block-media-text__content\">\n<h3 class=\"wp-block-heading\"><strong>Desde nuestro departamento de marketing, Paula Gil con el <a href=\"https:\/\/animosa.es\/vestidos-y-monos\/1968-vestido-isadora-gloria.html\" target=\"_blank\" rel=\"noreferrer noopener\">Vestido Isadora Gloria<\/a>.<\/strong><\/h3>\n\n\n\n<p>1. No puedo escoger solo una <em>sister<\/em>. Para m\u00ed la clave de la palabra \u201csisters\u201d est\u00e1 en la \u201cS\u201d, en el plural, en la multitud de mujeres que nos apoyamos mutuamente y que cada vez hacen mayor la sororidad.<\/p>\n\n\n\n<p>2. Siempre meto algo de <strong>oro en la copa<\/strong> de champ\u00e1n al hacer el brindis despu\u00e9s de comer las uvas.<\/p>\n<\/div><\/div>\n\n\n\n<div class=\"wp-block-media-text alignwide is-stacked-on-mobile\" style=\"grid-template-columns:45% auto\"><figure class=\"wp-block-media-text__media\"><img loading=\"lazy\" decoding=\"async\" width=\"554\" height=\"640\" src=\"https:\/\/animosa.es\/blog\/wp-content\/uploads\/2021\/11\/Lara-1.jpg\" alt=\"Nueva colecci\u00f3n Sisters | Camiseta No Beso sapos\" class=\"wp-image-1852 size-full\" srcset=\"https:\/\/animosa.es\/blog\/wp-content\/uploads\/2021\/11\/Lara-1.jpg 554w, https:\/\/animosa.es\/blog\/wp-content\/uploads\/2021\/11\/Lara-1-260x300.jpg 260w, https:\/\/animosa.es\/blog\/wp-content\/uploads\/2021\/11\/Lara-1-21x24.jpg 21w, https:\/\/animosa.es\/blog\/wp-content\/uploads\/2021\/11\/Lara-1-31x36.jpg 31w, https:\/\/animosa.es\/blog\/wp-content\/uploads\/2021\/11\/Lara-1-42x48.jpg 42w\" sizes=\"auto, (max-width: 554px) 100vw, 554px\" \/><\/figure><div class=\"wp-block-media-text__content\">\n<h3 class=\"wp-block-heading\"><strong>Lara, nuestra Community Manager, le ha echado el ojo a la Camiseta <a href=\"https:\/\/animosa.es\/camisetas-manga-corta\/2015-camiseta-amarilla-no-beso-sapos.html\" target=\"_blank\" rel=\"noreferrer noopener\">No Beso Sapos<\/a><\/strong>.<\/h3>\n\n\n\n<p>1. Mis <em>sisters<\/em> son mis amigas. Ellas lo saben. Las de los festivales, las ca\u00f1as y los juegos de mesa. Gracias por estar ah\u00ed y por crear un entorno seguro para mi.<\/p>\n\n\n\n<p>2. Aunque ya no seamos ni\u00f1as, la magia de <strong>las Reinas Magas<\/strong> sigue viva en mi familia. Todas nos las ingeniamos para que por la ma\u00f1ana, \u00a1puf! Aparezcan los regalos bajo el \u00e1rbol por sorpresa.<\/p>\n<\/div><\/div>\n\n\n\n<div class=\"wp-block-media-text alignwide has-media-on-the-right is-stacked-on-mobile\" style=\"grid-template-columns:auto 45%\"><figure class=\"wp-block-media-text__media\"><img loading=\"lazy\" decoding=\"async\" width=\"554\" height=\"640\" src=\"https:\/\/animosa.es\/blog\/wp-content\/uploads\/2021\/11\/Andrea.jpg\" alt=\"Nueva colecci\u00f3n Sisters | Camiseta Serendipia\" class=\"wp-image-1851 size-full\" srcset=\"https:\/\/animosa.es\/blog\/wp-content\/uploads\/2021\/11\/Andrea.jpg 554w, https:\/\/animosa.es\/blog\/wp-content\/uploads\/2021\/11\/Andrea-260x300.jpg 260w, https:\/\/animosa.es\/blog\/wp-content\/uploads\/2021\/11\/Andrea-21x24.jpg 21w, https:\/\/animosa.es\/blog\/wp-content\/uploads\/2021\/11\/Andrea-31x36.jpg 31w, https:\/\/animosa.es\/blog\/wp-content\/uploads\/2021\/11\/Andrea-42x48.jpg 42w\" sizes=\"auto, (max-width: 554px) 100vw, 554px\" \/><\/figure><div class=\"wp-block-media-text__content\">\n<h3 class=\"wp-block-heading\"><strong>La Camiseta Serendipia parece hecha a medida para Andrea, nuestra representante comercial.<\/strong><\/h3>\n\n\n\n<p>1. Mi <em>sister<\/em> es mi hermana Mar\u00eda. Ella siempre se encarga de juntar a la familia y pasar tiempo juntos. \u00a1No puedo m\u00e1s que quererla y admirarla!<\/p>\n\n\n\n<p>2. Cada a\u00f1o, mi chico y yo nos compramos un <strong>pijama navide\u00f1o a conjunto<\/strong> y lo estrenamos el d\u00eda en que montamos el \u00e1rbol. \u00a1Qu\u00e9 colecci\u00f3n de fotos tenemos!<\/p>\n<\/div><\/div>\n\n\n\n<div class=\"wp-block-media-text alignwide is-stacked-on-mobile\" style=\"grid-template-columns:45% auto\"><figure class=\"wp-block-media-text__media\"><img loading=\"lazy\" decoding=\"async\" width=\"554\" height=\"640\" src=\"https:\/\/animosa.es\/blog\/wp-content\/uploads\/2021\/11\/Rebeca.jpg\" alt=\"\" class=\"wp-image-1856 size-full\" srcset=\"https:\/\/animosa.es\/blog\/wp-content\/uploads\/2021\/11\/Rebeca.jpg 554w, https:\/\/animosa.es\/blog\/wp-content\/uploads\/2021\/11\/Rebeca-260x300.jpg 260w, https:\/\/animosa.es\/blog\/wp-content\/uploads\/2021\/11\/Rebeca-21x24.jpg 21w, https:\/\/animosa.es\/blog\/wp-content\/uploads\/2021\/11\/Rebeca-31x36.jpg 31w, https:\/\/animosa.es\/blog\/wp-content\/uploads\/2021\/11\/Rebeca-42x48.jpg 42w\" sizes=\"auto, (max-width: 554px) 100vw, 554px\" \/><\/figure><div class=\"wp-block-media-text__content\">\n<h3 class=\"wp-block-heading\"><strong>Desde Catalu\u00f1a, nuestra comercial, Rebeca, luciendo <a href=\"https:\/\/animosa.es\/sudaderas-y-jerseys\/1977-sudadera-sisters.html\" target=\"_blank\" rel=\"noreferrer noopener\">Sudadera Sisters<\/a><\/strong>.<\/h3>\n\n\n\n<p>1. La mujer que me inspira es mi hija Aira. Tiene una manera maravillosa de ver la vida. Es mi chute de energ\u00eda de cada d\u00eda.<\/p>\n\n\n\n<p>2. Como buena catalana no hay Navidad sin hacer cagar el ti\u00f3. <strong>El \u00abcaga ti\u00f3\u00bb<\/strong> es un tronco de madera con cara, barretina y una mantita, al que alimentamos los d\u00edas previos a Navidad. En nochebuena, si nos hemos portado bien, nos caga regalos y muchas chuches.&nbsp;<\/p>\n<\/div><\/div>\n\n\n\n<p>\u00a1Cada a\u00f1o somos m\u00e1s! Y todo gracias a vuestro apoyo. Hasta aqu\u00ed llega nuestra presentaci\u00f3n, pero ahora os toca responder a vosotras. <strong>\u00bfOs atrev\u00e9is a revelarnos vuestros secretos? \u00a1Todo queda entre <em>\u00absisters\u00bb<\/em>!<\/strong><\/p>\n","protected":false},"excerpt":{"rendered":"<p>Esta semana estrenamos ropa, animosas. Nuestra Nueva Colecci\u00f3n Sisters ya est\u00e1 en la web y qu\u00e9 mejor forma de present\u00e1rosla que en primera persona. As\u00ed que hemos reunido a toda la familia Animosa para pedirles que escojan sus prendas favoritas. Y oye, ya sabes c\u00f3mo es esto de intentar reunir a todo el mundo. \u00a1No &hellip; <\/p>\n<p class=\"link-more\"><a href=\"https:\/\/animosa.es\/blog\/nueva-coleccion-sisters\/\" class=\"more-link\">Continuar leyendo<span class=\"screen-reader-text\"> \u00abOs presentamos nuestra Nueva Colecci\u00f3n\u00bb<\/span><\/a><\/p>\n","protected":false},"author":11,"featured_media":1862,"comment_status":"open","ping_status":"closed","sticky":false,"template":"","format":"standard","meta":{"_monsterinsights_skip_tracking":false,"_monsterinsights_sitenote_active":false,"_monsterinsights_sitenote_note":"","_monsterinsights_sitenote_category":0,"footnotes":""},"categories":[134,12],"tags":[],"class_list":["post-1824","post","type-post","status-publish","format-standard","has-post-thumbnail","hentry","category-nosotras","category-productos-animosa"],"yoast_head":"<!-- This site is optimized with the Yoast SEO plugin v27.4 - https:\/\/yoast.com\/product\/yoast-seo-wordpress\/ -->\n<title>Os presentamos nuestra Nueva Colecci\u00f3n - Animosa Blog<\/title>\n<meta name=\"description\" content=\"Llega nuestra Nueva Colecci\u00f3n Sisters. \u00a1Y este a\u00f1o te la presentamos en primera persona! Con\u00f3cenos y descubre nuestras prendas favoritas.\" \/>\n<meta name=\"robots\" content=\"index, follow, max-snippet:-1, max-image-preview:large, max-video-preview:-1\" \/>\n<link rel=\"canonical\" href=\"https:\/\/animosa.es\/blog\/nueva-coleccion-sisters\/\" \/>\n<meta property=\"og:locale\" content=\"es_ES\" \/>\n<meta property=\"og:type\" content=\"article\" \/>\n<meta property=\"og:title\" content=\"Os presentamos nuestra Nueva Colecci\u00f3n - Animosa Blog\" \/>\n<meta property=\"og:description\" content=\"Llega nuestra Nueva Colecci\u00f3n Sisters. \u00a1Y este a\u00f1o te la presentamos en primera persona! Con\u00f3cenos y descubre nuestras prendas favoritas.\" \/>\n<meta property=\"og:url\" content=\"https:\/\/animosa.es\/blog\/nueva-coleccion-sisters\/\" \/>\n<meta property=\"og:site_name\" content=\"Animosa Blog\" \/>\n<meta property=\"article:publisher\" content=\"https:\/\/www.facebook.com\/animosaoficial\" \/>\n<meta property=\"article:published_time\" content=\"2021-12-10T15:00:00+00:00\" \/>\n<meta property=\"article:modified_time\" content=\"2025-07-02T09:39:07+00:00\" \/>\n<meta property=\"og:image\" content=\"https:\/\/animosa.es\/blog\/wp-content\/uploads\/2021\/12\/cabecera_blog-sisters-640x400.jpg\" \/>\n\t<meta property=\"og:image:width\" content=\"640\" \/>\n\t<meta property=\"og:image:height\" content=\"400\" \/>\n\t<meta property=\"og:image:type\" content=\"image\/jpeg\" \/>\n<meta name=\"author\" content=\"Animosa\" \/>\n<meta name=\"twitter:card\" content=\"summary_large_image\" \/>\n<meta name=\"twitter:creator\" content=\"@animosaoficial\" \/>\n<meta name=\"twitter:site\" content=\"@animosaoficial\" \/>\n<meta name=\"twitter:label1\" content=\"Escrito por\" \/>\n\t<meta name=\"twitter:data1\" content=\"Animosa\" \/>\n\t<meta name=\"twitter:label2\" content=\"Tiempo de lectura\" \/>\n\t<meta name=\"twitter:data2\" content=\"7 minutos\" \/>\n<script type=\"application\/ld+json\" class=\"yoast-schema-graph\">{\"@context\":\"https:\\\/\\\/schema.org\",\"@graph\":[{\"@type\":\"Article\",\"@id\":\"https:\\\/\\\/animosa.es\\\/blog\\\/nueva-coleccion-sisters\\\/#article\",\"isPartOf\":{\"@id\":\"https:\\\/\\\/animosa.es\\\/blog\\\/nueva-coleccion-sisters\\\/\"},\"author\":{\"name\":\"Animosa\",\"@id\":\"https:\\\/\\\/animosa.es\\\/blog\\\/#\\\/schema\\\/person\\\/9fedcc64e2dce5534ff5ac57c4254968\"},\"headline\":\"Os presentamos nuestra Nueva Colecci\u00f3n\",\"datePublished\":\"2021-12-10T15:00:00+00:00\",\"dateModified\":\"2025-07-02T09:39:07+00:00\",\"mainEntityOfPage\":{\"@id\":\"https:\\\/\\\/animosa.es\\\/blog\\\/nueva-coleccion-sisters\\\/\"},\"wordCount\":1020,\"commentCount\":0,\"publisher\":{\"@id\":\"https:\\\/\\\/animosa.es\\\/blog\\\/#organization\"},\"image\":{\"@id\":\"https:\\\/\\\/animosa.es\\\/blog\\\/nueva-coleccion-sisters\\\/#primaryimage\"},\"thumbnailUrl\":\"https:\\\/\\\/animosa.es\\\/blog\\\/wp-content\\\/uploads\\\/2021\\\/12\\\/cabecera_blog-sisters.jpg\",\"articleSection\":[\"Nosotras\",\"Productos Animosa\"],\"inLanguage\":\"es\",\"potentialAction\":[{\"@type\":\"CommentAction\",\"name\":\"Comment\",\"target\":[\"https:\\\/\\\/animosa.es\\\/blog\\\/nueva-coleccion-sisters\\\/#respond\"]}]},{\"@type\":\"WebPage\",\"@id\":\"https:\\\/\\\/animosa.es\\\/blog\\\/nueva-coleccion-sisters\\\/\",\"url\":\"https:\\\/\\\/animosa.es\\\/blog\\\/nueva-coleccion-sisters\\\/\",\"name\":\"Os presentamos nuestra Nueva Colecci\u00f3n - Animosa Blog\",\"isPartOf\":{\"@id\":\"https:\\\/\\\/animosa.es\\\/blog\\\/#website\"},\"primaryImageOfPage\":{\"@id\":\"https:\\\/\\\/animosa.es\\\/blog\\\/nueva-coleccion-sisters\\\/#primaryimage\"},\"image\":{\"@id\":\"https:\\\/\\\/animosa.es\\\/blog\\\/nueva-coleccion-sisters\\\/#primaryimage\"},\"thumbnailUrl\":\"https:\\\/\\\/animosa.es\\\/blog\\\/wp-content\\\/uploads\\\/2021\\\/12\\\/cabecera_blog-sisters.jpg\",\"datePublished\":\"2021-12-10T15:00:00+00:00\",\"dateModified\":\"2025-07-02T09:39:07+00:00\",\"description\":\"Llega nuestra Nueva Colecci\u00f3n Sisters. \u00a1Y este a\u00f1o te la presentamos en primera persona! Con\u00f3cenos y descubre nuestras prendas favoritas.\",\"breadcrumb\":{\"@id\":\"https:\\\/\\\/animosa.es\\\/blog\\\/nueva-coleccion-sisters\\\/#breadcrumb\"},\"inLanguage\":\"es\",\"potentialAction\":[{\"@type\":\"ReadAction\",\"target\":[\"https:\\\/\\\/animosa.es\\\/blog\\\/nueva-coleccion-sisters\\\/\"]}]},{\"@type\":\"ImageObject\",\"inLanguage\":\"es\",\"@id\":\"https:\\\/\\\/animosa.es\\\/blog\\\/nueva-coleccion-sisters\\\/#primaryimage\",\"url\":\"https:\\\/\\\/animosa.es\\\/blog\\\/wp-content\\\/uploads\\\/2021\\\/12\\\/cabecera_blog-sisters.jpg\",\"contentUrl\":\"https:\\\/\\\/animosa.es\\\/blog\\\/wp-content\\\/uploads\\\/2021\\\/12\\\/cabecera_blog-sisters.jpg\",\"width\":1920,\"height\":1200,\"caption\":\"Nueva Coleccion Sisters\"},{\"@type\":\"BreadcrumbList\",\"@id\":\"https:\\\/\\\/animosa.es\\\/blog\\\/nueva-coleccion-sisters\\\/#breadcrumb\",\"itemListElement\":[{\"@type\":\"ListItem\",\"position\":1,\"name\":\"Portada\",\"item\":\"https:\\\/\\\/animosa.es\\\/blog\\\/\"},{\"@type\":\"ListItem\",\"position\":2,\"name\":\"Os presentamos nuestra Nueva Colecci\u00f3n\"}]},{\"@type\":\"WebSite\",\"@id\":\"https:\\\/\\\/animosa.es\\\/blog\\\/#website\",\"url\":\"https:\\\/\\\/animosa.es\\\/blog\\\/\",\"name\":\"Animosa Blog\",\"description\":\"Alma y Coraje: Mujeres importantes e inspiradoras\",\"publisher\":{\"@id\":\"https:\\\/\\\/animosa.es\\\/blog\\\/#organization\"},\"potentialAction\":[{\"@type\":\"SearchAction\",\"target\":{\"@type\":\"EntryPoint\",\"urlTemplate\":\"https:\\\/\\\/animosa.es\\\/blog\\\/?s={search_term_string}\"},\"query-input\":{\"@type\":\"PropertyValueSpecification\",\"valueRequired\":true,\"valueName\":\"search_term_string\"}}],\"inLanguage\":\"es\"},{\"@type\":\"Organization\",\"@id\":\"https:\\\/\\\/animosa.es\\\/blog\\\/#organization\",\"name\":\"Animosa\",\"url\":\"https:\\\/\\\/animosa.es\\\/blog\\\/\",\"logo\":{\"@type\":\"ImageObject\",\"inLanguage\":\"es\",\"@id\":\"https:\\\/\\\/animosa.es\\\/blog\\\/#\\\/schema\\\/logo\\\/image\\\/\",\"url\":\"https:\\\/\\\/animosa.es\\\/blog\\\/wp-content\\\/uploads\\\/2018\\\/11\\\/mi-tienda-logo-e1541405563290.png\",\"contentUrl\":\"https:\\\/\\\/animosa.es\\\/blog\\\/wp-content\\\/uploads\\\/2018\\\/11\\\/mi-tienda-logo-e1541405563290.png\",\"width\":170,\"height\":53,\"caption\":\"Animosa\"},\"image\":{\"@id\":\"https:\\\/\\\/animosa.es\\\/blog\\\/#\\\/schema\\\/logo\\\/image\\\/\"},\"sameAs\":[\"https:\\\/\\\/www.facebook.com\\\/animosaoficial\",\"https:\\\/\\\/x.com\\\/animosaoficial\",\"https:\\\/\\\/www.instagram.com\\\/animosaoficial\\\/\",\"https:\\\/\\\/www.pinterest.es\\\/animosaoficial\\\/\",\"https:\\\/\\\/www.youtube.com\\\/channel\\\/UCvpO4cBfsjLILe9zJnR_krw\"]},{\"@type\":\"Person\",\"@id\":\"https:\\\/\\\/animosa.es\\\/blog\\\/#\\\/schema\\\/person\\\/9fedcc64e2dce5534ff5ac57c4254968\",\"name\":\"Animosa\",\"url\":\"https:\\\/\\\/animosa.es\\\/blog\\\/author\\\/moderadora\\\/\"}]}<\/script>\n<!-- \/ Yoast SEO plugin. -->","yoast_head_json":{"title":"Os presentamos nuestra Nueva Colecci\u00f3n - Animosa Blog","description":"Llega nuestra Nueva Colecci\u00f3n Sisters. \u00a1Y este a\u00f1o te la presentamos en primera persona! Con\u00f3cenos y descubre nuestras prendas favoritas.","robots":{"index":"index","follow":"follow","max-snippet":"max-snippet:-1","max-image-preview":"max-image-preview:large","max-video-preview":"max-video-preview:-1"},"canonical":"https:\/\/animosa.es\/blog\/nueva-coleccion-sisters\/","og_locale":"es_ES","og_type":"article","og_title":"Os presentamos nuestra Nueva Colecci\u00f3n - Animosa Blog","og_description":"Llega nuestra Nueva Colecci\u00f3n Sisters. \u00a1Y este a\u00f1o te la presentamos en primera persona! Con\u00f3cenos y descubre nuestras prendas favoritas.","og_url":"https:\/\/animosa.es\/blog\/nueva-coleccion-sisters\/","og_site_name":"Animosa Blog","article_publisher":"https:\/\/www.facebook.com\/animosaoficial","article_published_time":"2021-12-10T15:00:00+00:00","article_modified_time":"2025-07-02T09:39:07+00:00","og_image":[{"width":640,"height":400,"url":"https:\/\/animosa.es\/blog\/wp-content\/uploads\/2021\/12\/cabecera_blog-sisters-640x400.jpg","type":"image\/jpeg"}],"author":"Animosa","twitter_card":"summary_large_image","twitter_creator":"@animosaoficial","twitter_site":"@animosaoficial","twitter_misc":{"Escrito por":"Animosa","Tiempo de lectura":"7 minutos"},"schema":{"@context":"https:\/\/schema.org","@graph":[{"@type":"Article","@id":"https:\/\/animosa.es\/blog\/nueva-coleccion-sisters\/#article","isPartOf":{"@id":"https:\/\/animosa.es\/blog\/nueva-coleccion-sisters\/"},"author":{"name":"Animosa","@id":"https:\/\/animosa.es\/blog\/#\/schema\/person\/9fedcc64e2dce5534ff5ac57c4254968"},"headline":"Os presentamos nuestra Nueva Colecci\u00f3n","datePublished":"2021-12-10T15:00:00+00:00","dateModified":"2025-07-02T09:39:07+00:00","mainEntityOfPage":{"@id":"https:\/\/animosa.es\/blog\/nueva-coleccion-sisters\/"},"wordCount":1020,"commentCount":0,"publisher":{"@id":"https:\/\/animosa.es\/blog\/#organization"},"image":{"@id":"https:\/\/animosa.es\/blog\/nueva-coleccion-sisters\/#primaryimage"},"thumbnailUrl":"https:\/\/animosa.es\/blog\/wp-content\/uploads\/2021\/12\/cabecera_blog-sisters.jpg","articleSection":["Nosotras","Productos Animosa"],"inLanguage":"es","potentialAction":[{"@type":"CommentAction","name":"Comment","target":["https:\/\/animosa.es\/blog\/nueva-coleccion-sisters\/#respond"]}]},{"@type":"WebPage","@id":"https:\/\/animosa.es\/blog\/nueva-coleccion-sisters\/","url":"https:\/\/animosa.es\/blog\/nueva-coleccion-sisters\/","name":"Os presentamos nuestra Nueva Colecci\u00f3n - Animosa Blog","isPartOf":{"@id":"https:\/\/animosa.es\/blog\/#website"},"primaryImageOfPage":{"@id":"https:\/\/animosa.es\/blog\/nueva-coleccion-sisters\/#primaryimage"},"image":{"@id":"https:\/\/animosa.es\/blog\/nueva-coleccion-sisters\/#primaryimage"},"thumbnailUrl":"https:\/\/animosa.es\/blog\/wp-content\/uploads\/2021\/12\/cabecera_blog-sisters.jpg","datePublished":"2021-12-10T15:00:00+00:00","dateModified":"2025-07-02T09:39:07+00:00","description":"Llega nuestra Nueva Colecci\u00f3n Sisters. \u00a1Y este a\u00f1o te la presentamos en primera persona! Con\u00f3cenos y descubre nuestras prendas favoritas.","breadcrumb":{"@id":"https:\/\/animosa.es\/blog\/nueva-coleccion-sisters\/#breadcrumb"},"inLanguage":"es","potentialAction":[{"@type":"ReadAction","target":["https:\/\/animosa.es\/blog\/nueva-coleccion-sisters\/"]}]},{"@type":"ImageObject","inLanguage":"es","@id":"https:\/\/animosa.es\/blog\/nueva-coleccion-sisters\/#primaryimage","url":"https:\/\/animosa.es\/blog\/wp-content\/uploads\/2021\/12\/cabecera_blog-sisters.jpg","contentUrl":"https:\/\/animosa.es\/blog\/wp-content\/uploads\/2021\/12\/cabecera_blog-sisters.jpg","width":1920,"height":1200,"caption":"Nueva Coleccion Sisters"},{"@type":"BreadcrumbList","@id":"https:\/\/animosa.es\/blog\/nueva-coleccion-sisters\/#breadcrumb","itemListElement":[{"@type":"ListItem","position":1,"name":"Portada","item":"https:\/\/animosa.es\/blog\/"},{"@type":"ListItem","position":2,"name":"Os presentamos nuestra Nueva Colecci\u00f3n"}]},{"@type":"WebSite","@id":"https:\/\/animosa.es\/blog\/#website","url":"https:\/\/animosa.es\/blog\/","name":"Animosa Blog","description":"Alma y Coraje: Mujeres importantes e inspiradoras","publisher":{"@id":"https:\/\/animosa.es\/blog\/#organization"},"potentialAction":[{"@type":"SearchAction","target":{"@type":"EntryPoint","urlTemplate":"https:\/\/animosa.es\/blog\/?s={search_term_string}"},"query-input":{"@type":"PropertyValueSpecification","valueRequired":true,"valueName":"search_term_string"}}],"inLanguage":"es"},{"@type":"Organization","@id":"https:\/\/animosa.es\/blog\/#organization","name":"Animosa","url":"https:\/\/animosa.es\/blog\/","logo":{"@type":"ImageObject","inLanguage":"es","@id":"https:\/\/animosa.es\/blog\/#\/schema\/logo\/image\/","url":"https:\/\/animosa.es\/blog\/wp-content\/uploads\/2018\/11\/mi-tienda-logo-e1541405563290.png","contentUrl":"https:\/\/animosa.es\/blog\/wp-content\/uploads\/2018\/11\/mi-tienda-logo-e1541405563290.png","width":170,"height":53,"caption":"Animosa"},"image":{"@id":"https:\/\/animosa.es\/blog\/#\/schema\/logo\/image\/"},"sameAs":["https:\/\/www.facebook.com\/animosaoficial","https:\/\/x.com\/animosaoficial","https:\/\/www.instagram.com\/animosaoficial\/","https:\/\/www.pinterest.es\/animosaoficial\/","https:\/\/www.youtube.com\/channel\/UCvpO4cBfsjLILe9zJnR_krw"]},{"@type":"Person","@id":"https:\/\/animosa.es\/blog\/#\/schema\/person\/9fedcc64e2dce5534ff5ac57c4254968","name":"Animosa","url":"https:\/\/animosa.es\/blog\/author\/moderadora\/"}]}},"_links":{"self":[{"href":"https:\/\/animosa.es\/blog\/wp-json\/wp\/v2\/posts\/1824","targetHints":{"allow":["GET"]}}],"collection":[{"href":"https:\/\/animosa.es\/blog\/wp-json\/wp\/v2\/posts"}],"about":[{"href":"https:\/\/animosa.es\/blog\/wp-json\/wp\/v2\/types\/post"}],"author":[{"embeddable":true,"href":"https:\/\/animosa.es\/blog\/wp-json\/wp\/v2\/users\/11"}],"replies":[{"embeddable":true,"href":"https:\/\/animosa.es\/blog\/wp-json\/wp\/v2\/comments?post=1824"}],"version-history":[{"count":18,"href":"https:\/\/animosa.es\/blog\/wp-json\/wp\/v2\/posts\/1824\/revisions"}],"predecessor-version":[{"id":1877,"href":"https:\/\/animosa.es\/blog\/wp-json\/wp\/v2\/posts\/1824\/revisions\/1877"}],"wp:featuredmedia":[{"embeddable":true,"href":"https:\/\/animosa.es\/blog\/wp-json\/wp\/v2\/media\/1862"}],"wp:attachment":[{"href":"https:\/\/animosa.es\/blog\/wp-json\/wp\/v2\/media?parent=1824"}],"wp:term":[{"taxonomy":"category","embeddable":true,"href":"https:\/\/animosa.es\/blog\/wp-json\/wp\/v2\/categories?post=1824"},{"taxonomy":"post_tag","embeddable":true,"href":"https:\/\/animosa.es\/blog\/wp-json\/wp\/v2\/tags?post=1824"}],"curies":[{"name":"wp","href":"https:\/\/api.w.org\/{rel}","templated":true}]}}