{"id":2902,"date":"2023-12-05T16:05:00","date_gmt":"2023-12-05T15:05:00","guid":{"rendered":"https:\/\/animosa.es\/blog\/?p=2902"},"modified":"2025-07-02T11:26:42","modified_gmt":"2025-07-02T09:26:42","slug":"asi-se-creo-nuestra-nueva-coleccion-rebelde","status":"publish","type":"post","link":"https:\/\/animosa.es\/blog\/asi-se-creo-nuestra-nueva-coleccion-rebelde\/","title":{"rendered":"As\u00ed se cre\u00f3 nuestra Nueva Colecci\u00f3n Rebelde"},"content":{"rendered":"\n<p>Nuestra Nueva Colecci\u00f3n acaba de estrenarse en <a href=\"https:\/\/animosa.es\/\">animosa.es<\/a>, \u00a1y le est\u00e1is dando much\u00edsimo amor! As\u00ed que quer\u00edamos animarnos a contaros un poquito m\u00e1s sobre ella. \u00bfY qui\u00e9n mejor para present\u00e1rnosla que las mujeres que la han creado?<\/p>\n\n\n\n<p>Hoy entrevistamos a Rebe, la directora creativa de Animosa, y a Carol, nuestra directora de arte, sobre c\u00f3mo naci\u00f3 esta Colecci\u00f3n Rebelde. All\u00e1 vamos, \u00a1primera pregunta!<\/p>\n\n\n\n<!--more-->\n\n\n\n<h2 class=\"wp-block-heading\"><strong>\u00bfC\u00f3mo es tu proceso creativo? \u00bfPor d\u00f3nde empiezas?<\/strong><\/h2>\n\n\n\n<p><strong>Rebe: <\/strong>Para mi es esencial conectar con una misma. A mi me funciona aislarme y recluirme en un lugar a solas y, a partir de ah\u00ed todo fluye y se ponen en orden todas las ideas que me han inspirado algo en los \u00faltimos meses. El retiro me permite tambi\u00e9n llevar los horarios alocados a los que est\u00e1 sujeto el proceso creativo.<\/p>\n\n\n\n<p><strong>Carol: <\/strong>Mi trabajo es dar un twist creativo a las ideas de Rebe y reflejarlo en el dise\u00f1o gr\u00e1fico de la prenda. El concepto visual viene bastante marcado por ella. Yo soy la que lo aterriza y lo convierte en la ilustraci\u00f3n, la frase o el estampado, fij\u00e1ndome mucho en la integraci\u00f3n de todos los elementos y tratando de que el dise\u00f1o final sea legible y original adem\u00e1s de bonito.<\/p>\n\n\n\n<figure class=\"wp-block-image size-full\"><img loading=\"lazy\" decoding=\"async\" width=\"799\" height=\"494\" src=\"https:\/\/animosa.es\/blog\/wp-content\/uploads\/2023\/12\/ellas-1.jpg\" alt=\"\" class=\"wp-image-2909\" srcset=\"https:\/\/animosa.es\/blog\/wp-content\/uploads\/2023\/12\/ellas-1.jpg 799w, https:\/\/animosa.es\/blog\/wp-content\/uploads\/2023\/12\/ellas-1-300x185.jpg 300w, https:\/\/animosa.es\/blog\/wp-content\/uploads\/2023\/12\/ellas-1-640x396.jpg 640w, https:\/\/animosa.es\/blog\/wp-content\/uploads\/2023\/12\/ellas-1-768x475.jpg 768w, https:\/\/animosa.es\/blog\/wp-content\/uploads\/2023\/12\/ellas-1-24x15.jpg 24w, https:\/\/animosa.es\/blog\/wp-content\/uploads\/2023\/12\/ellas-1-36x22.jpg 36w, https:\/\/animosa.es\/blog\/wp-content\/uploads\/2023\/12\/ellas-1-48x30.jpg 48w\" sizes=\"auto, (max-width: 767px) 89vw, (max-width: 1000px) 54vw, (max-width: 1071px) 543px, 580px\" \/><figcaption class=\"wp-element-caption\">Carolina Laguna y Rebeca Tenoira<\/figcaption><\/figure>\n\n\n\n<h2 class=\"wp-block-heading\"><strong>\u00bfCu\u00e1l fue el mayor reto al que hiciste frente en esta colecci\u00f3n?<\/strong><\/h2>\n\n\n\n<p><strong>C: <\/strong>Para m\u00ed, desde el dise\u00f1o puramente gr\u00e1fico: Innovar manteniendo la esencia. Creo que esta colecci\u00f3n es la m\u00e1s madura hasta la fecha. El reto ha sido rebajar el grafismo (menos ilustraciones, frases m\u00e1s integradas) y que se sienta que es una prenda Animosa.<\/p>\n\n\n\n<p><strong>R: <\/strong>Poquito a poco vamos ampliando nuestros productos y creando piezas m\u00e1s especiales, m\u00e1s laboriosas y que tienen un proceso de creaci\u00f3n m\u00e1s delicado y, me encanta porque vuelvo a conectar un poco con mi anterior etapa en el mundo de la novia.<\/p>\n\n\n\n<h2 class=\"wp-block-heading\"><strong>\u00bfCu\u00e1l es la prenda m\u00e1s especial para ti en esta colecci\u00f3n? \u00bfPor qu\u00e9?<\/strong><\/h2>\n\n\n\n<p>R: La <a href=\"https:\/\/animosa.es\/moda-faldas-y-pantalones\/2813-9407-falda-tul-plumeti-cisne-negro.html#\/11-color-negro\/45-talla-xs\">falda de tul plumeti<\/a> la considero un fetiche en el armario de cualquier mujer. Es sexy, dulce y muy femenina. Trabajamos mucho el patr\u00f3n para que el vuelo y la capa de tul duro interior le de el volumen perfecto y a pesar de su vuelo estilice porque se adapta muy bien en la cintura. Me traslada a las ic\u00f3nicas faldas tut\u00fa de las que muchas de nosotras nos enamoramos con Sarah Jessica Parker en Sexo en Nueva York y, de las que a\u00fan a d\u00eda de hoy sigue siendo embajadora.<\/p>\n\n\n\n<figure class=\"wp-block-image size-full\"><a href=\"https:\/\/animosa.es\/moda-faldas-y-pantalones\/2813-9407-falda-tul-plumeti-cisne-negro.html#\/11-color-negro\/45-talla-xs\" target=\"_blank\" rel=\"noreferrer noopener\"><img loading=\"lazy\" decoding=\"async\" width=\"799\" height=\"494\" src=\"https:\/\/animosa.es\/blog\/wp-content\/uploads\/2023\/12\/falda-plumeti.jpg\" alt=\"\" class=\"wp-image-2905\" srcset=\"https:\/\/animosa.es\/blog\/wp-content\/uploads\/2023\/12\/falda-plumeti.jpg 799w, https:\/\/animosa.es\/blog\/wp-content\/uploads\/2023\/12\/falda-plumeti-300x185.jpg 300w, https:\/\/animosa.es\/blog\/wp-content\/uploads\/2023\/12\/falda-plumeti-640x396.jpg 640w, https:\/\/animosa.es\/blog\/wp-content\/uploads\/2023\/12\/falda-plumeti-768x475.jpg 768w, https:\/\/animosa.es\/blog\/wp-content\/uploads\/2023\/12\/falda-plumeti-24x15.jpg 24w, https:\/\/animosa.es\/blog\/wp-content\/uploads\/2023\/12\/falda-plumeti-36x22.jpg 36w, https:\/\/animosa.es\/blog\/wp-content\/uploads\/2023\/12\/falda-plumeti-48x30.jpg 48w\" sizes=\"auto, (max-width: 767px) 89vw, (max-width: 1000px) 54vw, (max-width: 1071px) 543px, 580px\" \/><\/a><figcaption class=\"wp-element-caption\">Falda Tul plumeti Cisne negro y Camiseta manga larga Mujer rebelde<\/figcaption><\/figure>\n\n\n\n<p>En cuanto al significado me quedo con la <a href=\"https:\/\/animosa.es\/buscar?controller=search&amp;s=las+mariposas\">l\u00ednea de camuflaje<\/a> con corazones de mariposas que es nuestro homenaje a tres grandes guerreras, iconos de la lucha por la libertad y los derechos de las mujeres. <a href=\"https:\/\/www.es.amnesty.org\/en-que-estamos\/blog\/historia\/articulo\/las-hermanas-mirabal-origen-del-dia-internacional-de-la-violencia-contra-la-mujer\/\">Las hermanas Mirabal<\/a> conocidas como \u201cLas mariposas\u201d.<\/p>\n\n\n\n<p>C: Yo voy a tirar de ego en esta respuesta. Quer\u00edamos una <a href=\"https:\/\/animosa.es\/buscar?controller=search&amp;s=emma+goldman\">l\u00ednea de inspiraci\u00f3n punk<\/a> con ollaos y efecto lavado. Fue mi idea tomar a Emma Goldman como referente. Si lees un poquito sobre ella ver\u00e1s que no se puede ser m\u00e1s punky. Fue un aut\u00e9ntico hurac\u00e1n pol\u00edtico.<\/p>\n\n\n\n<h2 class=\"wp-block-heading\"><strong>\u00bfQu\u00e9 crees que diferencia a esta colecci\u00f3n de las otras colecciones de Animosa?<\/strong><\/h2>\n\n\n\n<p>C: Creo que esta colecci\u00f3n es digna de pasarela, \u00a1Rebe encontrar\u00e1 una palabra mejor! El empoderamiento para nosotras es una constante y eso en el dise\u00f1o gr\u00e1fico siempre es un reto. Pero esta colecci\u00f3n hemos elevado el empoderamiento a los tejidos y los estampados: <a href=\"https:\/\/animosa.es\/buscar?controller=search&amp;s=raya+diplomatica\">tenemos raya diplom\u00e1tica<\/a> (\u00bfpuede ser eso m\u00e1s de jefa?), <a href=\"https:\/\/animosa.es\/buscar?controller=search&amp;s=gueparda+cereza\">animal print de gueparda fucsia<\/a> o de serpiente rojo, camuflaje\u2026 Llevar eso sobre la piel da una fuerza brutal y lo hemos cuidado al mil\u00edmetro.<\/p>\n\n\n\n<p>R: Una temporada m\u00e1s el objetivo ha sido no dejar de sorprenderos, y la incorporaci\u00f3n de nuevos tejidos nos ha permitido crear prendas diferentes&#8230; El satinado, la ecopiel, la viscosa estampada&#8230; \u00a1Son solo algunos ejemplos entre todo lo nuevo que os vais a encontrar!<\/p>\n\n\n\n<figure class=\"wp-block-image size-full\"><a href=\"https:\/\/animosa.es\/buscar?controller=search&amp;s=gueparda+cereza\" target=\"_blank\" rel=\"noreferrer noopener\"><img loading=\"lazy\" decoding=\"async\" width=\"799\" height=\"494\" src=\"https:\/\/animosa.es\/blog\/wp-content\/uploads\/2023\/12\/gueparda.jpg\" alt=\"\" class=\"wp-image-2906\" srcset=\"https:\/\/animosa.es\/blog\/wp-content\/uploads\/2023\/12\/gueparda.jpg 799w, https:\/\/animosa.es\/blog\/wp-content\/uploads\/2023\/12\/gueparda-300x185.jpg 300w, https:\/\/animosa.es\/blog\/wp-content\/uploads\/2023\/12\/gueparda-640x396.jpg 640w, https:\/\/animosa.es\/blog\/wp-content\/uploads\/2023\/12\/gueparda-768x475.jpg 768w, https:\/\/animosa.es\/blog\/wp-content\/uploads\/2023\/12\/gueparda-24x15.jpg 24w, https:\/\/animosa.es\/blog\/wp-content\/uploads\/2023\/12\/gueparda-36x22.jpg 36w, https:\/\/animosa.es\/blog\/wp-content\/uploads\/2023\/12\/gueparda-48x30.jpg 48w\" sizes=\"auto, (max-width: 767px) 89vw, (max-width: 1000px) 54vw, (max-width: 1071px) 543px, 580px\" \/><\/a><figcaption class=\"wp-element-caption\">Conjunto Gueparda cereza<\/figcaption><\/figure>\n\n\n\n<h2 class=\"wp-block-heading\"><strong>Las prendas de Animosa se inspiran en grandes mujeres y sus historias. \u00bfCu\u00e1l destacar\u00edas t\u00fa?<\/strong><\/h2>\n\n\n\n<p>R: Son muchas las que me inspiran, no podr\u00eda decir una sola. En esta colecci\u00f3n, concretamente, me quedo con la frase de Minerva Mirabal: \u201cYo solo sab\u00eda de luchas con mis armas naturales, la sinceridad, la ternura y el cari\u00f1o\u201d. Otra gran referente es <a href=\"https:\/\/www.soziable.es\/eleanor-roosevelt-impulsora-declaracion-derechos-humanos\">Eleanor Rooselvelt<\/a>, que nos ha dejado verdaderas joyas de sabidur\u00eda. Con la que m\u00e1s conecto es: \u201cNadie puede hacerte sentir inferior sin tu consentimiento\u201d.<\/p>\n\n\n\n<p>C: Pues yo retomo la pregunta de antes: ojal\u00e1 unas ca\u00f1itas con <a href=\"https:\/\/www.revistavanityfair.es\/poder\/articulos\/emma-goldman-historia-vida\/44940\">Emma Goldman<\/a>, tal y como est\u00e1 el mundo ahora de polarizado. Me encantar\u00eda escucharla. Ella ser\u00eda de las de no quedarse quieta y eso me parece admirable.<\/p>\n\n\n\n<figure class=\"wp-block-image size-full\"><img loading=\"lazy\" decoding=\"async\" width=\"799\" height=\"494\" src=\"https:\/\/animosa.es\/blog\/wp-content\/uploads\/2023\/12\/eleanor.jpg\" alt=\"\" class=\"wp-image-2908\" srcset=\"https:\/\/animosa.es\/blog\/wp-content\/uploads\/2023\/12\/eleanor.jpg 799w, https:\/\/animosa.es\/blog\/wp-content\/uploads\/2023\/12\/eleanor-300x185.jpg 300w, https:\/\/animosa.es\/blog\/wp-content\/uploads\/2023\/12\/eleanor-640x396.jpg 640w, https:\/\/animosa.es\/blog\/wp-content\/uploads\/2023\/12\/eleanor-768x475.jpg 768w, https:\/\/animosa.es\/blog\/wp-content\/uploads\/2023\/12\/eleanor-24x15.jpg 24w, https:\/\/animosa.es\/blog\/wp-content\/uploads\/2023\/12\/eleanor-36x22.jpg 36w, https:\/\/animosa.es\/blog\/wp-content\/uploads\/2023\/12\/eleanor-48x30.jpg 48w\" sizes=\"auto, (max-width: 767px) 89vw, (max-width: 1000px) 54vw, (max-width: 1071px) 543px, 580px\" \/><\/figure>\n\n\n\n<h2 class=\"wp-block-heading\"><strong>Todas las marcas cambian con el tiempo. \u00bfNotas esa evoluci\u00f3n en Animosa? \u00bfHacia d\u00f3nde crees que est\u00e1 evolucionando la marca?<\/strong><\/h2>\n\n\n\n<p>C: S\u00ed! Con may\u00fascula. Yo llevo en Animosa desde el principio, desde las camisetas unisex de algod\u00f3n con una frase gigante en el medio. Cada colecci\u00f3n supera a la anterior en patrones, en tejidos, en dise\u00f1os, en detalles\u2026 De hecho, esta Colecci\u00f3n Rebelde es preciosa\u2026 pero (spoiler) ya ver\u00e1s la siguiente \ud83d\ude09<\/p>\n\n\n\n<p>R: Creo que con cada colecci\u00f3n evolucionamos hacia una marca con una clienta m\u00e1s comprometida que sintoniza con nuestros valores, esencia y filosof\u00eda. A esa marca de referencia en tu armario que a\u00fana valores, cultura, empoderamiento y calidad en sus productos. Muchas de nuestras clientas nos acompa\u00f1an desde nuestros inicios, y esperamos poder mantenerlas a nuestro lado por muchos a\u00f1os m\u00e1s.<\/p>\n\n\n\n<figure class=\"wp-block-image size-full\"><img loading=\"lazy\" decoding=\"async\" width=\"799\" height=\"494\" src=\"https:\/\/animosa.es\/blog\/wp-content\/uploads\/2023\/12\/femme-power.jpg\" alt=\"\" class=\"wp-image-2907\" srcset=\"https:\/\/animosa.es\/blog\/wp-content\/uploads\/2023\/12\/femme-power.jpg 799w, https:\/\/animosa.es\/blog\/wp-content\/uploads\/2023\/12\/femme-power-300x185.jpg 300w, https:\/\/animosa.es\/blog\/wp-content\/uploads\/2023\/12\/femme-power-640x396.jpg 640w, https:\/\/animosa.es\/blog\/wp-content\/uploads\/2023\/12\/femme-power-768x475.jpg 768w, https:\/\/animosa.es\/blog\/wp-content\/uploads\/2023\/12\/femme-power-24x15.jpg 24w, https:\/\/animosa.es\/blog\/wp-content\/uploads\/2023\/12\/femme-power-36x22.jpg 36w, https:\/\/animosa.es\/blog\/wp-content\/uploads\/2023\/12\/femme-power-48x30.jpg 48w\" sizes=\"auto, (max-width: 767px) 89vw, (max-width: 1000px) 54vw, (max-width: 1071px) 543px, 580px\" \/><\/figure>\n\n\n\n<p>\u00bfY t\u00fa? \u00bfHas notado la evoluci\u00f3n de Animosa? \u00bfQu\u00e9 es lo que m\u00e1s te gusta de nuestra <a href=\"https:\/\/animosa.es\/buscar?controller=search&amp;s=C17\">Nueva Colecci\u00f3n Rebelde<\/a>?<\/p>\n","protected":false},"excerpt":{"rendered":"<p>Nuestra Nueva Colecci\u00f3n acaba de estrenarse en animosa.es, \u00a1y le est\u00e1is dando much\u00edsimo amor! As\u00ed que quer\u00edamos animarnos a contaros un poquito m\u00e1s sobre ella. \u00bfY qui\u00e9n mejor para present\u00e1rnosla que las mujeres que la han creado? Hoy entrevistamos a Rebe, la directora creativa de Animosa, y a Carol, nuestra directora de arte, sobre c\u00f3mo &hellip; <\/p>\n<p class=\"link-more\"><a href=\"https:\/\/animosa.es\/blog\/asi-se-creo-nuestra-nueva-coleccion-rebelde\/\" class=\"more-link\">Continuar leyendo<span class=\"screen-reader-text\"> \u00abAs\u00ed se cre\u00f3 nuestra Nueva Colecci\u00f3n Rebelde\u00bb<\/span><\/a><\/p>\n","protected":false},"author":11,"featured_media":2910,"comment_status":"open","ping_status":"closed","sticky":false,"template":"","format":"standard","meta":{"_monsterinsights_skip_tracking":false,"_monsterinsights_sitenote_active":false,"_monsterinsights_sitenote_note":"","_monsterinsights_sitenote_category":0,"footnotes":""},"categories":[20,12],"tags":[19,9],"class_list":["post-2902","post","type-post","status-publish","format-standard","has-post-thumbnail","hentry","category-entrevistas","category-productos-animosa","tag-mujeres-animosa","tag-productos-animosa"],"yoast_head":"<!-- This site is optimized with the Yoast SEO plugin v27.4 - https:\/\/yoast.com\/product\/yoast-seo-wordpress\/ -->\n<title>As\u00ed se cre\u00f3 nuestra Nueva Colecci\u00f3n Rebelde - Animosa Blog<\/title>\n<meta name=\"description\" content=\"Llega a animosa.es nuestra Nueva Colecci\u00f3n Rebelde. \u00bfQuieres saber c\u00f3mo se cre\u00f3? Nos lo cuentan Carol y Rebe en la entrevista de hoy.\" \/>\n<meta name=\"robots\" content=\"index, follow, max-snippet:-1, max-image-preview:large, max-video-preview:-1\" \/>\n<link rel=\"canonical\" href=\"https:\/\/animosa.es\/blog\/asi-se-creo-nuestra-nueva-coleccion-rebelde\/\" \/>\n<meta property=\"og:locale\" content=\"es_ES\" \/>\n<meta property=\"og:type\" content=\"article\" \/>\n<meta property=\"og:title\" content=\"As\u00ed se cre\u00f3 nuestra Nueva Colecci\u00f3n Rebelde - Animosa Blog\" \/>\n<meta property=\"og:description\" content=\"Llega a animosa.es nuestra Nueva Colecci\u00f3n Rebelde. \u00bfQuieres saber c\u00f3mo se cre\u00f3? Nos lo cuentan Carol y Rebe en la entrevista de hoy.\" \/>\n<meta property=\"og:url\" content=\"https:\/\/animosa.es\/blog\/asi-se-creo-nuestra-nueva-coleccion-rebelde\/\" \/>\n<meta property=\"og:site_name\" content=\"Animosa Blog\" \/>\n<meta property=\"article:publisher\" content=\"https:\/\/www.facebook.com\/animosaoficial\" \/>\n<meta property=\"article:published_time\" content=\"2023-12-05T15:05:00+00:00\" \/>\n<meta property=\"article:modified_time\" content=\"2025-07-02T09:26:42+00:00\" \/>\n<meta property=\"og:image\" content=\"https:\/\/animosa.es\/blog\/wp-content\/uploads\/2023\/12\/cabecera.jpg\" \/>\n\t<meta property=\"og:image:width\" content=\"1920\" \/>\n\t<meta property=\"og:image:height\" content=\"1200\" \/>\n\t<meta property=\"og:image:type\" content=\"image\/jpeg\" \/>\n<meta name=\"author\" content=\"Animosa\" \/>\n<meta name=\"twitter:card\" content=\"summary_large_image\" \/>\n<meta name=\"twitter:creator\" content=\"@animosaoficial\" \/>\n<meta name=\"twitter:site\" content=\"@animosaoficial\" \/>\n<meta name=\"twitter:label1\" content=\"Escrito por\" \/>\n\t<meta name=\"twitter:data1\" content=\"Animosa\" \/>\n\t<meta name=\"twitter:label2\" content=\"Tiempo de lectura\" \/>\n\t<meta name=\"twitter:data2\" content=\"6 minutos\" \/>\n<script type=\"application\/ld+json\" class=\"yoast-schema-graph\">{\"@context\":\"https:\\\/\\\/schema.org\",\"@graph\":[{\"@type\":\"Article\",\"@id\":\"https:\\\/\\\/animosa.es\\\/blog\\\/asi-se-creo-nuestra-nueva-coleccion-rebelde\\\/#article\",\"isPartOf\":{\"@id\":\"https:\\\/\\\/animosa.es\\\/blog\\\/asi-se-creo-nuestra-nueva-coleccion-rebelde\\\/\"},\"author\":{\"name\":\"Animosa\",\"@id\":\"https:\\\/\\\/animosa.es\\\/blog\\\/#\\\/schema\\\/person\\\/9fedcc64e2dce5534ff5ac57c4254968\"},\"headline\":\"As\u00ed se cre\u00f3 nuestra Nueva Colecci\u00f3n Rebelde\",\"datePublished\":\"2023-12-05T15:05:00+00:00\",\"dateModified\":\"2025-07-02T09:26:42+00:00\",\"mainEntityOfPage\":{\"@id\":\"https:\\\/\\\/animosa.es\\\/blog\\\/asi-se-creo-nuestra-nueva-coleccion-rebelde\\\/\"},\"wordCount\":1022,\"commentCount\":0,\"publisher\":{\"@id\":\"https:\\\/\\\/animosa.es\\\/blog\\\/#organization\"},\"image\":{\"@id\":\"https:\\\/\\\/animosa.es\\\/blog\\\/asi-se-creo-nuestra-nueva-coleccion-rebelde\\\/#primaryimage\"},\"thumbnailUrl\":\"https:\\\/\\\/animosa.es\\\/blog\\\/wp-content\\\/uploads\\\/2023\\\/12\\\/cabecera.jpg\",\"keywords\":[\"Mujeres Animosa\",\"Productos Animosa\"],\"articleSection\":[\"Entrevistas\",\"Productos Animosa\"],\"inLanguage\":\"es\",\"potentialAction\":[{\"@type\":\"CommentAction\",\"name\":\"Comment\",\"target\":[\"https:\\\/\\\/animosa.es\\\/blog\\\/asi-se-creo-nuestra-nueva-coleccion-rebelde\\\/#respond\"]}]},{\"@type\":\"WebPage\",\"@id\":\"https:\\\/\\\/animosa.es\\\/blog\\\/asi-se-creo-nuestra-nueva-coleccion-rebelde\\\/\",\"url\":\"https:\\\/\\\/animosa.es\\\/blog\\\/asi-se-creo-nuestra-nueva-coleccion-rebelde\\\/\",\"name\":\"As\u00ed se cre\u00f3 nuestra Nueva Colecci\u00f3n Rebelde - Animosa Blog\",\"isPartOf\":{\"@id\":\"https:\\\/\\\/animosa.es\\\/blog\\\/#website\"},\"primaryImageOfPage\":{\"@id\":\"https:\\\/\\\/animosa.es\\\/blog\\\/asi-se-creo-nuestra-nueva-coleccion-rebelde\\\/#primaryimage\"},\"image\":{\"@id\":\"https:\\\/\\\/animosa.es\\\/blog\\\/asi-se-creo-nuestra-nueva-coleccion-rebelde\\\/#primaryimage\"},\"thumbnailUrl\":\"https:\\\/\\\/animosa.es\\\/blog\\\/wp-content\\\/uploads\\\/2023\\\/12\\\/cabecera.jpg\",\"datePublished\":\"2023-12-05T15:05:00+00:00\",\"dateModified\":\"2025-07-02T09:26:42+00:00\",\"description\":\"Llega a animosa.es nuestra Nueva Colecci\u00f3n Rebelde. \u00bfQuieres saber c\u00f3mo se cre\u00f3? Nos lo cuentan Carol y Rebe en la entrevista de hoy.\",\"breadcrumb\":{\"@id\":\"https:\\\/\\\/animosa.es\\\/blog\\\/asi-se-creo-nuestra-nueva-coleccion-rebelde\\\/#breadcrumb\"},\"inLanguage\":\"es\",\"potentialAction\":[{\"@type\":\"ReadAction\",\"target\":[\"https:\\\/\\\/animosa.es\\\/blog\\\/asi-se-creo-nuestra-nueva-coleccion-rebelde\\\/\"]}]},{\"@type\":\"ImageObject\",\"inLanguage\":\"es\",\"@id\":\"https:\\\/\\\/animosa.es\\\/blog\\\/asi-se-creo-nuestra-nueva-coleccion-rebelde\\\/#primaryimage\",\"url\":\"https:\\\/\\\/animosa.es\\\/blog\\\/wp-content\\\/uploads\\\/2023\\\/12\\\/cabecera.jpg\",\"contentUrl\":\"https:\\\/\\\/animosa.es\\\/blog\\\/wp-content\\\/uploads\\\/2023\\\/12\\\/cabecera.jpg\",\"width\":1920,\"height\":1200},{\"@type\":\"BreadcrumbList\",\"@id\":\"https:\\\/\\\/animosa.es\\\/blog\\\/asi-se-creo-nuestra-nueva-coleccion-rebelde\\\/#breadcrumb\",\"itemListElement\":[{\"@type\":\"ListItem\",\"position\":1,\"name\":\"Portada\",\"item\":\"https:\\\/\\\/animosa.es\\\/blog\\\/\"},{\"@type\":\"ListItem\",\"position\":2,\"name\":\"As\u00ed se cre\u00f3 nuestra Nueva Colecci\u00f3n Rebelde\"}]},{\"@type\":\"WebSite\",\"@id\":\"https:\\\/\\\/animosa.es\\\/blog\\\/#website\",\"url\":\"https:\\\/\\\/animosa.es\\\/blog\\\/\",\"name\":\"Animosa Blog\",\"description\":\"Alma y Coraje: Mujeres importantes e inspiradoras\",\"publisher\":{\"@id\":\"https:\\\/\\\/animosa.es\\\/blog\\\/#organization\"},\"potentialAction\":[{\"@type\":\"SearchAction\",\"target\":{\"@type\":\"EntryPoint\",\"urlTemplate\":\"https:\\\/\\\/animosa.es\\\/blog\\\/?s={search_term_string}\"},\"query-input\":{\"@type\":\"PropertyValueSpecification\",\"valueRequired\":true,\"valueName\":\"search_term_string\"}}],\"inLanguage\":\"es\"},{\"@type\":\"Organization\",\"@id\":\"https:\\\/\\\/animosa.es\\\/blog\\\/#organization\",\"name\":\"Animosa\",\"url\":\"https:\\\/\\\/animosa.es\\\/blog\\\/\",\"logo\":{\"@type\":\"ImageObject\",\"inLanguage\":\"es\",\"@id\":\"https:\\\/\\\/animosa.es\\\/blog\\\/#\\\/schema\\\/logo\\\/image\\\/\",\"url\":\"https:\\\/\\\/animosa.es\\\/blog\\\/wp-content\\\/uploads\\\/2018\\\/11\\\/mi-tienda-logo-e1541405563290.png\",\"contentUrl\":\"https:\\\/\\\/animosa.es\\\/blog\\\/wp-content\\\/uploads\\\/2018\\\/11\\\/mi-tienda-logo-e1541405563290.png\",\"width\":170,\"height\":53,\"caption\":\"Animosa\"},\"image\":{\"@id\":\"https:\\\/\\\/animosa.es\\\/blog\\\/#\\\/schema\\\/logo\\\/image\\\/\"},\"sameAs\":[\"https:\\\/\\\/www.facebook.com\\\/animosaoficial\",\"https:\\\/\\\/x.com\\\/animosaoficial\",\"https:\\\/\\\/www.instagram.com\\\/animosaoficial\\\/\",\"https:\\\/\\\/www.pinterest.es\\\/animosaoficial\\\/\",\"https:\\\/\\\/www.youtube.com\\\/channel\\\/UCvpO4cBfsjLILe9zJnR_krw\"]},{\"@type\":\"Person\",\"@id\":\"https:\\\/\\\/animosa.es\\\/blog\\\/#\\\/schema\\\/person\\\/9fedcc64e2dce5534ff5ac57c4254968\",\"name\":\"Animosa\",\"url\":\"https:\\\/\\\/animosa.es\\\/blog\\\/author\\\/moderadora\\\/\"}]}<\/script>\n<!-- \/ Yoast SEO plugin. -->","yoast_head_json":{"title":"As\u00ed se cre\u00f3 nuestra Nueva Colecci\u00f3n Rebelde - Animosa Blog","description":"Llega a animosa.es nuestra Nueva Colecci\u00f3n Rebelde. \u00bfQuieres saber c\u00f3mo se cre\u00f3? Nos lo cuentan Carol y Rebe en la entrevista de hoy.","robots":{"index":"index","follow":"follow","max-snippet":"max-snippet:-1","max-image-preview":"max-image-preview:large","max-video-preview":"max-video-preview:-1"},"canonical":"https:\/\/animosa.es\/blog\/asi-se-creo-nuestra-nueva-coleccion-rebelde\/","og_locale":"es_ES","og_type":"article","og_title":"As\u00ed se cre\u00f3 nuestra Nueva Colecci\u00f3n Rebelde - Animosa Blog","og_description":"Llega a animosa.es nuestra Nueva Colecci\u00f3n Rebelde. \u00bfQuieres saber c\u00f3mo se cre\u00f3? Nos lo cuentan Carol y Rebe en la entrevista de hoy.","og_url":"https:\/\/animosa.es\/blog\/asi-se-creo-nuestra-nueva-coleccion-rebelde\/","og_site_name":"Animosa Blog","article_publisher":"https:\/\/www.facebook.com\/animosaoficial","article_published_time":"2023-12-05T15:05:00+00:00","article_modified_time":"2025-07-02T09:26:42+00:00","og_image":[{"width":1920,"height":1200,"url":"https:\/\/animosa.es\/blog\/wp-content\/uploads\/2023\/12\/cabecera.jpg","type":"image\/jpeg"}],"author":"Animosa","twitter_card":"summary_large_image","twitter_creator":"@animosaoficial","twitter_site":"@animosaoficial","twitter_misc":{"Escrito por":"Animosa","Tiempo de lectura":"6 minutos"},"schema":{"@context":"https:\/\/schema.org","@graph":[{"@type":"Article","@id":"https:\/\/animosa.es\/blog\/asi-se-creo-nuestra-nueva-coleccion-rebelde\/#article","isPartOf":{"@id":"https:\/\/animosa.es\/blog\/asi-se-creo-nuestra-nueva-coleccion-rebelde\/"},"author":{"name":"Animosa","@id":"https:\/\/animosa.es\/blog\/#\/schema\/person\/9fedcc64e2dce5534ff5ac57c4254968"},"headline":"As\u00ed se cre\u00f3 nuestra Nueva Colecci\u00f3n Rebelde","datePublished":"2023-12-05T15:05:00+00:00","dateModified":"2025-07-02T09:26:42+00:00","mainEntityOfPage":{"@id":"https:\/\/animosa.es\/blog\/asi-se-creo-nuestra-nueva-coleccion-rebelde\/"},"wordCount":1022,"commentCount":0,"publisher":{"@id":"https:\/\/animosa.es\/blog\/#organization"},"image":{"@id":"https:\/\/animosa.es\/blog\/asi-se-creo-nuestra-nueva-coleccion-rebelde\/#primaryimage"},"thumbnailUrl":"https:\/\/animosa.es\/blog\/wp-content\/uploads\/2023\/12\/cabecera.jpg","keywords":["Mujeres Animosa","Productos Animosa"],"articleSection":["Entrevistas","Productos Animosa"],"inLanguage":"es","potentialAction":[{"@type":"CommentAction","name":"Comment","target":["https:\/\/animosa.es\/blog\/asi-se-creo-nuestra-nueva-coleccion-rebelde\/#respond"]}]},{"@type":"WebPage","@id":"https:\/\/animosa.es\/blog\/asi-se-creo-nuestra-nueva-coleccion-rebelde\/","url":"https:\/\/animosa.es\/blog\/asi-se-creo-nuestra-nueva-coleccion-rebelde\/","name":"As\u00ed se cre\u00f3 nuestra Nueva Colecci\u00f3n Rebelde - Animosa Blog","isPartOf":{"@id":"https:\/\/animosa.es\/blog\/#website"},"primaryImageOfPage":{"@id":"https:\/\/animosa.es\/blog\/asi-se-creo-nuestra-nueva-coleccion-rebelde\/#primaryimage"},"image":{"@id":"https:\/\/animosa.es\/blog\/asi-se-creo-nuestra-nueva-coleccion-rebelde\/#primaryimage"},"thumbnailUrl":"https:\/\/animosa.es\/blog\/wp-content\/uploads\/2023\/12\/cabecera.jpg","datePublished":"2023-12-05T15:05:00+00:00","dateModified":"2025-07-02T09:26:42+00:00","description":"Llega a animosa.es nuestra Nueva Colecci\u00f3n Rebelde. \u00bfQuieres saber c\u00f3mo se cre\u00f3? Nos lo cuentan Carol y Rebe en la entrevista de hoy.","breadcrumb":{"@id":"https:\/\/animosa.es\/blog\/asi-se-creo-nuestra-nueva-coleccion-rebelde\/#breadcrumb"},"inLanguage":"es","potentialAction":[{"@type":"ReadAction","target":["https:\/\/animosa.es\/blog\/asi-se-creo-nuestra-nueva-coleccion-rebelde\/"]}]},{"@type":"ImageObject","inLanguage":"es","@id":"https:\/\/animosa.es\/blog\/asi-se-creo-nuestra-nueva-coleccion-rebelde\/#primaryimage","url":"https:\/\/animosa.es\/blog\/wp-content\/uploads\/2023\/12\/cabecera.jpg","contentUrl":"https:\/\/animosa.es\/blog\/wp-content\/uploads\/2023\/12\/cabecera.jpg","width":1920,"height":1200},{"@type":"BreadcrumbList","@id":"https:\/\/animosa.es\/blog\/asi-se-creo-nuestra-nueva-coleccion-rebelde\/#breadcrumb","itemListElement":[{"@type":"ListItem","position":1,"name":"Portada","item":"https:\/\/animosa.es\/blog\/"},{"@type":"ListItem","position":2,"name":"As\u00ed se cre\u00f3 nuestra Nueva Colecci\u00f3n Rebelde"}]},{"@type":"WebSite","@id":"https:\/\/animosa.es\/blog\/#website","url":"https:\/\/animosa.es\/blog\/","name":"Animosa Blog","description":"Alma y Coraje: Mujeres importantes e inspiradoras","publisher":{"@id":"https:\/\/animosa.es\/blog\/#organization"},"potentialAction":[{"@type":"SearchAction","target":{"@type":"EntryPoint","urlTemplate":"https:\/\/animosa.es\/blog\/?s={search_term_string}"},"query-input":{"@type":"PropertyValueSpecification","valueRequired":true,"valueName":"search_term_string"}}],"inLanguage":"es"},{"@type":"Organization","@id":"https:\/\/animosa.es\/blog\/#organization","name":"Animosa","url":"https:\/\/animosa.es\/blog\/","logo":{"@type":"ImageObject","inLanguage":"es","@id":"https:\/\/animosa.es\/blog\/#\/schema\/logo\/image\/","url":"https:\/\/animosa.es\/blog\/wp-content\/uploads\/2018\/11\/mi-tienda-logo-e1541405563290.png","contentUrl":"https:\/\/animosa.es\/blog\/wp-content\/uploads\/2018\/11\/mi-tienda-logo-e1541405563290.png","width":170,"height":53,"caption":"Animosa"},"image":{"@id":"https:\/\/animosa.es\/blog\/#\/schema\/logo\/image\/"},"sameAs":["https:\/\/www.facebook.com\/animosaoficial","https:\/\/x.com\/animosaoficial","https:\/\/www.instagram.com\/animosaoficial\/","https:\/\/www.pinterest.es\/animosaoficial\/","https:\/\/www.youtube.com\/channel\/UCvpO4cBfsjLILe9zJnR_krw"]},{"@type":"Person","@id":"https:\/\/animosa.es\/blog\/#\/schema\/person\/9fedcc64e2dce5534ff5ac57c4254968","name":"Animosa","url":"https:\/\/animosa.es\/blog\/author\/moderadora\/"}]}},"_links":{"self":[{"href":"https:\/\/animosa.es\/blog\/wp-json\/wp\/v2\/posts\/2902","targetHints":{"allow":["GET"]}}],"collection":[{"href":"https:\/\/animosa.es\/blog\/wp-json\/wp\/v2\/posts"}],"about":[{"href":"https:\/\/animosa.es\/blog\/wp-json\/wp\/v2\/types\/post"}],"author":[{"embeddable":true,"href":"https:\/\/animosa.es\/blog\/wp-json\/wp\/v2\/users\/11"}],"replies":[{"embeddable":true,"href":"https:\/\/animosa.es\/blog\/wp-json\/wp\/v2\/comments?post=2902"}],"version-history":[{"count":3,"href":"https:\/\/animosa.es\/blog\/wp-json\/wp\/v2\/posts\/2902\/revisions"}],"predecessor-version":[{"id":2913,"href":"https:\/\/animosa.es\/blog\/wp-json\/wp\/v2\/posts\/2902\/revisions\/2913"}],"wp:featuredmedia":[{"embeddable":true,"href":"https:\/\/animosa.es\/blog\/wp-json\/wp\/v2\/media\/2910"}],"wp:attachment":[{"href":"https:\/\/animosa.es\/blog\/wp-json\/wp\/v2\/media?parent=2902"}],"wp:term":[{"taxonomy":"category","embeddable":true,"href":"https:\/\/animosa.es\/blog\/wp-json\/wp\/v2\/categories?post=2902"},{"taxonomy":"post_tag","embeddable":true,"href":"https:\/\/animosa.es\/blog\/wp-json\/wp\/v2\/tags?post=2902"}],"curies":[{"name":"wp","href":"https:\/\/api.w.org\/{rel}","templated":true}]}}