{"id":2987,"date":"2024-04-02T16:00:00","date_gmt":"2024-04-02T14:00:00","guid":{"rendered":"https:\/\/animosa.es\/blog\/?p=2987"},"modified":"2024-03-27T12:04:40","modified_gmt":"2024-03-27T11:04:40","slug":"las-grandes-mujeres-en-la-que-se-inspira-nuestra-nueva-coleccion","status":"publish","type":"post","link":"https:\/\/animosa.es\/blog\/las-grandes-mujeres-en-la-que-se-inspira-nuestra-nueva-coleccion\/","title":{"rendered":"Las grandes mujeres en las que se inspira nuestra Nueva Colecci\u00f3n"},"content":{"rendered":"\n<p>Nuestra Nueva Colecci\u00f3n de Papeler\u00eda est\u00e1 a punto de llegar a <a href=\"https:\/\/animosa.es\/28-papeleria\" target=\"_blank\" rel=\"noreferrer noopener\">animosa.es<\/a>, y no nos aguantamos las ganas de hablaros de ella. Por eso hoy os vamos a dejar por aqu\u00ed con un peque\u00f1o adelanto. Porque&#8230; \u00bfA qui\u00e9n no le gusta el chisme? \u00a1Y m\u00e1s si es sobre grandes mujeres! Pues de ellas os vamos a hablar: <strong>Las grandes mujeres en las que se inspira nuestra Nueva Colecci\u00f3n<\/strong>. Tenemos compositoras, poetas, cient\u00edficas y aventureras, y vale mucho la pena conocerlas. \u00a1Sigue leyendo y pon a prueba tu conocimiento sobre ellas!<\/p>\n\n\n\n<!--more-->\n\n\n\n<h2 class=\"wp-block-heading has-text-align-center\"><strong>Isabella Bird<\/strong><\/h2>\n\n\n\n<figure class=\"wp-block-image size-large\"><img loading=\"lazy\" decoding=\"async\" width=\"640\" height=\"480\" src=\"https:\/\/animosa.es\/blog\/wp-content\/uploads\/2024\/03\/mujeres_P8_isabella-640x480.jpg\" alt=\"Las grandes mujeres en la que se inspira nuestra Nueva Colecci\u00f3n\" class=\"wp-image-2995\" srcset=\"https:\/\/animosa.es\/blog\/wp-content\/uploads\/2024\/03\/mujeres_P8_isabella-640x480.jpg 640w, https:\/\/animosa.es\/blog\/wp-content\/uploads\/2024\/03\/mujeres_P8_isabella-300x225.jpg 300w, https:\/\/animosa.es\/blog\/wp-content\/uploads\/2024\/03\/mujeres_P8_isabella-768x576.jpg 768w, https:\/\/animosa.es\/blog\/wp-content\/uploads\/2024\/03\/mujeres_P8_isabella.jpg 960w\" sizes=\"auto, (max-width: 640px) 100vw, 640px\" \/><\/figure>\n\n\n\n<p>La primera de las grandes mujeres en la que se inspira nuestra Nueva Colecci\u00f3n es la brit\u00e1nica<a href=\"https:\/\/mujeresconciencia.com\/2022\/06\/23\/isabella-bird-una-autentica-exploradora-y-escritora-del-siglo-xix\/\" target=\"_blank\" rel=\"noreferrer noopener\"><strong> Isabella Bird.<\/strong><\/a> Una aut\u00e9ntica exploradora en plena \u00e9poca victoriana, amigas. Estuvo en pa\u00edses donde casi nadie hab\u00eda viajado (menos a\u00fan mujeres) y recogi\u00f3 todas sus vivencias y conocimientos de las distintas culturas que conoci\u00f3 en libros de viajes y fotograf\u00edas. As\u00ed que aventurera, escritora y fot\u00f3grafa, pero adem\u00e1s tambi\u00e9n naturalista y enfermera.<\/p>\n\n\n\n<p>Ay, \u00a1c\u00f3mo nos est\u00e1 costando no ense\u00f1aros c\u00f3mo la hemos imaginado e ilustrado! Solo una pista: las cubiertas van a estar llenas de color. Os dejamos sus palabras: <em>\u00abLa vida es una gran aventura, y cuanto m\u00e1s vivimos, m\u00e1s aventuras encontramos\u00bb.<\/em><\/p>\n\n\n\n<h2 class=\"wp-block-heading has-text-align-center\"><strong>Grandes mujeres en la que se inspira nuestra Nueva Colecci\u00f3n: Nannerl Mozart<\/strong><\/h2>\n\n\n\n<figure class=\"wp-block-image size-large\"><img loading=\"lazy\" decoding=\"async\" width=\"640\" height=\"480\" src=\"https:\/\/animosa.es\/blog\/wp-content\/uploads\/2024\/03\/mujeres_P8_nannerl-640x480.jpg\" alt=\"\" class=\"wp-image-2997\" srcset=\"https:\/\/animosa.es\/blog\/wp-content\/uploads\/2024\/03\/mujeres_P8_nannerl-640x480.jpg 640w, https:\/\/animosa.es\/blog\/wp-content\/uploads\/2024\/03\/mujeres_P8_nannerl-300x225.jpg 300w, https:\/\/animosa.es\/blog\/wp-content\/uploads\/2024\/03\/mujeres_P8_nannerl-768x576.jpg 768w, https:\/\/animosa.es\/blog\/wp-content\/uploads\/2024\/03\/mujeres_P8_nannerl.jpg 960w\" sizes=\"auto, (max-width: 640px) 100vw, 640px\" \/><\/figure>\n\n\n\n<p>Por favor, d\u00e9mosle visibilidad a esta genia. Por ella, por tantas. <strong><a href=\"https:\/\/lamenteesmaravillosa.com\/mujeres-en-la-sombra-nannerl-o-la-desconocida-hermana-de-mozart\/\" target=\"_blank\" rel=\"noreferrer noopener\">Nannerl Mozart<\/a><\/strong> fue una aut\u00e9ntica ni\u00f1a prodigio, desde los siete a\u00f1os destacaba como interprete de pianoforte y clavic\u00e9mbalo. \u00a1Dicen que lleg\u00f3 a componer peque\u00f1as piezas a esa edad! Su padre exhibi\u00f3 su talento desde bien peque\u00f1a por las cortes de Viena y Par\u00eds (se la lleg\u00f3 a considerar una de las mejores artistas de todo el continente).  Sin embargo, mientras su hermano Wolfgang continu\u00f3 con su carrera musical, Nannerl tuvo que abandonarla para ejercer de madre y esposa. A pesar de todo, trabaj\u00f3 como profesora de piano y sigui\u00f3 tocando este instrumento hasta su muerte. No permitamos que siga silenciada.<\/p>\n\n\n\n<h2 class=\"wp-block-heading has-text-align-center\"><strong>Mar\u00eda Mari\u00f1o<\/strong><\/h2>\n\n\n\n<figure class=\"wp-block-image size-large\"><img loading=\"lazy\" decoding=\"async\" width=\"640\" height=\"480\" src=\"https:\/\/animosa.es\/blog\/wp-content\/uploads\/2024\/03\/mujeres_P8_maria-640x480.jpg\" alt=\"\" class=\"wp-image-2996\" srcset=\"https:\/\/animosa.es\/blog\/wp-content\/uploads\/2024\/03\/mujeres_P8_maria-640x480.jpg 640w, https:\/\/animosa.es\/blog\/wp-content\/uploads\/2024\/03\/mujeres_P8_maria-300x225.jpg 300w, https:\/\/animosa.es\/blog\/wp-content\/uploads\/2024\/03\/mujeres_P8_maria-768x576.jpg 768w, https:\/\/animosa.es\/blog\/wp-content\/uploads\/2024\/03\/mujeres_P8_maria.jpg 960w\" sizes=\"auto, (max-width: 640px) 100vw, 640px\" \/><\/figure>\n\n\n\n<p>La enigm\u00e1tica poeta gallega <strong>Mar\u00eda Mari\u00f1o<\/strong> s\u00f3lo public\u00f3 un libro en vida: <em>&#8216;Palabra no tempo&#8217;<\/em>. Su figura estuvo cargada de misterio por su lejan\u00eda de los c\u00edrculos literarios de la \u00e9poca, y estuvo olvidada durante a\u00f1os. Pero su voz era \u00fanica. Sus versos, colocados en la portada de nuestras agendas y libretas, son la mejor manera de brindarle un homenaje.<\/p>\n\n\n\n<h2 class=\"wp-block-heading has-text-align-center\"><strong>\u00bfC\u00f3mo ser\u00e1 este a\u00f1o nuestra Rosal\u00eda?<\/strong><\/h2>\n\n\n\n<figure class=\"wp-block-image size-large\"><img loading=\"lazy\" decoding=\"async\" width=\"640\" height=\"480\" src=\"https:\/\/animosa.es\/blog\/wp-content\/uploads\/2024\/03\/mujeres_P8_rosalia-640x480.jpg\" alt=\"\" class=\"wp-image-2998\" srcset=\"https:\/\/animosa.es\/blog\/wp-content\/uploads\/2024\/03\/mujeres_P8_rosalia-640x480.jpg 640w, https:\/\/animosa.es\/blog\/wp-content\/uploads\/2024\/03\/mujeres_P8_rosalia-300x225.jpg 300w, https:\/\/animosa.es\/blog\/wp-content\/uploads\/2024\/03\/mujeres_P8_rosalia-768x576.jpg 768w, https:\/\/animosa.es\/blog\/wp-content\/uploads\/2024\/03\/mujeres_P8_rosalia.jpg 960w\" sizes=\"auto, (max-width: 640px) 100vw, 640px\" \/><\/figure>\n\n\n\n<p>Ojal\u00e1 os volvamos a sorprender con ella. Para nosotras se ha convertido en la mujer imprescindible, no hay colecci\u00f3n sin Rosal\u00eda de Castro, por lo que tambi\u00e9n es un reto.  Poco nos queda que decir de la mujer que elev\u00f3 las letras gallegas, fue pionera del pensamiento feminista o cant\u00f3 como nadie a nuestra tierra. A ver si adivin\u00e1is c\u00f3mo la hemos ilustrado esta vez. <\/p>\n\n\n\n<p>Nada, no queda nada para que ve\u00e1is nuestra nueva colecci\u00f3n. Casi un a\u00f1o prepar\u00e1ndola, cuidando los detalles, supervisando los soportes&#8230; En unas semanas ser\u00e1 m\u00e1s vuestra que nuestra. Nos morimos de ganas de que nos deis vuestro feedback.<\/p>\n","protected":false},"excerpt":{"rendered":"<p>Nuestra Nueva Colecci\u00f3n de Papeler\u00eda est\u00e1 a punto de llegar a animosa.es, y no nos aguantamos las ganas de hablaros de ella. Por eso hoy os vamos a dejar por aqu\u00ed con un peque\u00f1o adelanto. Porque&#8230; \u00bfA qui\u00e9n no le gusta el chisme? \u00a1Y m\u00e1s si es sobre grandes mujeres! Pues de ellas os vamos &hellip; <\/p>\n<p class=\"link-more\"><a href=\"https:\/\/animosa.es\/blog\/las-grandes-mujeres-en-la-que-se-inspira-nuestra-nueva-coleccion\/\" class=\"more-link\">Continuar leyendo<span class=\"screen-reader-text\"> \u00abLas grandes mujeres en las que se inspira nuestra Nueva Colecci\u00f3n\u00bb<\/span><\/a><\/p>\n","protected":false},"author":11,"featured_media":2989,"comment_status":"open","ping_status":"closed","sticky":false,"template":"","format":"standard","meta":{"_monsterinsights_skip_tracking":false,"_monsterinsights_sitenote_active":false,"_monsterinsights_sitenote_note":"","_monsterinsights_sitenote_category":0,"footnotes":""},"categories":[11],"tags":[15,9],"class_list":["post-2987","post","type-post","status-publish","format-standard","has-post-thumbnail","hentry","category-grandes-mujeres-de-la-historia","tag-grandes-mujeres","tag-productos-animosa"],"yoast_head":"<!-- This site is optimized with the Yoast SEO plugin v27.4 - https:\/\/yoast.com\/product\/yoast-seo-wordpress\/ -->\n<title>Las grandes mujeres en las que se inspira nuestra Nueva Colecci\u00f3n - Animosa Blog<\/title>\n<meta name=\"description\" content=\"Descubre las grandes mujeres en la que se inspira la Nueva Colecci\u00f3n de papeler\u00eda de Animosa y conoce todo sobre ellas.\" \/>\n<meta name=\"robots\" content=\"index, follow, max-snippet:-1, max-image-preview:large, max-video-preview:-1\" \/>\n<link rel=\"canonical\" href=\"https:\/\/animosa.es\/blog\/las-grandes-mujeres-en-la-que-se-inspira-nuestra-nueva-coleccion\/\" \/>\n<meta property=\"og:locale\" content=\"es_ES\" \/>\n<meta property=\"og:type\" content=\"article\" \/>\n<meta property=\"og:title\" content=\"Las grandes mujeres en las que se inspira nuestra Nueva Colecci\u00f3n - Animosa Blog\" \/>\n<meta property=\"og:description\" content=\"Descubre las grandes mujeres en la que se inspira la Nueva Colecci\u00f3n de papeler\u00eda de Animosa y conoce todo sobre ellas.\" \/>\n<meta property=\"og:url\" content=\"https:\/\/animosa.es\/blog\/las-grandes-mujeres-en-la-que-se-inspira-nuestra-nueva-coleccion\/\" \/>\n<meta property=\"og:site_name\" content=\"Animosa Blog\" \/>\n<meta property=\"article:publisher\" content=\"https:\/\/www.facebook.com\/animosaoficial\" \/>\n<meta property=\"article:published_time\" content=\"2024-04-02T14:00:00+00:00\" \/>\n<meta property=\"og:image\" content=\"https:\/\/animosa.es\/blog\/wp-content\/uploads\/2024\/03\/mujeres-P8.jpg\" \/>\n\t<meta property=\"og:image:width\" content=\"1920\" \/>\n\t<meta property=\"og:image:height\" content=\"1200\" \/>\n\t<meta property=\"og:image:type\" content=\"image\/jpeg\" \/>\n<meta name=\"author\" content=\"Animosa\" \/>\n<meta name=\"twitter:card\" content=\"summary_large_image\" \/>\n<meta name=\"twitter:creator\" content=\"@animosaoficial\" \/>\n<meta name=\"twitter:site\" content=\"@animosaoficial\" \/>\n<meta name=\"twitter:label1\" content=\"Escrito por\" \/>\n\t<meta name=\"twitter:data1\" content=\"Animosa\" \/>\n\t<meta name=\"twitter:label2\" content=\"Tiempo de lectura\" \/>\n\t<meta name=\"twitter:data2\" content=\"4 minutos\" \/>\n<script type=\"application\/ld+json\" class=\"yoast-schema-graph\">{\"@context\":\"https:\\\/\\\/schema.org\",\"@graph\":[{\"@type\":\"Article\",\"@id\":\"https:\\\/\\\/animosa.es\\\/blog\\\/las-grandes-mujeres-en-la-que-se-inspira-nuestra-nueva-coleccion\\\/#article\",\"isPartOf\":{\"@id\":\"https:\\\/\\\/animosa.es\\\/blog\\\/las-grandes-mujeres-en-la-que-se-inspira-nuestra-nueva-coleccion\\\/\"},\"author\":{\"name\":\"Animosa\",\"@id\":\"https:\\\/\\\/animosa.es\\\/blog\\\/#\\\/schema\\\/person\\\/9fedcc64e2dce5534ff5ac57c4254968\"},\"headline\":\"Las grandes mujeres en las que se inspira nuestra Nueva Colecci\u00f3n\",\"datePublished\":\"2024-04-02T14:00:00+00:00\",\"mainEntityOfPage\":{\"@id\":\"https:\\\/\\\/animosa.es\\\/blog\\\/las-grandes-mujeres-en-la-que-se-inspira-nuestra-nueva-coleccion\\\/\"},\"wordCount\":562,\"commentCount\":0,\"publisher\":{\"@id\":\"https:\\\/\\\/animosa.es\\\/blog\\\/#organization\"},\"image\":{\"@id\":\"https:\\\/\\\/animosa.es\\\/blog\\\/las-grandes-mujeres-en-la-que-se-inspira-nuestra-nueva-coleccion\\\/#primaryimage\"},\"thumbnailUrl\":\"https:\\\/\\\/animosa.es\\\/blog\\\/wp-content\\\/uploads\\\/2024\\\/03\\\/mujeres-P8.jpg\",\"keywords\":[\"Grandes mujeres\",\"Productos Animosa\"],\"articleSection\":[\"Grandes mujeres de la historia\"],\"inLanguage\":\"es\",\"potentialAction\":[{\"@type\":\"CommentAction\",\"name\":\"Comment\",\"target\":[\"https:\\\/\\\/animosa.es\\\/blog\\\/las-grandes-mujeres-en-la-que-se-inspira-nuestra-nueva-coleccion\\\/#respond\"]}]},{\"@type\":\"WebPage\",\"@id\":\"https:\\\/\\\/animosa.es\\\/blog\\\/las-grandes-mujeres-en-la-que-se-inspira-nuestra-nueva-coleccion\\\/\",\"url\":\"https:\\\/\\\/animosa.es\\\/blog\\\/las-grandes-mujeres-en-la-que-se-inspira-nuestra-nueva-coleccion\\\/\",\"name\":\"Las grandes mujeres en las que se inspira nuestra Nueva Colecci\u00f3n - Animosa Blog\",\"isPartOf\":{\"@id\":\"https:\\\/\\\/animosa.es\\\/blog\\\/#website\"},\"primaryImageOfPage\":{\"@id\":\"https:\\\/\\\/animosa.es\\\/blog\\\/las-grandes-mujeres-en-la-que-se-inspira-nuestra-nueva-coleccion\\\/#primaryimage\"},\"image\":{\"@id\":\"https:\\\/\\\/animosa.es\\\/blog\\\/las-grandes-mujeres-en-la-que-se-inspira-nuestra-nueva-coleccion\\\/#primaryimage\"},\"thumbnailUrl\":\"https:\\\/\\\/animosa.es\\\/blog\\\/wp-content\\\/uploads\\\/2024\\\/03\\\/mujeres-P8.jpg\",\"datePublished\":\"2024-04-02T14:00:00+00:00\",\"description\":\"Descubre las grandes mujeres en la que se inspira la Nueva Colecci\u00f3n de papeler\u00eda de Animosa y conoce todo sobre ellas.\",\"breadcrumb\":{\"@id\":\"https:\\\/\\\/animosa.es\\\/blog\\\/las-grandes-mujeres-en-la-que-se-inspira-nuestra-nueva-coleccion\\\/#breadcrumb\"},\"inLanguage\":\"es\",\"potentialAction\":[{\"@type\":\"ReadAction\",\"target\":[\"https:\\\/\\\/animosa.es\\\/blog\\\/las-grandes-mujeres-en-la-que-se-inspira-nuestra-nueva-coleccion\\\/\"]}]},{\"@type\":\"ImageObject\",\"inLanguage\":\"es\",\"@id\":\"https:\\\/\\\/animosa.es\\\/blog\\\/las-grandes-mujeres-en-la-que-se-inspira-nuestra-nueva-coleccion\\\/#primaryimage\",\"url\":\"https:\\\/\\\/animosa.es\\\/blog\\\/wp-content\\\/uploads\\\/2024\\\/03\\\/mujeres-P8.jpg\",\"contentUrl\":\"https:\\\/\\\/animosa.es\\\/blog\\\/wp-content\\\/uploads\\\/2024\\\/03\\\/mujeres-P8.jpg\",\"width\":1920,\"height\":1200,\"caption\":\"Mujeres Animosa Papeler\u00eda\"},{\"@type\":\"BreadcrumbList\",\"@id\":\"https:\\\/\\\/animosa.es\\\/blog\\\/las-grandes-mujeres-en-la-que-se-inspira-nuestra-nueva-coleccion\\\/#breadcrumb\",\"itemListElement\":[{\"@type\":\"ListItem\",\"position\":1,\"name\":\"Portada\",\"item\":\"https:\\\/\\\/animosa.es\\\/blog\\\/\"},{\"@type\":\"ListItem\",\"position\":2,\"name\":\"Las grandes mujeres en las que se inspira nuestra Nueva Colecci\u00f3n\"}]},{\"@type\":\"WebSite\",\"@id\":\"https:\\\/\\\/animosa.es\\\/blog\\\/#website\",\"url\":\"https:\\\/\\\/animosa.es\\\/blog\\\/\",\"name\":\"Animosa Blog\",\"description\":\"Alma y Coraje: Mujeres importantes e inspiradoras\",\"publisher\":{\"@id\":\"https:\\\/\\\/animosa.es\\\/blog\\\/#organization\"},\"potentialAction\":[{\"@type\":\"SearchAction\",\"target\":{\"@type\":\"EntryPoint\",\"urlTemplate\":\"https:\\\/\\\/animosa.es\\\/blog\\\/?s={search_term_string}\"},\"query-input\":{\"@type\":\"PropertyValueSpecification\",\"valueRequired\":true,\"valueName\":\"search_term_string\"}}],\"inLanguage\":\"es\"},{\"@type\":\"Organization\",\"@id\":\"https:\\\/\\\/animosa.es\\\/blog\\\/#organization\",\"name\":\"Animosa\",\"url\":\"https:\\\/\\\/animosa.es\\\/blog\\\/\",\"logo\":{\"@type\":\"ImageObject\",\"inLanguage\":\"es\",\"@id\":\"https:\\\/\\\/animosa.es\\\/blog\\\/#\\\/schema\\\/logo\\\/image\\\/\",\"url\":\"https:\\\/\\\/animosa.es\\\/blog\\\/wp-content\\\/uploads\\\/2018\\\/11\\\/mi-tienda-logo-e1541405563290.png\",\"contentUrl\":\"https:\\\/\\\/animosa.es\\\/blog\\\/wp-content\\\/uploads\\\/2018\\\/11\\\/mi-tienda-logo-e1541405563290.png\",\"width\":170,\"height\":53,\"caption\":\"Animosa\"},\"image\":{\"@id\":\"https:\\\/\\\/animosa.es\\\/blog\\\/#\\\/schema\\\/logo\\\/image\\\/\"},\"sameAs\":[\"https:\\\/\\\/www.facebook.com\\\/animosaoficial\",\"https:\\\/\\\/x.com\\\/animosaoficial\",\"https:\\\/\\\/www.instagram.com\\\/animosaoficial\\\/\",\"https:\\\/\\\/www.pinterest.es\\\/animosaoficial\\\/\",\"https:\\\/\\\/www.youtube.com\\\/channel\\\/UCvpO4cBfsjLILe9zJnR_krw\"]},{\"@type\":\"Person\",\"@id\":\"https:\\\/\\\/animosa.es\\\/blog\\\/#\\\/schema\\\/person\\\/9fedcc64e2dce5534ff5ac57c4254968\",\"name\":\"Animosa\",\"url\":\"https:\\\/\\\/animosa.es\\\/blog\\\/author\\\/moderadora\\\/\"}]}<\/script>\n<!-- \/ Yoast SEO plugin. -->","yoast_head_json":{"title":"Las grandes mujeres en las que se inspira nuestra Nueva Colecci\u00f3n - Animosa Blog","description":"Descubre las grandes mujeres en la que se inspira la Nueva Colecci\u00f3n de papeler\u00eda de Animosa y conoce todo sobre ellas.","robots":{"index":"index","follow":"follow","max-snippet":"max-snippet:-1","max-image-preview":"max-image-preview:large","max-video-preview":"max-video-preview:-1"},"canonical":"https:\/\/animosa.es\/blog\/las-grandes-mujeres-en-la-que-se-inspira-nuestra-nueva-coleccion\/","og_locale":"es_ES","og_type":"article","og_title":"Las grandes mujeres en las que se inspira nuestra Nueva Colecci\u00f3n - Animosa Blog","og_description":"Descubre las grandes mujeres en la que se inspira la Nueva Colecci\u00f3n de papeler\u00eda de Animosa y conoce todo sobre ellas.","og_url":"https:\/\/animosa.es\/blog\/las-grandes-mujeres-en-la-que-se-inspira-nuestra-nueva-coleccion\/","og_site_name":"Animosa Blog","article_publisher":"https:\/\/www.facebook.com\/animosaoficial","article_published_time":"2024-04-02T14:00:00+00:00","og_image":[{"width":1920,"height":1200,"url":"https:\/\/animosa.es\/blog\/wp-content\/uploads\/2024\/03\/mujeres-P8.jpg","type":"image\/jpeg"}],"author":"Animosa","twitter_card":"summary_large_image","twitter_creator":"@animosaoficial","twitter_site":"@animosaoficial","twitter_misc":{"Escrito por":"Animosa","Tiempo de lectura":"4 minutos"},"schema":{"@context":"https:\/\/schema.org","@graph":[{"@type":"Article","@id":"https:\/\/animosa.es\/blog\/las-grandes-mujeres-en-la-que-se-inspira-nuestra-nueva-coleccion\/#article","isPartOf":{"@id":"https:\/\/animosa.es\/blog\/las-grandes-mujeres-en-la-que-se-inspira-nuestra-nueva-coleccion\/"},"author":{"name":"Animosa","@id":"https:\/\/animosa.es\/blog\/#\/schema\/person\/9fedcc64e2dce5534ff5ac57c4254968"},"headline":"Las grandes mujeres en las que se inspira nuestra Nueva Colecci\u00f3n","datePublished":"2024-04-02T14:00:00+00:00","mainEntityOfPage":{"@id":"https:\/\/animosa.es\/blog\/las-grandes-mujeres-en-la-que-se-inspira-nuestra-nueva-coleccion\/"},"wordCount":562,"commentCount":0,"publisher":{"@id":"https:\/\/animosa.es\/blog\/#organization"},"image":{"@id":"https:\/\/animosa.es\/blog\/las-grandes-mujeres-en-la-que-se-inspira-nuestra-nueva-coleccion\/#primaryimage"},"thumbnailUrl":"https:\/\/animosa.es\/blog\/wp-content\/uploads\/2024\/03\/mujeres-P8.jpg","keywords":["Grandes mujeres","Productos Animosa"],"articleSection":["Grandes mujeres de la historia"],"inLanguage":"es","potentialAction":[{"@type":"CommentAction","name":"Comment","target":["https:\/\/animosa.es\/blog\/las-grandes-mujeres-en-la-que-se-inspira-nuestra-nueva-coleccion\/#respond"]}]},{"@type":"WebPage","@id":"https:\/\/animosa.es\/blog\/las-grandes-mujeres-en-la-que-se-inspira-nuestra-nueva-coleccion\/","url":"https:\/\/animosa.es\/blog\/las-grandes-mujeres-en-la-que-se-inspira-nuestra-nueva-coleccion\/","name":"Las grandes mujeres en las que se inspira nuestra Nueva Colecci\u00f3n - Animosa Blog","isPartOf":{"@id":"https:\/\/animosa.es\/blog\/#website"},"primaryImageOfPage":{"@id":"https:\/\/animosa.es\/blog\/las-grandes-mujeres-en-la-que-se-inspira-nuestra-nueva-coleccion\/#primaryimage"},"image":{"@id":"https:\/\/animosa.es\/blog\/las-grandes-mujeres-en-la-que-se-inspira-nuestra-nueva-coleccion\/#primaryimage"},"thumbnailUrl":"https:\/\/animosa.es\/blog\/wp-content\/uploads\/2024\/03\/mujeres-P8.jpg","datePublished":"2024-04-02T14:00:00+00:00","description":"Descubre las grandes mujeres en la que se inspira la Nueva Colecci\u00f3n de papeler\u00eda de Animosa y conoce todo sobre ellas.","breadcrumb":{"@id":"https:\/\/animosa.es\/blog\/las-grandes-mujeres-en-la-que-se-inspira-nuestra-nueva-coleccion\/#breadcrumb"},"inLanguage":"es","potentialAction":[{"@type":"ReadAction","target":["https:\/\/animosa.es\/blog\/las-grandes-mujeres-en-la-que-se-inspira-nuestra-nueva-coleccion\/"]}]},{"@type":"ImageObject","inLanguage":"es","@id":"https:\/\/animosa.es\/blog\/las-grandes-mujeres-en-la-que-se-inspira-nuestra-nueva-coleccion\/#primaryimage","url":"https:\/\/animosa.es\/blog\/wp-content\/uploads\/2024\/03\/mujeres-P8.jpg","contentUrl":"https:\/\/animosa.es\/blog\/wp-content\/uploads\/2024\/03\/mujeres-P8.jpg","width":1920,"height":1200,"caption":"Mujeres Animosa Papeler\u00eda"},{"@type":"BreadcrumbList","@id":"https:\/\/animosa.es\/blog\/las-grandes-mujeres-en-la-que-se-inspira-nuestra-nueva-coleccion\/#breadcrumb","itemListElement":[{"@type":"ListItem","position":1,"name":"Portada","item":"https:\/\/animosa.es\/blog\/"},{"@type":"ListItem","position":2,"name":"Las grandes mujeres en las que se inspira nuestra Nueva Colecci\u00f3n"}]},{"@type":"WebSite","@id":"https:\/\/animosa.es\/blog\/#website","url":"https:\/\/animosa.es\/blog\/","name":"Animosa Blog","description":"Alma y Coraje: Mujeres importantes e inspiradoras","publisher":{"@id":"https:\/\/animosa.es\/blog\/#organization"},"potentialAction":[{"@type":"SearchAction","target":{"@type":"EntryPoint","urlTemplate":"https:\/\/animosa.es\/blog\/?s={search_term_string}"},"query-input":{"@type":"PropertyValueSpecification","valueRequired":true,"valueName":"search_term_string"}}],"inLanguage":"es"},{"@type":"Organization","@id":"https:\/\/animosa.es\/blog\/#organization","name":"Animosa","url":"https:\/\/animosa.es\/blog\/","logo":{"@type":"ImageObject","inLanguage":"es","@id":"https:\/\/animosa.es\/blog\/#\/schema\/logo\/image\/","url":"https:\/\/animosa.es\/blog\/wp-content\/uploads\/2018\/11\/mi-tienda-logo-e1541405563290.png","contentUrl":"https:\/\/animosa.es\/blog\/wp-content\/uploads\/2018\/11\/mi-tienda-logo-e1541405563290.png","width":170,"height":53,"caption":"Animosa"},"image":{"@id":"https:\/\/animosa.es\/blog\/#\/schema\/logo\/image\/"},"sameAs":["https:\/\/www.facebook.com\/animosaoficial","https:\/\/x.com\/animosaoficial","https:\/\/www.instagram.com\/animosaoficial\/","https:\/\/www.pinterest.es\/animosaoficial\/","https:\/\/www.youtube.com\/channel\/UCvpO4cBfsjLILe9zJnR_krw"]},{"@type":"Person","@id":"https:\/\/animosa.es\/blog\/#\/schema\/person\/9fedcc64e2dce5534ff5ac57c4254968","name":"Animosa","url":"https:\/\/animosa.es\/blog\/author\/moderadora\/"}]}},"_links":{"self":[{"href":"https:\/\/animosa.es\/blog\/wp-json\/wp\/v2\/posts\/2987","targetHints":{"allow":["GET"]}}],"collection":[{"href":"https:\/\/animosa.es\/blog\/wp-json\/wp\/v2\/posts"}],"about":[{"href":"https:\/\/animosa.es\/blog\/wp-json\/wp\/v2\/types\/post"}],"author":[{"embeddable":true,"href":"https:\/\/animosa.es\/blog\/wp-json\/wp\/v2\/users\/11"}],"replies":[{"embeddable":true,"href":"https:\/\/animosa.es\/blog\/wp-json\/wp\/v2\/comments?post=2987"}],"version-history":[{"count":11,"href":"https:\/\/animosa.es\/blog\/wp-json\/wp\/v2\/posts\/2987\/revisions"}],"predecessor-version":[{"id":3013,"href":"https:\/\/animosa.es\/blog\/wp-json\/wp\/v2\/posts\/2987\/revisions\/3013"}],"wp:featuredmedia":[{"embeddable":true,"href":"https:\/\/animosa.es\/blog\/wp-json\/wp\/v2\/media\/2989"}],"wp:attachment":[{"href":"https:\/\/animosa.es\/blog\/wp-json\/wp\/v2\/media?parent=2987"}],"wp:term":[{"taxonomy":"category","embeddable":true,"href":"https:\/\/animosa.es\/blog\/wp-json\/wp\/v2\/categories?post=2987"},{"taxonomy":"post_tag","embeddable":true,"href":"https:\/\/animosa.es\/blog\/wp-json\/wp\/v2\/tags?post=2987"}],"curies":[{"name":"wp","href":"https:\/\/api.w.org\/{rel}","templated":true}]}}