{"id":3028,"date":"2024-06-04T17:49:10","date_gmt":"2024-06-04T15:49:10","guid":{"rendered":"https:\/\/animosa.es\/blog\/?p=3028"},"modified":"2024-06-04T17:49:11","modified_gmt":"2024-06-04T15:49:11","slug":"prendas-atemporales-animosa","status":"publish","type":"post","link":"https:\/\/animosa.es\/blog\/prendas-atemporales-animosa\/","title":{"rendered":"Prendas atemporales"},"content":{"rendered":"\n<p>\u00bfQu\u00e9 crees que dice tu ropa de ti? Si llevas un tiempo con nosotras, sabes que creemos firmemente en que la ropa te define. Muestra tu estado de \u00e1nimo, tu autoestima, tu confianza y tu personalidad. Por eso ponemos tanto empe\u00f1o en que nuestras prendas te empoderen por dentro y por fuera y cuidamos tanto los detalles, del patr\u00f3n al dise\u00f1o gr\u00e1fico. Estampados potentes y colores fl\u00faor para cuando quieras salir a romper, delicados encajes o tul plumeti para los d\u00edas en los que necesites un plus de sofisticaci\u00f3n. En todas nuestras colecciones, introducimos adem\u00e1s <strong>prendas atemporales<\/strong> en las que el grafismo se relaja para que te ayuden a crear un armario cada vez m\u00e1s sostenible. Deja que te ense\u00f1emos las favoritas de nuestra <strong><a href=\"https:\/\/animosa.es\/347-nueva-coleccion-rock-star\" target=\"_blank\" rel=\"noreferrer noopener\">Nueva Colecci\u00f3n Rock Star.<\/a><\/strong><\/p>\n\n\n\n<!--more-->\n\n\n\n<h2 class=\"wp-block-heading\"><strong>\u00bfQu\u00e9 son prendas atemporales?<\/strong><\/h2>\n\n\n\n<p>Vale, s\u00ed. Te encanta ir a la \u00faltima, as\u00ed que ahora te toca guardar los vaqueros <em>Slim fit<\/em>. \u00bfQu\u00e9 ha pasado? Que <a href=\"https:\/\/vanidad.es\/mixed-up\/175344790\/por-que-vuelven-las-tendencias.html\" target=\"_blank\" rel=\"noreferrer noopener\">la moda es pendular<\/a>, que todo vuelve con un <em>twist<\/em>. Y suerte la tuya si a\u00fan conservas los pantalones de campana que te pon\u00edas en la universidad. Y si no, \u00bfqu\u00e9? Malditas tendencias, \u00bfno?<\/p>\n\n\n\n<p>No. Que vivan las prendas que te hacen sentir especial dejando a un lado \u201clo que se lleva\u201d, y una ola por la moda sin fecha de caducidad. Las prendas atemporales trascienden las modas ef\u00edmeras, puedes llevarlas en diferentes \u00e9pocas y ocasiones y puedes combinarlas con otras prendas para crear <em>lookazos<\/em> \u00fanicos. Implican infinitas posibilidades con m\u00e1ximo ahorro, y siempre con tu estilo. Estilo Animosa.<\/p>\n\n\n\n<h2 class=\"wp-block-heading\"><strong>Prendas atemporales estilo Animosa<\/strong><\/h2>\n\n\n\n<p>Desde Animosa creemos que nunca debes de dejar de ser t\u00fa, que nunca debes perder tu personalidad. Por eso, s\u00ed, esta colecci\u00f3n ver\u00e1s <a href=\"https:\/\/animosa.es\/moda-faldas-y-pantalones\/2989-10211-falda-gueparda-animosa.html#\/89-color-lila\/45-talla-xs\" target=\"_blank\" rel=\"noreferrer noopener\">vol\u00famenes<\/a>, <a href=\"https:\/\/animosa.es\/moda-camisetas-manga-corta\/2994-10236-camiseta-on-fire.html#\/5-color-gris\/45-talla-xs\" target=\"_blank\" rel=\"noreferrer noopener\">toques de plumas<\/a>, <a href=\"https:\/\/animosa.es\/moda-camisetas-manga-corta\/3006-10296-camiseta-encaje-love-army.html#\/11-color-negro\/45-talla-xs\" target=\"_blank\" rel=\"noreferrer noopener\">encajes<\/a> y <a href=\"https:\/\/animosa.es\/moda-camisetas-manga-larga\/2981-10171-camiseta-plumeti.html#\/11-color-negro\/45-talla-xs\" target=\"_blank\" rel=\"noreferrer noopener\">transparencias<\/a>, esa es nuestra propuesta para d\u00edas en los que quieras salir a la calle pisando fuerte. Pero tambi\u00e9n otras un poquito m\u00e1s neutras para que las hagas tuyas (ya sabes, \u201cneutro\u201d y \u201cb\u00e1sico\u201d en nuestro diccionario no implica soso o aburrido, para nada), prendas en las que si inviertes hoy, vas a tener un armario mucho m\u00e1s inteligente. Cr\u00e9enos.<\/p>\n\n\n\n<h2 class=\"wp-block-heading\"><strong>Vestido negro<\/strong><\/h2>\n\n\n\n<figure class=\"wp-block-image size-large is-resized\"><a href=\"https:\/\/animosa.es\/moda-vestidos-y-petos\/2934-9942-vestido-rock-star.html#\/11-color-negro\/45-talla-xs\" target=\"_blank\" rel=\"noreferrer noopener\"><img loading=\"lazy\" decoding=\"async\" width=\"640\" height=\"480\" src=\"https:\/\/animosa.es\/blog\/wp-content\/uploads\/2024\/05\/ropa_atemporal-vestido-640x480.jpg\" alt=\"prendas atemporales\" class=\"wp-image-3033\" style=\"width:673px;height:auto\" srcset=\"https:\/\/animosa.es\/blog\/wp-content\/uploads\/2024\/05\/ropa_atemporal-vestido-640x480.jpg 640w, https:\/\/animosa.es\/blog\/wp-content\/uploads\/2024\/05\/ropa_atemporal-vestido-300x225.jpg 300w, https:\/\/animosa.es\/blog\/wp-content\/uploads\/2024\/05\/ropa_atemporal-vestido-768x576.jpg 768w, https:\/\/animosa.es\/blog\/wp-content\/uploads\/2024\/05\/ropa_atemporal-vestido.jpg 960w\" sizes=\"auto, (max-width: 640px) 100vw, 640px\" \/><\/a><figcaption class=\"wp-element-caption\">Vestido Rock Star<\/figcaption><\/figure>\n\n\n\n<p>Empecemos por un cl\u00e1sico. Coco Chanel&nbsp;dijo que el vestido negro \u00abes una especie de uniforme para todas las mujeres de buen gusto\u201d. Es infalible, cualquiera que sea la hora, el lugar o la ocasi\u00f3n. Nos encanta el <strong><a href=\"https:\/\/animosa.es\/moda-vestidos-y-petos\/2934-9942-vestido-rock-star.html#\/11-color-negro\/45-talla-xs\" target=\"_blank\" rel=\"noreferrer noopener\">vestido Rock star<\/a><\/strong> porque lo vemos s\u00faper vers\u00e1til, adem\u00e1s es comod\u00edsimo. Est\u00e1 confeccionado en un espectacular tejido tipo Jacquard, donde el hilo brillante y el mate se entremezclan para dar vida y relieve al dise\u00f1o. Si lo miras de cerca, ver\u00e1s que el <em>pattern<\/em> est\u00e1 formado por elementos rockeros que se repiten: calaveras, rayos, estrellitas&#8230; El cintur\u00f3n, las aberturas laterales, las tachuelas&#8230; \u00bfTe das cuenta c\u00f3mo la moda atemporal tambi\u00e9n puede ser \u00fanica y exclusiva?<\/p>\n\n\n\n<h2 class=\"wp-block-heading\"><strong>Camiseta de color crudo<\/strong><\/h2>\n\n\n\n<figure class=\"wp-block-image size-large is-resized\"><a href=\"https:\/\/animosa.es\/moda-camisetas-manga-corta\/3033-10415-camiseta-aportar-crudo.html#\/77-color-crudo\/45-talla-xs\" target=\"_blank\" rel=\"noreferrer noopener\"><img loading=\"lazy\" decoding=\"async\" width=\"640\" height=\"480\" src=\"https:\/\/animosa.es\/blog\/wp-content\/uploads\/2024\/05\/ropa_atemporal-camiseta-640x480.jpg\" alt=\"\" class=\"wp-image-3030\" style=\"width:675px;height:auto\" srcset=\"https:\/\/animosa.es\/blog\/wp-content\/uploads\/2024\/05\/ropa_atemporal-camiseta-640x480.jpg 640w, https:\/\/animosa.es\/blog\/wp-content\/uploads\/2024\/05\/ropa_atemporal-camiseta-300x225.jpg 300w, https:\/\/animosa.es\/blog\/wp-content\/uploads\/2024\/05\/ropa_atemporal-camiseta-768x576.jpg 768w, https:\/\/animosa.es\/blog\/wp-content\/uploads\/2024\/05\/ropa_atemporal-camiseta.jpg 960w\" sizes=\"auto, (max-width: 640px) 100vw, 640px\" \/><\/a><figcaption class=\"wp-element-caption\">Camiseta Aportar<\/figcaption><\/figure>\n\n\n\n<p>Es lo \u00fanico que necesitas esos d\u00edas en los que quieres romperte la cabeza un total de cero veces. Con vaqueros o con una minifalda dorada, con deportivas o sandalias. Y mejor si tiene un mensaje empoderante. Siempre aciertas. Siempre queda bien. Y no fallan en ninguna de nuestras colecciones. Nuestra favorita (uf, vale, hab\u00eda que elegir una) es esta, la <strong><a href=\"https:\/\/animosa.es\/moda-camisetas-manga-corta\/3033-10415-camiseta-aportar-crudo.html#\/77-color-crudo\/45-talla-xs\" target=\"_blank\" rel=\"noreferrer noopener\">camiseta aportar.<\/a><\/strong> Con \u201cque te importe quien te aporte\u201d impreso en glitter dorado, toda una declaraci\u00f3n de intenciones. La prenda que nos recuerda que tenemos el poder de decidir a quien dejamos entrar en nuestra vida.<\/p>\n\n\n\n<h2 class=\"wp-block-heading\"><strong>Falda de tubo<\/strong><\/h2>\n\n\n\n<figure class=\"wp-block-image size-large is-resized\"><a href=\"https:\/\/animosa.es\/moda-faldas-y-pantalones\/2965-10091-falda-lunares-corazon-bordados.html#\/11-color-negro\/45-talla-xs\" target=\"_blank\" rel=\"noreferrer noopener\"><img loading=\"lazy\" decoding=\"async\" width=\"640\" height=\"480\" src=\"https:\/\/animosa.es\/blog\/wp-content\/uploads\/2024\/05\/ropa_atemporal-falda-640x480.jpg\" alt=\"prendas atemporales\" class=\"wp-image-3031\" style=\"width:674px;height:auto\" srcset=\"https:\/\/animosa.es\/blog\/wp-content\/uploads\/2024\/05\/ropa_atemporal-falda-640x480.jpg 640w, https:\/\/animosa.es\/blog\/wp-content\/uploads\/2024\/05\/ropa_atemporal-falda-300x225.jpg 300w, https:\/\/animosa.es\/blog\/wp-content\/uploads\/2024\/05\/ropa_atemporal-falda-768x576.jpg 768w, https:\/\/animosa.es\/blog\/wp-content\/uploads\/2024\/05\/ropa_atemporal-falda.jpg 960w\" sizes=\"auto, (max-width: 640px) 100vw, 640px\" \/><\/a><figcaption class=\"wp-element-caption\">Falda lunares-coraz\u00f3n bordados<\/figcaption><\/figure>\n\n\n\n<p>Invierte en una prenda un pel\u00edn m\u00e1s sofisticada para ocasiones m\u00e1s formales (no insistimos en que lo de \u201cformal\u201d y \u201csofisticado\u201d en el lenguaje Animosa es otro rollo, ya t\u00fa sabes): Una falda negra, midi, con abertura. No sabr\u00e1s lo bien que sienta hasta que te la pruebes. Nuestra <strong><a href=\"https:\/\/animosa.es\/moda-faldas-y-pantalones\/2965-10091-falda-lunares-corazon-bordados.html#\/11-color-negro\/45-talla-xs\" target=\"_blank\" rel=\"noreferrer noopener\">falda lunares coraz\u00f3n<\/a><\/strong> es reversible (puedes ponerte la cremallera y la abertura delante o detr\u00e1s), tiene un estampado de lunares y corazoncitos para darle ese toque que levanta el look. La vemos en una cena, una cita o una reuni\u00f3n de trabajo\u2026 Hemos dise\u00f1ado un <a href=\"https:\/\/animosa.es\/moda-camisetas-manga-corta\/2961-10071-chaleco-lunares-corazon-bordados.html#\/7-color-beige\/45-talla-xs\" target=\"_blank\" rel=\"noreferrer noopener\">chaleco a conjunto<\/a> pero puedes combinarla con tu top favorito, las posibilidades son infinitas.<\/p>\n\n\n\n<h2 class=\"wp-block-heading\"><strong>Camiseta tipo oversize<\/strong><\/h2>\n\n\n\n<figure class=\"wp-block-image size-large is-resized\"><a href=\"https:\/\/animosa.es\/moda-camisetas-manga-corta\/3020-10366-camiseta-lurex-corazones.html#\/77-color-crudo\/46-talla-s\" target=\"_blank\" rel=\"noreferrer noopener\"><img loading=\"lazy\" decoding=\"async\" width=\"640\" height=\"480\" src=\"https:\/\/animosa.es\/blog\/wp-content\/uploads\/2024\/05\/ropa_atemporal-jersey-640x480.jpg\" alt=\"prendas atemporales\" class=\"wp-image-3032\" style=\"width:675px;height:auto\" srcset=\"https:\/\/animosa.es\/blog\/wp-content\/uploads\/2024\/05\/ropa_atemporal-jersey-640x480.jpg 640w, https:\/\/animosa.es\/blog\/wp-content\/uploads\/2024\/05\/ropa_atemporal-jersey-300x225.jpg 300w, https:\/\/animosa.es\/blog\/wp-content\/uploads\/2024\/05\/ropa_atemporal-jersey-768x576.jpg 768w, https:\/\/animosa.es\/blog\/wp-content\/uploads\/2024\/05\/ropa_atemporal-jersey.jpg 960w\" sizes=\"auto, (max-width: 640px) 100vw, 640px\" \/><\/a><figcaption class=\"wp-element-caption\">Camiseta Lurex Corazones<\/figcaption><\/figure>\n\n\n\n<p>Si hablamos de prendas atemporales, esta es la estrella de la colecci\u00f3n, la <strong><a href=\"https:\/\/animosa.es\/moda-camisetas-manga-corta\/3020-10366-camiseta-lurex-corazones.html#\/77-color-crudo\/46-talla-s\" target=\"_blank\" rel=\"noreferrer noopener\">camiseta lurex corazones.<\/a><\/strong> En color crudo, que combina con todo. Con una ca\u00edda relajada. Con manga francesa para que te valga en diferentes \u00e9pocas del a\u00f1o y con corazoncitos de lurex bordados para darle el toque Animosa. Recuerda lo que te dec\u00edamos antes: neutra, pero no aburrida. Olvida la presi\u00f3n social y cultural e invierte en prendas que te acompa\u00f1en a lo largo del tiempo. El lienzo en blanco perfecto para que le des tu toque personal y el comod\u00edn ideal para que te acompa\u00f1e a cualquier plan. Y que no sobren los corazones, \u00a1que no falte el amor propio!<\/p>\n\n\n\n<p>Y ya que est\u00e1s, descubre toda <a href=\"https:\/\/animosa.es\/347-nueva-coleccion-rock-star\" target=\"_blank\" rel=\"noreferrer noopener\">nuestra colecci\u00f3n<\/a>, \u00a1reci\u00e9n salda del horno! Y cu\u00e9ntanos cual es tu prenda favorita.<\/p>\n","protected":false},"excerpt":{"rendered":"<p>\u00bfQu\u00e9 crees que dice tu ropa de ti? Si llevas un tiempo con nosotras, sabes que creemos firmemente en que la ropa te define. Muestra tu estado de \u00e1nimo, tu autoestima, tu confianza y tu personalidad. Por eso ponemos tanto empe\u00f1o en que nuestras prendas te empoderen por dentro y por fuera y cuidamos tanto &hellip; <\/p>\n<p class=\"link-more\"><a href=\"https:\/\/animosa.es\/blog\/prendas-atemporales-animosa\/\" class=\"more-link\">Continuar leyendo<span class=\"screen-reader-text\"> \u00abPrendas atemporales\u00bb<\/span><\/a><\/p>\n","protected":false},"author":9,"featured_media":3029,"comment_status":"open","ping_status":"closed","sticky":false,"template":"","format":"standard","meta":{"_monsterinsights_skip_tracking":false,"_monsterinsights_sitenote_active":false,"_monsterinsights_sitenote_note":"","_monsterinsights_sitenote_category":0,"footnotes":""},"categories":[134,12],"tags":[9],"class_list":["post-3028","post","type-post","status-publish","format-standard","has-post-thumbnail","hentry","category-nosotras","category-productos-animosa","tag-productos-animosa"],"yoast_head":"<!-- This site is optimized with the Yoast SEO plugin v27.4 - https:\/\/yoast.com\/product\/yoast-seo-wordpress\/ -->\n<title>Prendas atemporales - Animosa Blog<\/title>\n<meta name=\"description\" content=\"En Animosa queremos que te inspiren las mujeres importantes de la historia. Descubre nuestra nueva colecci\u00f3n y sus prendas atemporales\" \/>\n<meta name=\"robots\" content=\"index, follow, max-snippet:-1, max-image-preview:large, max-video-preview:-1\" \/>\n<link rel=\"canonical\" href=\"https:\/\/animosa.es\/blog\/prendas-atemporales-animosa\/\" \/>\n<meta property=\"og:locale\" content=\"es_ES\" \/>\n<meta property=\"og:type\" content=\"article\" \/>\n<meta property=\"og:title\" content=\"Prendas atemporales - Animosa Blog\" \/>\n<meta property=\"og:description\" content=\"En Animosa queremos que te inspiren las mujeres importantes de la historia. Descubre nuestra nueva colecci\u00f3n y sus prendas atemporales\" \/>\n<meta property=\"og:url\" content=\"https:\/\/animosa.es\/blog\/prendas-atemporales-animosa\/\" \/>\n<meta property=\"og:site_name\" content=\"Animosa Blog\" \/>\n<meta property=\"article:publisher\" content=\"https:\/\/www.facebook.com\/animosaoficial\" \/>\n<meta property=\"article:published_time\" content=\"2024-06-04T15:49:10+00:00\" \/>\n<meta property=\"article:modified_time\" content=\"2024-06-04T15:49:11+00:00\" \/>\n<meta property=\"og:image\" content=\"https:\/\/animosa.es\/blog\/wp-content\/uploads\/2024\/05\/animosa_atemporal-cabecera.jpg\" \/>\n\t<meta property=\"og:image:width\" content=\"1920\" \/>\n\t<meta property=\"og:image:height\" content=\"1280\" \/>\n\t<meta property=\"og:image:type\" content=\"image\/jpeg\" \/>\n<meta name=\"author\" content=\"Carol\" \/>\n<meta name=\"twitter:card\" content=\"summary_large_image\" \/>\n<meta name=\"twitter:creator\" content=\"@animosaoficial\" \/>\n<meta name=\"twitter:site\" content=\"@animosaoficial\" \/>\n<meta name=\"twitter:label1\" content=\"Escrito por\" \/>\n\t<meta name=\"twitter:data1\" content=\"Carol\" \/>\n\t<meta name=\"twitter:label2\" content=\"Tiempo de lectura\" \/>\n\t<meta name=\"twitter:data2\" content=\"5 minutos\" \/>\n<script type=\"application\/ld+json\" class=\"yoast-schema-graph\">{\"@context\":\"https:\\\/\\\/schema.org\",\"@graph\":[{\"@type\":\"Article\",\"@id\":\"https:\\\/\\\/animosa.es\\\/blog\\\/prendas-atemporales-animosa\\\/#article\",\"isPartOf\":{\"@id\":\"https:\\\/\\\/animosa.es\\\/blog\\\/prendas-atemporales-animosa\\\/\"},\"author\":{\"name\":\"Carol\",\"@id\":\"https:\\\/\\\/animosa.es\\\/blog\\\/#\\\/schema\\\/person\\\/b5daea698c9840e34e3e71b0a9f29558\"},\"headline\":\"Prendas atemporales\",\"datePublished\":\"2024-06-04T15:49:10+00:00\",\"dateModified\":\"2024-06-04T15:49:11+00:00\",\"mainEntityOfPage\":{\"@id\":\"https:\\\/\\\/animosa.es\\\/blog\\\/prendas-atemporales-animosa\\\/\"},\"wordCount\":881,\"commentCount\":0,\"publisher\":{\"@id\":\"https:\\\/\\\/animosa.es\\\/blog\\\/#organization\"},\"image\":{\"@id\":\"https:\\\/\\\/animosa.es\\\/blog\\\/prendas-atemporales-animosa\\\/#primaryimage\"},\"thumbnailUrl\":\"https:\\\/\\\/animosa.es\\\/blog\\\/wp-content\\\/uploads\\\/2024\\\/05\\\/animosa_atemporal-cabecera.jpg\",\"keywords\":[\"Productos Animosa\"],\"articleSection\":[\"Nosotras\",\"Productos Animosa\"],\"inLanguage\":\"es\",\"potentialAction\":[{\"@type\":\"CommentAction\",\"name\":\"Comment\",\"target\":[\"https:\\\/\\\/animosa.es\\\/blog\\\/prendas-atemporales-animosa\\\/#respond\"]}]},{\"@type\":\"WebPage\",\"@id\":\"https:\\\/\\\/animosa.es\\\/blog\\\/prendas-atemporales-animosa\\\/\",\"url\":\"https:\\\/\\\/animosa.es\\\/blog\\\/prendas-atemporales-animosa\\\/\",\"name\":\"Prendas atemporales - Animosa Blog\",\"isPartOf\":{\"@id\":\"https:\\\/\\\/animosa.es\\\/blog\\\/#website\"},\"primaryImageOfPage\":{\"@id\":\"https:\\\/\\\/animosa.es\\\/blog\\\/prendas-atemporales-animosa\\\/#primaryimage\"},\"image\":{\"@id\":\"https:\\\/\\\/animosa.es\\\/blog\\\/prendas-atemporales-animosa\\\/#primaryimage\"},\"thumbnailUrl\":\"https:\\\/\\\/animosa.es\\\/blog\\\/wp-content\\\/uploads\\\/2024\\\/05\\\/animosa_atemporal-cabecera.jpg\",\"datePublished\":\"2024-06-04T15:49:10+00:00\",\"dateModified\":\"2024-06-04T15:49:11+00:00\",\"description\":\"En Animosa queremos que te inspiren las mujeres importantes de la historia. Descubre nuestra nueva colecci\u00f3n y sus prendas atemporales\",\"breadcrumb\":{\"@id\":\"https:\\\/\\\/animosa.es\\\/blog\\\/prendas-atemporales-animosa\\\/#breadcrumb\"},\"inLanguage\":\"es\",\"potentialAction\":[{\"@type\":\"ReadAction\",\"target\":[\"https:\\\/\\\/animosa.es\\\/blog\\\/prendas-atemporales-animosa\\\/\"]}]},{\"@type\":\"ImageObject\",\"inLanguage\":\"es\",\"@id\":\"https:\\\/\\\/animosa.es\\\/blog\\\/prendas-atemporales-animosa\\\/#primaryimage\",\"url\":\"https:\\\/\\\/animosa.es\\\/blog\\\/wp-content\\\/uploads\\\/2024\\\/05\\\/animosa_atemporal-cabecera.jpg\",\"contentUrl\":\"https:\\\/\\\/animosa.es\\\/blog\\\/wp-content\\\/uploads\\\/2024\\\/05\\\/animosa_atemporal-cabecera.jpg\",\"width\":1920,\"height\":1280},{\"@type\":\"BreadcrumbList\",\"@id\":\"https:\\\/\\\/animosa.es\\\/blog\\\/prendas-atemporales-animosa\\\/#breadcrumb\",\"itemListElement\":[{\"@type\":\"ListItem\",\"position\":1,\"name\":\"Portada\",\"item\":\"https:\\\/\\\/animosa.es\\\/blog\\\/\"},{\"@type\":\"ListItem\",\"position\":2,\"name\":\"Prendas atemporales\"}]},{\"@type\":\"WebSite\",\"@id\":\"https:\\\/\\\/animosa.es\\\/blog\\\/#website\",\"url\":\"https:\\\/\\\/animosa.es\\\/blog\\\/\",\"name\":\"Animosa Blog\",\"description\":\"Alma y Coraje: Mujeres importantes e inspiradoras\",\"publisher\":{\"@id\":\"https:\\\/\\\/animosa.es\\\/blog\\\/#organization\"},\"potentialAction\":[{\"@type\":\"SearchAction\",\"target\":{\"@type\":\"EntryPoint\",\"urlTemplate\":\"https:\\\/\\\/animosa.es\\\/blog\\\/?s={search_term_string}\"},\"query-input\":{\"@type\":\"PropertyValueSpecification\",\"valueRequired\":true,\"valueName\":\"search_term_string\"}}],\"inLanguage\":\"es\"},{\"@type\":\"Organization\",\"@id\":\"https:\\\/\\\/animosa.es\\\/blog\\\/#organization\",\"name\":\"Animosa\",\"url\":\"https:\\\/\\\/animosa.es\\\/blog\\\/\",\"logo\":{\"@type\":\"ImageObject\",\"inLanguage\":\"es\",\"@id\":\"https:\\\/\\\/animosa.es\\\/blog\\\/#\\\/schema\\\/logo\\\/image\\\/\",\"url\":\"https:\\\/\\\/animosa.es\\\/blog\\\/wp-content\\\/uploads\\\/2018\\\/11\\\/mi-tienda-logo-e1541405563290.png\",\"contentUrl\":\"https:\\\/\\\/animosa.es\\\/blog\\\/wp-content\\\/uploads\\\/2018\\\/11\\\/mi-tienda-logo-e1541405563290.png\",\"width\":170,\"height\":53,\"caption\":\"Animosa\"},\"image\":{\"@id\":\"https:\\\/\\\/animosa.es\\\/blog\\\/#\\\/schema\\\/logo\\\/image\\\/\"},\"sameAs\":[\"https:\\\/\\\/www.facebook.com\\\/animosaoficial\",\"https:\\\/\\\/x.com\\\/animosaoficial\",\"https:\\\/\\\/www.instagram.com\\\/animosaoficial\\\/\",\"https:\\\/\\\/www.pinterest.es\\\/animosaoficial\\\/\",\"https:\\\/\\\/www.youtube.com\\\/channel\\\/UCvpO4cBfsjLILe9zJnR_krw\"]},{\"@type\":\"Person\",\"@id\":\"https:\\\/\\\/animosa.es\\\/blog\\\/#\\\/schema\\\/person\\\/b5daea698c9840e34e3e71b0a9f29558\",\"name\":\"Carol\",\"url\":\"https:\\\/\\\/animosa.es\\\/blog\\\/author\\\/artistica\\\/\"}]}<\/script>\n<!-- \/ Yoast SEO plugin. -->","yoast_head_json":{"title":"Prendas atemporales - Animosa Blog","description":"En Animosa queremos que te inspiren las mujeres importantes de la historia. Descubre nuestra nueva colecci\u00f3n y sus prendas atemporales","robots":{"index":"index","follow":"follow","max-snippet":"max-snippet:-1","max-image-preview":"max-image-preview:large","max-video-preview":"max-video-preview:-1"},"canonical":"https:\/\/animosa.es\/blog\/prendas-atemporales-animosa\/","og_locale":"es_ES","og_type":"article","og_title":"Prendas atemporales - Animosa Blog","og_description":"En Animosa queremos que te inspiren las mujeres importantes de la historia. Descubre nuestra nueva colecci\u00f3n y sus prendas atemporales","og_url":"https:\/\/animosa.es\/blog\/prendas-atemporales-animosa\/","og_site_name":"Animosa Blog","article_publisher":"https:\/\/www.facebook.com\/animosaoficial","article_published_time":"2024-06-04T15:49:10+00:00","article_modified_time":"2024-06-04T15:49:11+00:00","og_image":[{"width":1920,"height":1280,"url":"https:\/\/animosa.es\/blog\/wp-content\/uploads\/2024\/05\/animosa_atemporal-cabecera.jpg","type":"image\/jpeg"}],"author":"Carol","twitter_card":"summary_large_image","twitter_creator":"@animosaoficial","twitter_site":"@animosaoficial","twitter_misc":{"Escrito por":"Carol","Tiempo de lectura":"5 minutos"},"schema":{"@context":"https:\/\/schema.org","@graph":[{"@type":"Article","@id":"https:\/\/animosa.es\/blog\/prendas-atemporales-animosa\/#article","isPartOf":{"@id":"https:\/\/animosa.es\/blog\/prendas-atemporales-animosa\/"},"author":{"name":"Carol","@id":"https:\/\/animosa.es\/blog\/#\/schema\/person\/b5daea698c9840e34e3e71b0a9f29558"},"headline":"Prendas atemporales","datePublished":"2024-06-04T15:49:10+00:00","dateModified":"2024-06-04T15:49:11+00:00","mainEntityOfPage":{"@id":"https:\/\/animosa.es\/blog\/prendas-atemporales-animosa\/"},"wordCount":881,"commentCount":0,"publisher":{"@id":"https:\/\/animosa.es\/blog\/#organization"},"image":{"@id":"https:\/\/animosa.es\/blog\/prendas-atemporales-animosa\/#primaryimage"},"thumbnailUrl":"https:\/\/animosa.es\/blog\/wp-content\/uploads\/2024\/05\/animosa_atemporal-cabecera.jpg","keywords":["Productos Animosa"],"articleSection":["Nosotras","Productos Animosa"],"inLanguage":"es","potentialAction":[{"@type":"CommentAction","name":"Comment","target":["https:\/\/animosa.es\/blog\/prendas-atemporales-animosa\/#respond"]}]},{"@type":"WebPage","@id":"https:\/\/animosa.es\/blog\/prendas-atemporales-animosa\/","url":"https:\/\/animosa.es\/blog\/prendas-atemporales-animosa\/","name":"Prendas atemporales - Animosa Blog","isPartOf":{"@id":"https:\/\/animosa.es\/blog\/#website"},"primaryImageOfPage":{"@id":"https:\/\/animosa.es\/blog\/prendas-atemporales-animosa\/#primaryimage"},"image":{"@id":"https:\/\/animosa.es\/blog\/prendas-atemporales-animosa\/#primaryimage"},"thumbnailUrl":"https:\/\/animosa.es\/blog\/wp-content\/uploads\/2024\/05\/animosa_atemporal-cabecera.jpg","datePublished":"2024-06-04T15:49:10+00:00","dateModified":"2024-06-04T15:49:11+00:00","description":"En Animosa queremos que te inspiren las mujeres importantes de la historia. Descubre nuestra nueva colecci\u00f3n y sus prendas atemporales","breadcrumb":{"@id":"https:\/\/animosa.es\/blog\/prendas-atemporales-animosa\/#breadcrumb"},"inLanguage":"es","potentialAction":[{"@type":"ReadAction","target":["https:\/\/animosa.es\/blog\/prendas-atemporales-animosa\/"]}]},{"@type":"ImageObject","inLanguage":"es","@id":"https:\/\/animosa.es\/blog\/prendas-atemporales-animosa\/#primaryimage","url":"https:\/\/animosa.es\/blog\/wp-content\/uploads\/2024\/05\/animosa_atemporal-cabecera.jpg","contentUrl":"https:\/\/animosa.es\/blog\/wp-content\/uploads\/2024\/05\/animosa_atemporal-cabecera.jpg","width":1920,"height":1280},{"@type":"BreadcrumbList","@id":"https:\/\/animosa.es\/blog\/prendas-atemporales-animosa\/#breadcrumb","itemListElement":[{"@type":"ListItem","position":1,"name":"Portada","item":"https:\/\/animosa.es\/blog\/"},{"@type":"ListItem","position":2,"name":"Prendas atemporales"}]},{"@type":"WebSite","@id":"https:\/\/animosa.es\/blog\/#website","url":"https:\/\/animosa.es\/blog\/","name":"Animosa Blog","description":"Alma y Coraje: Mujeres importantes e inspiradoras","publisher":{"@id":"https:\/\/animosa.es\/blog\/#organization"},"potentialAction":[{"@type":"SearchAction","target":{"@type":"EntryPoint","urlTemplate":"https:\/\/animosa.es\/blog\/?s={search_term_string}"},"query-input":{"@type":"PropertyValueSpecification","valueRequired":true,"valueName":"search_term_string"}}],"inLanguage":"es"},{"@type":"Organization","@id":"https:\/\/animosa.es\/blog\/#organization","name":"Animosa","url":"https:\/\/animosa.es\/blog\/","logo":{"@type":"ImageObject","inLanguage":"es","@id":"https:\/\/animosa.es\/blog\/#\/schema\/logo\/image\/","url":"https:\/\/animosa.es\/blog\/wp-content\/uploads\/2018\/11\/mi-tienda-logo-e1541405563290.png","contentUrl":"https:\/\/animosa.es\/blog\/wp-content\/uploads\/2018\/11\/mi-tienda-logo-e1541405563290.png","width":170,"height":53,"caption":"Animosa"},"image":{"@id":"https:\/\/animosa.es\/blog\/#\/schema\/logo\/image\/"},"sameAs":["https:\/\/www.facebook.com\/animosaoficial","https:\/\/x.com\/animosaoficial","https:\/\/www.instagram.com\/animosaoficial\/","https:\/\/www.pinterest.es\/animosaoficial\/","https:\/\/www.youtube.com\/channel\/UCvpO4cBfsjLILe9zJnR_krw"]},{"@type":"Person","@id":"https:\/\/animosa.es\/blog\/#\/schema\/person\/b5daea698c9840e34e3e71b0a9f29558","name":"Carol","url":"https:\/\/animosa.es\/blog\/author\/artistica\/"}]}},"_links":{"self":[{"href":"https:\/\/animosa.es\/blog\/wp-json\/wp\/v2\/posts\/3028","targetHints":{"allow":["GET"]}}],"collection":[{"href":"https:\/\/animosa.es\/blog\/wp-json\/wp\/v2\/posts"}],"about":[{"href":"https:\/\/animosa.es\/blog\/wp-json\/wp\/v2\/types\/post"}],"author":[{"embeddable":true,"href":"https:\/\/animosa.es\/blog\/wp-json\/wp\/v2\/users\/9"}],"replies":[{"embeddable":true,"href":"https:\/\/animosa.es\/blog\/wp-json\/wp\/v2\/comments?post=3028"}],"version-history":[{"count":17,"href":"https:\/\/animosa.es\/blog\/wp-json\/wp\/v2\/posts\/3028\/revisions"}],"predecessor-version":[{"id":3086,"href":"https:\/\/animosa.es\/blog\/wp-json\/wp\/v2\/posts\/3028\/revisions\/3086"}],"wp:featuredmedia":[{"embeddable":true,"href":"https:\/\/animosa.es\/blog\/wp-json\/wp\/v2\/media\/3029"}],"wp:attachment":[{"href":"https:\/\/animosa.es\/blog\/wp-json\/wp\/v2\/media?parent=3028"}],"wp:term":[{"taxonomy":"category","embeddable":true,"href":"https:\/\/animosa.es\/blog\/wp-json\/wp\/v2\/categories?post=3028"},{"taxonomy":"post_tag","embeddable":true,"href":"https:\/\/animosa.es\/blog\/wp-json\/wp\/v2\/tags?post=3028"}],"curies":[{"name":"wp","href":"https:\/\/api.w.org\/{rel}","templated":true}]}}