{"id":358,"date":"2019-06-19T16:00:08","date_gmt":"2019-06-19T14:00:08","guid":{"rendered":"https:\/\/animosa.es\/blog\/?p=358"},"modified":"2022-04-20T17:09:08","modified_gmt":"2022-04-20T15:09:08","slug":"ideas-para-un-verano-feminista","status":"publish","type":"post","link":"https:\/\/animosa.es\/blog\/ideas-para-un-verano-feminista\/","title":{"rendered":"5 ideas (muy f\u00e1ciles de llevar a cabo) para convertir este verano en nuestro renacimiento feminista"},"content":{"rendered":"\n<p>El verano ya (casi) est\u00e1 aqu\u00ed. Ya lo sentimos en el ambiente. Los d\u00edas m\u00e1s largos, el sol sobre la piel y los planes al aire libre. Las vacaciones&#8230; ay, las vacaciones. Y como (casi) todas estamos de mejor humor en verano, se nos ha ocurrido una idea. Bueno, en realidad se nos han ocurrido cinco. <strong>Cinco ideas para convertir estas semanas que tenemos por delante en nuestro gran verano feminista<\/strong>. Llenarnos de esp\u00edritu <em>girl power<\/em>, mirar a nuestro alrededor y practicar a tope la sororidad. \u00bfPor d\u00f3nde empezar? Estas son nuestras propuestas:<\/p>\n\n\n\n<!--more-->\n\n\n\n<h2 class=\"wp-block-heading\"><strong>No hacer comentarios no solicitados sobre el cuerpo de otras mujeres<\/strong><\/h2>\n\n\n\n<p>En una horquilla muy amplia, que va <strong>desde la impertinencia a la simple metedura de pata<\/strong>, poca gente podr\u00e1 tirar la primera piedra y afirmar que nunca ha hecho un comentario sobre el cuerpo de una mujer. Puede ser ese comentario cotilla con una amiga sobre cu\u00e1nto ha engordado otra (muy mal). O puede ser algo tan aparentemente halagador como decirle a alguien que ha adelgazado mucho y est\u00e1 fant\u00e1stica.<\/p>\n\n\n\n<figure class=\"wp-block-image\"><a href=\"https:\/\/animosa.es\/camisetas-manga-corta\/1095-camiseta-maria-salvavidas.html\" target=\"_blank\" rel=\"noreferrer noopener\"><img loading=\"lazy\" decoding=\"async\" width=\"1920\" height=\"1200\" src=\"https:\/\/animosa.es\/blog\/wp-content\/uploads\/2019\/04\/Animosa_verano.jpg\" alt=\"Ideas para un verano feminista\" class=\"wp-image-359\" srcset=\"https:\/\/animosa.es\/blog\/wp-content\/uploads\/2019\/04\/Animosa_verano.jpg 1920w, https:\/\/animosa.es\/blog\/wp-content\/uploads\/2019\/04\/Animosa_verano-300x188.jpg 300w, https:\/\/animosa.es\/blog\/wp-content\/uploads\/2019\/04\/Animosa_verano-768x480.jpg 768w, https:\/\/animosa.es\/blog\/wp-content\/uploads\/2019\/04\/Animosa_verano-640x400.jpg 640w, https:\/\/animosa.es\/blog\/wp-content\/uploads\/2019\/04\/Animosa_verano-24x15.jpg 24w, https:\/\/animosa.es\/blog\/wp-content\/uploads\/2019\/04\/Animosa_verano-36x23.jpg 36w, https:\/\/animosa.es\/blog\/wp-content\/uploads\/2019\/04\/Animosa_verano-48x30.jpg 48w\" sizes=\"auto, (max-width: 767px) 89vw, (max-width: 1000px) 54vw, (max-width: 1071px) 543px, 580px\" \/><\/a><\/figure>\n\n\n\n<p>No siempre (o casi nunca) sabemos qu\u00e9 circunstancias hay detr\u00e1s del cambio f\u00edsico de alguien. Y aunque lo sepamos&#8230; <strong>\u00bfqu\u00e9 nos importa?<\/strong> Dejemos que las mujeres a nuestro alrededor se sientan c\u00f3modas en ba\u00f1ador, en bikini o desnudas. No nos comparemos. No comentemos si nadie nos ha preguntado. La mayor\u00eda ya no lo hacemos, pero&#8230; mejor tenerlo presente para que todas nos sintamos m\u00e1s seguras de nosotras mismas.<\/p>\n\n\n\n<h2 class=\"wp-block-heading\"><strong>Dedicar algo de tiempo libre al arte creado por mujeres<\/strong><\/h2>\n\n\n\n<p>El arte no tiene g\u00e9nero. No deber\u00eda tenerlo. Pero a\u00fan sigue habiendo una predominancia masculina que relega la cultura creada por mujeres, la mayor\u00eda de las veces, a un segundo plano. <strong>En nuestras manos est\u00e1 revertir la tendencia<\/strong>. Leer m\u00e1s <a rel=\"noreferrer noopener\" aria-label=\"libros escritos por mujeres (abre en una nueva pesta\u00f1a)\" href=\"https:\/\/animosa.es\/blog\/dia-del-libro-libros-regalar-mujeres\/\" target=\"_blank\">libros escritos por mujeres<\/a>. Visitar exposiciones en las que sean artistas femeninas quienes expongan. Ver pel\u00edculas creadas por mujeres, protagonizadas por nosotras.<\/p>\n\n\n\n<figure class=\"wp-block-image\"><a href=\"https:\/\/animosa.es\/camisetas-manga-corta\/1080-camiseta-viva.html\" target=\"_blank\" rel=\"noreferrer noopener\"><img loading=\"lazy\" decoding=\"async\" width=\"1440\" height=\"1920\" src=\"https:\/\/animosa.es\/blog\/wp-content\/uploads\/2019\/04\/Viva_camiseta_3.jpg\" alt=\"Camiseta Animosa Frida ideal para un verano feminista lleno de arte\" class=\"wp-image-360\" srcset=\"https:\/\/animosa.es\/blog\/wp-content\/uploads\/2019\/04\/Viva_camiseta_3.jpg 1440w, https:\/\/animosa.es\/blog\/wp-content\/uploads\/2019\/04\/Viva_camiseta_3-225x300.jpg 225w, https:\/\/animosa.es\/blog\/wp-content\/uploads\/2019\/04\/Viva_camiseta_3-768x1024.jpg 768w, https:\/\/animosa.es\/blog\/wp-content\/uploads\/2019\/04\/Viva_camiseta_3-480x640.jpg 480w, https:\/\/animosa.es\/blog\/wp-content\/uploads\/2019\/04\/Viva_camiseta_3-18x24.jpg 18w, https:\/\/animosa.es\/blog\/wp-content\/uploads\/2019\/04\/Viva_camiseta_3-27x36.jpg 27w, https:\/\/animosa.es\/blog\/wp-content\/uploads\/2019\/04\/Viva_camiseta_3-36x48.jpg 36w\" sizes=\"auto, (max-width: 767px) 89vw, (max-width: 1000px) 54vw, (max-width: 1071px) 543px, 580px\" \/><\/a><\/figure>\n\n\n\n<p>En estos meses, probablemente tengamos <strong>algo m\u00e1s de tiempo libre que el resto del a\u00f1o<\/strong>, as\u00ed que puede ser una buena ocasi\u00f3n para no dejar que nos venza la pereza y hacer un peque\u00f1o esfuerzo. Cuando comprobemos cuant\u00edsimo talento oculto hay fuera de los circuitos art\u00edsticos y culturales m\u00e1s <em>mainstream<\/em>, nos daremos cuenta enseguida de que ha merecido la pena vivir a tope un verano feminista.<\/p>\n\n\n\n<h2 class=\"wp-block-heading\"><strong>Nuestro cuerpo es nuestro templo, demostr\u00e9moslo<\/strong><\/h2>\n\n\n\n<p>Puede que a\u00fan no nos atrevamos a hacer <em>top less<\/em>. O solo cuando estamos de viaje, pero<strong> no en nuestra playa habitual<\/strong>. Puede que nos d\u00e9 un poco de verg\u00fcenza lucir <em>short<\/em> deshilachado por si alguien dice que ya no tenemos edad. Y cuando nos probamos ese <em>crop top<\/em> tan mono que lleva dos veranos esperando en el caj\u00f3n, nos da p\u00e1nico que se nos salga la lorza.<\/p>\n\n\n\n<figure class=\"wp-block-image\"><img loading=\"lazy\" decoding=\"async\" width=\"1398\" height=\"1398\" src=\"https:\/\/animosa.es\/blog\/wp-content\/uploads\/2019\/04\/libresvivasyplenas_2.jpg\" alt=\"Camiseta Animosa Libres, vivas y plenas\" class=\"wp-image-363\" srcset=\"https:\/\/animosa.es\/blog\/wp-content\/uploads\/2019\/04\/libresvivasyplenas_2.jpg 1398w, https:\/\/animosa.es\/blog\/wp-content\/uploads\/2019\/04\/libresvivasyplenas_2-150x150.jpg 150w, https:\/\/animosa.es\/blog\/wp-content\/uploads\/2019\/04\/libresvivasyplenas_2-300x300.jpg 300w, https:\/\/animosa.es\/blog\/wp-content\/uploads\/2019\/04\/libresvivasyplenas_2-768x768.jpg 768w, https:\/\/animosa.es\/blog\/wp-content\/uploads\/2019\/04\/libresvivasyplenas_2-640x640.jpg 640w, https:\/\/animosa.es\/blog\/wp-content\/uploads\/2019\/04\/libresvivasyplenas_2-100x100.jpg 100w, https:\/\/animosa.es\/blog\/wp-content\/uploads\/2019\/04\/libresvivasyplenas_2-24x24.jpg 24w, https:\/\/animosa.es\/blog\/wp-content\/uploads\/2019\/04\/libresvivasyplenas_2-36x36.jpg 36w, https:\/\/animosa.es\/blog\/wp-content\/uploads\/2019\/04\/libresvivasyplenas_2-48x48.jpg 48w\" sizes=\"auto, (max-width: 767px) 89vw, (max-width: 1000px) 54vw, (max-width: 1071px) 543px, 580px\" \/><\/figure>\n\n\n\n<p>Tal vez este verano feminista sea el mejor momento para reconciliarnos con nuestro cuerpo. Para quererlo, respetarlo y cuidarlo. Y para no preocuparnos tanto por lo que los dem\u00e1s digan de \u00e9l (ya hemos quedado en que no queremos comentarios no solicitados, \u00bfverdad?). Es <strong>una forma m\u00e1s de empoderarnos<\/strong>, una que nos har\u00e1 sentir c\u00f3modas y felices durante los meses de calor (y despu\u00e9s, claro).<\/p>\n\n\n\n<h2 class=\"wp-block-heading\"><strong>Hacer al fin ese viaje solas que llevamos tanto tiempo deseando<\/strong><\/h2>\n\n\n\n<p>Viajar es una de nuestras grandes pasiones cuando llegan las vacaciones. En pareja, con amigas, en familia&#8230; Todas las opciones son v\u00e1lidas, pero hay una que a muchas siempre nos ha provocado una curiosidad especial: <strong>la aventura de viajar solas<\/strong>. Hay quien no quiere ni plante\u00e1rselo (y es tan l\u00edcito como lo contrario, solo faltar\u00eda). Pero tambi\u00e9n hay muchas a las que nos apetece y&#8230; no acabamos de decidirnos. <\/p>\n\n\n\n<figure class=\"wp-block-image\"><a href=\"https:\/\/animosa.es\/camisetas-manga-corta\/1066-camiseta-a-medias.html\" target=\"_blank\" rel=\"noreferrer noopener\"><img loading=\"lazy\" decoding=\"async\" width=\"1920\" height=\"1440\" src=\"https:\/\/animosa.es\/blog\/wp-content\/uploads\/2019\/04\/Frida_amedias.jpg\" alt=\"Camiseta Animosa ideal para viajar en un verano feminista\" class=\"wp-image-362\" srcset=\"https:\/\/animosa.es\/blog\/wp-content\/uploads\/2019\/04\/Frida_amedias.jpg 1920w, https:\/\/animosa.es\/blog\/wp-content\/uploads\/2019\/04\/Frida_amedias-300x225.jpg 300w, https:\/\/animosa.es\/blog\/wp-content\/uploads\/2019\/04\/Frida_amedias-768x576.jpg 768w, https:\/\/animosa.es\/blog\/wp-content\/uploads\/2019\/04\/Frida_amedias-640x480.jpg 640w, https:\/\/animosa.es\/blog\/wp-content\/uploads\/2019\/04\/Frida_amedias-24x18.jpg 24w, https:\/\/animosa.es\/blog\/wp-content\/uploads\/2019\/04\/Frida_amedias-36x27.jpg 36w, https:\/\/animosa.es\/blog\/wp-content\/uploads\/2019\/04\/Frida_amedias-48x36.jpg 48w\" sizes=\"auto, (max-width: 767px) 89vw, (max-width: 1000px) 54vw, (max-width: 1071px) 543px, 580px\" \/><\/a><\/figure>\n\n\n\n<p>\u00bfY por qu\u00e9 no? Puede que nos d\u00e9 un poco de miedo eso de lanzarnos a recorrer mundo sin una mano amiga al lado. O no tener con qui\u00e9n comentar los lugares preciosos que nos encontremos. Pero seguro que merecer\u00e1 la pena cuando nos encontremos ante un paisaje de esos que quita el aliento y<strong> lo tengamos solo para nosotras mismas<\/strong>. Puede ser inolvidable. Y muy nuestro.<\/p>\n\n\n\n<h2 class=\"wp-block-heading\"><strong>Ayudar a que todas disfrutemos de las fiestas<\/strong><\/h2>\n\n\n\n<p>El verano es \u00e9poca de fiestas. <strong>De conciertos, festivales y verbenas<\/strong>. Y aunque nos encantar\u00eda decir que eso es solo sin\u00f3nimo de diversi\u00f3n&#8230;, por desgracia, la experiencia nos dice que tambi\u00e9n son entornos en los que es m\u00e1s habitual encontrar acoso y agresiones sexuales. Est\u00e1 en manos de la ley y de un cambio educativo que eso deje de ser as\u00ed, pero nosotras tambi\u00e9n podemos aportar algo&#8230;<\/p>\n\n\n\n<figure class=\"wp-block-image\"><a href=\"https:\/\/animosa.es\/sudaderas\/1110-sudadera-samurai.html\" target=\"_blank\" rel=\"noreferrer noopener\"><img loading=\"lazy\" decoding=\"async\" width=\"1192\" height=\"1192\" src=\"https:\/\/animosa.es\/blog\/wp-content\/uploads\/2019\/04\/samurai_sudadera.jpg\" alt=\"Camiseta Animosa verano feminista\" class=\"wp-image-361\" srcset=\"https:\/\/animosa.es\/blog\/wp-content\/uploads\/2019\/04\/samurai_sudadera.jpg 1192w, https:\/\/animosa.es\/blog\/wp-content\/uploads\/2019\/04\/samurai_sudadera-150x150.jpg 150w, https:\/\/animosa.es\/blog\/wp-content\/uploads\/2019\/04\/samurai_sudadera-300x300.jpg 300w, https:\/\/animosa.es\/blog\/wp-content\/uploads\/2019\/04\/samurai_sudadera-768x768.jpg 768w, https:\/\/animosa.es\/blog\/wp-content\/uploads\/2019\/04\/samurai_sudadera-640x640.jpg 640w, https:\/\/animosa.es\/blog\/wp-content\/uploads\/2019\/04\/samurai_sudadera-100x100.jpg 100w, https:\/\/animosa.es\/blog\/wp-content\/uploads\/2019\/04\/samurai_sudadera-24x24.jpg 24w, https:\/\/animosa.es\/blog\/wp-content\/uploads\/2019\/04\/samurai_sudadera-36x36.jpg 36w, https:\/\/animosa.es\/blog\/wp-content\/uploads\/2019\/04\/samurai_sudadera-48x48.jpg 48w\" sizes=\"auto, (max-width: 767px) 89vw, (max-width: 1000px) 54vw, (max-width: 1071px) 543px, 580px\" \/><\/a><\/figure>\n\n\n\n<p>Hay una frase muy conocida sobre el acoso callejero que dice que <strong>\u00abde vuelta a casa por la noche, no quiero ser valiente. Quiero ser libre\u00bb<\/strong>. Es lo que todas deseamos, pero muchas veces seguimos teniendo miedo. Por eso, nos proponemos que, cuando veamos a una hermana volver a casa sola en un ambiente hostil, nos acerquemos a ella. Mucho m\u00e1s si vemos que est\u00e1 sufriendo alg\u00fan tipo de acoso. Seguro que nos lo agradecer\u00e1 y, entre todas, conseguiremos hacer que las fiestas sean un momento para disfrutar de verdad. <strong>Juntas y con sororidad<\/strong>.<\/p>\n\n\n\n<p>\u00bfY a vosotras&#8230; se os ocurren <strong>otras opciones para vivir un gran verano feminista<\/strong>? Entre todas podremos conseguirlo.<\/p>\n","protected":false},"excerpt":{"rendered":"<p>El verano ya (casi) est\u00e1 aqu\u00ed. Ya lo sentimos en el ambiente. Los d\u00edas m\u00e1s largos, el sol sobre la piel y los planes al aire libre. Las vacaciones&#8230; ay, las vacaciones. Y como (casi) todas estamos de mejor humor en verano, se nos ha ocurrido una idea. Bueno, en realidad se nos han ocurrido &hellip; <\/p>\n<p class=\"link-more\"><a href=\"https:\/\/animosa.es\/blog\/ideas-para-un-verano-feminista\/\" class=\"more-link\">Continuar leyendo<span class=\"screen-reader-text\"> \u00ab5 ideas (muy f\u00e1ciles de llevar a cabo) para convertir este verano en nuestro renacimiento feminista\u00bb<\/span><\/a><\/p>\n","protected":false},"author":5,"featured_media":359,"comment_status":"open","ping_status":"closed","sticky":false,"template":"","format":"standard","meta":{"_monsterinsights_skip_tracking":false,"_monsterinsights_sitenote_active":false,"_monsterinsights_sitenote_note":"","_monsterinsights_sitenote_category":0,"footnotes":""},"categories":[24,10],"tags":[7,35,6,36],"class_list":["post-358","post","type-post","status-publish","format-standard","has-post-thumbnail","hentry","category-planes-girl-power","category-poder-femenino","tag-empoderamiento","tag-girl-power","tag-sororidad","tag-verano"],"yoast_head":"<!-- This site is optimized with the Yoast SEO plugin v27.4 - https:\/\/yoast.com\/product\/yoast-seo-wordpress\/ -->\n<title>5 ideas para conseguir que este sea nuestro gran verano feminista<\/title>\n<meta name=\"description\" content=\"Un verano feminista es posible y, desde Animosa, queremos daros unas cuantas ideas para vivirlo en sororidad y esp\u00edritu girl power\" \/>\n<meta name=\"robots\" content=\"index, follow, max-snippet:-1, max-image-preview:large, max-video-preview:-1\" \/>\n<link rel=\"canonical\" href=\"https:\/\/animosa.es\/blog\/ideas-para-un-verano-feminista\/\" \/>\n<meta property=\"og:locale\" content=\"es_ES\" \/>\n<meta property=\"og:type\" content=\"article\" \/>\n<meta property=\"og:title\" content=\"5 ideas para conseguir que este sea nuestro gran verano feminista\" \/>\n<meta property=\"og:description\" content=\"Un verano feminista es posible y, desde Animosa, queremos daros unas cuantas ideas para vivirlo en sororidad y esp\u00edritu girl power\" \/>\n<meta property=\"og:url\" content=\"https:\/\/animosa.es\/blog\/ideas-para-un-verano-feminista\/\" \/>\n<meta property=\"og:site_name\" content=\"Animosa Blog\" \/>\n<meta property=\"article:publisher\" content=\"https:\/\/www.facebook.com\/animosaoficial\" \/>\n<meta property=\"article:published_time\" content=\"2019-06-19T14:00:08+00:00\" \/>\n<meta property=\"article:modified_time\" content=\"2022-04-20T15:09:08+00:00\" \/>\n<meta property=\"og:image\" content=\"https:\/\/animosa.es\/blog\/wp-content\/uploads\/2019\/04\/Animosa_verano.jpg\" \/>\n\t<meta property=\"og:image:width\" content=\"1920\" \/>\n\t<meta property=\"og:image:height\" content=\"1200\" \/>\n\t<meta property=\"og:image:type\" content=\"image\/jpeg\" \/>\n<meta name=\"author\" content=\"Abril Camino\" \/>\n<meta name=\"twitter:card\" content=\"summary_large_image\" \/>\n<meta name=\"twitter:creator\" content=\"@animosaoficial\" \/>\n<meta name=\"twitter:site\" content=\"@animosaoficial\" \/>\n<meta name=\"twitter:label1\" content=\"Escrito por\" \/>\n\t<meta name=\"twitter:data1\" content=\"Abril Camino\" \/>\n\t<meta name=\"twitter:label2\" content=\"Tiempo de lectura\" \/>\n\t<meta name=\"twitter:data2\" content=\"5 minutos\" \/>\n<script type=\"application\/ld+json\" class=\"yoast-schema-graph\">{\"@context\":\"https:\\\/\\\/schema.org\",\"@graph\":[{\"@type\":\"Article\",\"@id\":\"https:\\\/\\\/animosa.es\\\/blog\\\/ideas-para-un-verano-feminista\\\/#article\",\"isPartOf\":{\"@id\":\"https:\\\/\\\/animosa.es\\\/blog\\\/ideas-para-un-verano-feminista\\\/\"},\"author\":{\"name\":\"Abril Camino\",\"@id\":\"https:\\\/\\\/animosa.es\\\/blog\\\/#\\\/schema\\\/person\\\/c63bf54d9b5b4afb33c6556c3ea84842\"},\"headline\":\"5 ideas (muy f\u00e1ciles de llevar a cabo) para convertir este verano en nuestro renacimiento feminista\",\"datePublished\":\"2019-06-19T14:00:08+00:00\",\"dateModified\":\"2022-04-20T15:09:08+00:00\",\"mainEntityOfPage\":{\"@id\":\"https:\\\/\\\/animosa.es\\\/blog\\\/ideas-para-un-verano-feminista\\\/\"},\"wordCount\":917,\"commentCount\":2,\"publisher\":{\"@id\":\"https:\\\/\\\/animosa.es\\\/blog\\\/#organization\"},\"image\":{\"@id\":\"https:\\\/\\\/animosa.es\\\/blog\\\/ideas-para-un-verano-feminista\\\/#primaryimage\"},\"thumbnailUrl\":\"https:\\\/\\\/animosa.es\\\/blog\\\/wp-content\\\/uploads\\\/2019\\\/04\\\/Animosa_verano.jpg\",\"keywords\":[\"Empoderamiento\",\"Girl power\",\"Sororidad\",\"verano\"],\"articleSection\":[\"Planes girl power\",\"Poder femenino\"],\"inLanguage\":\"es\",\"potentialAction\":[{\"@type\":\"CommentAction\",\"name\":\"Comment\",\"target\":[\"https:\\\/\\\/animosa.es\\\/blog\\\/ideas-para-un-verano-feminista\\\/#respond\"]}]},{\"@type\":\"WebPage\",\"@id\":\"https:\\\/\\\/animosa.es\\\/blog\\\/ideas-para-un-verano-feminista\\\/\",\"url\":\"https:\\\/\\\/animosa.es\\\/blog\\\/ideas-para-un-verano-feminista\\\/\",\"name\":\"5 ideas para conseguir que este sea nuestro gran verano feminista\",\"isPartOf\":{\"@id\":\"https:\\\/\\\/animosa.es\\\/blog\\\/#website\"},\"primaryImageOfPage\":{\"@id\":\"https:\\\/\\\/animosa.es\\\/blog\\\/ideas-para-un-verano-feminista\\\/#primaryimage\"},\"image\":{\"@id\":\"https:\\\/\\\/animosa.es\\\/blog\\\/ideas-para-un-verano-feminista\\\/#primaryimage\"},\"thumbnailUrl\":\"https:\\\/\\\/animosa.es\\\/blog\\\/wp-content\\\/uploads\\\/2019\\\/04\\\/Animosa_verano.jpg\",\"datePublished\":\"2019-06-19T14:00:08+00:00\",\"dateModified\":\"2022-04-20T15:09:08+00:00\",\"description\":\"Un verano feminista es posible y, desde Animosa, queremos daros unas cuantas ideas para vivirlo en sororidad y esp\u00edritu girl power\",\"breadcrumb\":{\"@id\":\"https:\\\/\\\/animosa.es\\\/blog\\\/ideas-para-un-verano-feminista\\\/#breadcrumb\"},\"inLanguage\":\"es\",\"potentialAction\":[{\"@type\":\"ReadAction\",\"target\":[\"https:\\\/\\\/animosa.es\\\/blog\\\/ideas-para-un-verano-feminista\\\/\"]}]},{\"@type\":\"ImageObject\",\"inLanguage\":\"es\",\"@id\":\"https:\\\/\\\/animosa.es\\\/blog\\\/ideas-para-un-verano-feminista\\\/#primaryimage\",\"url\":\"https:\\\/\\\/animosa.es\\\/blog\\\/wp-content\\\/uploads\\\/2019\\\/04\\\/Animosa_verano.jpg\",\"contentUrl\":\"https:\\\/\\\/animosa.es\\\/blog\\\/wp-content\\\/uploads\\\/2019\\\/04\\\/Animosa_verano.jpg\",\"width\":1920,\"height\":1200},{\"@type\":\"BreadcrumbList\",\"@id\":\"https:\\\/\\\/animosa.es\\\/blog\\\/ideas-para-un-verano-feminista\\\/#breadcrumb\",\"itemListElement\":[{\"@type\":\"ListItem\",\"position\":1,\"name\":\"Portada\",\"item\":\"https:\\\/\\\/animosa.es\\\/blog\\\/\"},{\"@type\":\"ListItem\",\"position\":2,\"name\":\"5 ideas (muy f\u00e1ciles de llevar a cabo) para convertir este verano en nuestro renacimiento feminista\"}]},{\"@type\":\"WebSite\",\"@id\":\"https:\\\/\\\/animosa.es\\\/blog\\\/#website\",\"url\":\"https:\\\/\\\/animosa.es\\\/blog\\\/\",\"name\":\"Animosa Blog\",\"description\":\"Alma y Coraje: Mujeres importantes e inspiradoras\",\"publisher\":{\"@id\":\"https:\\\/\\\/animosa.es\\\/blog\\\/#organization\"},\"potentialAction\":[{\"@type\":\"SearchAction\",\"target\":{\"@type\":\"EntryPoint\",\"urlTemplate\":\"https:\\\/\\\/animosa.es\\\/blog\\\/?s={search_term_string}\"},\"query-input\":{\"@type\":\"PropertyValueSpecification\",\"valueRequired\":true,\"valueName\":\"search_term_string\"}}],\"inLanguage\":\"es\"},{\"@type\":\"Organization\",\"@id\":\"https:\\\/\\\/animosa.es\\\/blog\\\/#organization\",\"name\":\"Animosa\",\"url\":\"https:\\\/\\\/animosa.es\\\/blog\\\/\",\"logo\":{\"@type\":\"ImageObject\",\"inLanguage\":\"es\",\"@id\":\"https:\\\/\\\/animosa.es\\\/blog\\\/#\\\/schema\\\/logo\\\/image\\\/\",\"url\":\"https:\\\/\\\/animosa.es\\\/blog\\\/wp-content\\\/uploads\\\/2018\\\/11\\\/mi-tienda-logo-e1541405563290.png\",\"contentUrl\":\"https:\\\/\\\/animosa.es\\\/blog\\\/wp-content\\\/uploads\\\/2018\\\/11\\\/mi-tienda-logo-e1541405563290.png\",\"width\":170,\"height\":53,\"caption\":\"Animosa\"},\"image\":{\"@id\":\"https:\\\/\\\/animosa.es\\\/blog\\\/#\\\/schema\\\/logo\\\/image\\\/\"},\"sameAs\":[\"https:\\\/\\\/www.facebook.com\\\/animosaoficial\",\"https:\\\/\\\/x.com\\\/animosaoficial\",\"https:\\\/\\\/www.instagram.com\\\/animosaoficial\\\/\",\"https:\\\/\\\/www.pinterest.es\\\/animosaoficial\\\/\",\"https:\\\/\\\/www.youtube.com\\\/channel\\\/UCvpO4cBfsjLILe9zJnR_krw\"]},{\"@type\":\"Person\",\"@id\":\"https:\\\/\\\/animosa.es\\\/blog\\\/#\\\/schema\\\/person\\\/c63bf54d9b5b4afb33c6556c3ea84842\",\"name\":\"Abril Camino\",\"url\":\"https:\\\/\\\/animosa.es\\\/blog\\\/author\\\/comunicacion\\\/\"}]}<\/script>\n<!-- \/ Yoast SEO plugin. -->","yoast_head_json":{"title":"5 ideas para conseguir que este sea nuestro gran verano feminista","description":"Un verano feminista es posible y, desde Animosa, queremos daros unas cuantas ideas para vivirlo en sororidad y esp\u00edritu girl power","robots":{"index":"index","follow":"follow","max-snippet":"max-snippet:-1","max-image-preview":"max-image-preview:large","max-video-preview":"max-video-preview:-1"},"canonical":"https:\/\/animosa.es\/blog\/ideas-para-un-verano-feminista\/","og_locale":"es_ES","og_type":"article","og_title":"5 ideas para conseguir que este sea nuestro gran verano feminista","og_description":"Un verano feminista es posible y, desde Animosa, queremos daros unas cuantas ideas para vivirlo en sororidad y esp\u00edritu girl power","og_url":"https:\/\/animosa.es\/blog\/ideas-para-un-verano-feminista\/","og_site_name":"Animosa Blog","article_publisher":"https:\/\/www.facebook.com\/animosaoficial","article_published_time":"2019-06-19T14:00:08+00:00","article_modified_time":"2022-04-20T15:09:08+00:00","og_image":[{"width":1920,"height":1200,"url":"https:\/\/animosa.es\/blog\/wp-content\/uploads\/2019\/04\/Animosa_verano.jpg","type":"image\/jpeg"}],"author":"Abril Camino","twitter_card":"summary_large_image","twitter_creator":"@animosaoficial","twitter_site":"@animosaoficial","twitter_misc":{"Escrito por":"Abril Camino","Tiempo de lectura":"5 minutos"},"schema":{"@context":"https:\/\/schema.org","@graph":[{"@type":"Article","@id":"https:\/\/animosa.es\/blog\/ideas-para-un-verano-feminista\/#article","isPartOf":{"@id":"https:\/\/animosa.es\/blog\/ideas-para-un-verano-feminista\/"},"author":{"name":"Abril Camino","@id":"https:\/\/animosa.es\/blog\/#\/schema\/person\/c63bf54d9b5b4afb33c6556c3ea84842"},"headline":"5 ideas (muy f\u00e1ciles de llevar a cabo) para convertir este verano en nuestro renacimiento feminista","datePublished":"2019-06-19T14:00:08+00:00","dateModified":"2022-04-20T15:09:08+00:00","mainEntityOfPage":{"@id":"https:\/\/animosa.es\/blog\/ideas-para-un-verano-feminista\/"},"wordCount":917,"commentCount":2,"publisher":{"@id":"https:\/\/animosa.es\/blog\/#organization"},"image":{"@id":"https:\/\/animosa.es\/blog\/ideas-para-un-verano-feminista\/#primaryimage"},"thumbnailUrl":"https:\/\/animosa.es\/blog\/wp-content\/uploads\/2019\/04\/Animosa_verano.jpg","keywords":["Empoderamiento","Girl power","Sororidad","verano"],"articleSection":["Planes girl power","Poder femenino"],"inLanguage":"es","potentialAction":[{"@type":"CommentAction","name":"Comment","target":["https:\/\/animosa.es\/blog\/ideas-para-un-verano-feminista\/#respond"]}]},{"@type":"WebPage","@id":"https:\/\/animosa.es\/blog\/ideas-para-un-verano-feminista\/","url":"https:\/\/animosa.es\/blog\/ideas-para-un-verano-feminista\/","name":"5 ideas para conseguir que este sea nuestro gran verano feminista","isPartOf":{"@id":"https:\/\/animosa.es\/blog\/#website"},"primaryImageOfPage":{"@id":"https:\/\/animosa.es\/blog\/ideas-para-un-verano-feminista\/#primaryimage"},"image":{"@id":"https:\/\/animosa.es\/blog\/ideas-para-un-verano-feminista\/#primaryimage"},"thumbnailUrl":"https:\/\/animosa.es\/blog\/wp-content\/uploads\/2019\/04\/Animosa_verano.jpg","datePublished":"2019-06-19T14:00:08+00:00","dateModified":"2022-04-20T15:09:08+00:00","description":"Un verano feminista es posible y, desde Animosa, queremos daros unas cuantas ideas para vivirlo en sororidad y esp\u00edritu girl power","breadcrumb":{"@id":"https:\/\/animosa.es\/blog\/ideas-para-un-verano-feminista\/#breadcrumb"},"inLanguage":"es","potentialAction":[{"@type":"ReadAction","target":["https:\/\/animosa.es\/blog\/ideas-para-un-verano-feminista\/"]}]},{"@type":"ImageObject","inLanguage":"es","@id":"https:\/\/animosa.es\/blog\/ideas-para-un-verano-feminista\/#primaryimage","url":"https:\/\/animosa.es\/blog\/wp-content\/uploads\/2019\/04\/Animosa_verano.jpg","contentUrl":"https:\/\/animosa.es\/blog\/wp-content\/uploads\/2019\/04\/Animosa_verano.jpg","width":1920,"height":1200},{"@type":"BreadcrumbList","@id":"https:\/\/animosa.es\/blog\/ideas-para-un-verano-feminista\/#breadcrumb","itemListElement":[{"@type":"ListItem","position":1,"name":"Portada","item":"https:\/\/animosa.es\/blog\/"},{"@type":"ListItem","position":2,"name":"5 ideas (muy f\u00e1ciles de llevar a cabo) para convertir este verano en nuestro renacimiento feminista"}]},{"@type":"WebSite","@id":"https:\/\/animosa.es\/blog\/#website","url":"https:\/\/animosa.es\/blog\/","name":"Animosa Blog","description":"Alma y Coraje: Mujeres importantes e inspiradoras","publisher":{"@id":"https:\/\/animosa.es\/blog\/#organization"},"potentialAction":[{"@type":"SearchAction","target":{"@type":"EntryPoint","urlTemplate":"https:\/\/animosa.es\/blog\/?s={search_term_string}"},"query-input":{"@type":"PropertyValueSpecification","valueRequired":true,"valueName":"search_term_string"}}],"inLanguage":"es"},{"@type":"Organization","@id":"https:\/\/animosa.es\/blog\/#organization","name":"Animosa","url":"https:\/\/animosa.es\/blog\/","logo":{"@type":"ImageObject","inLanguage":"es","@id":"https:\/\/animosa.es\/blog\/#\/schema\/logo\/image\/","url":"https:\/\/animosa.es\/blog\/wp-content\/uploads\/2018\/11\/mi-tienda-logo-e1541405563290.png","contentUrl":"https:\/\/animosa.es\/blog\/wp-content\/uploads\/2018\/11\/mi-tienda-logo-e1541405563290.png","width":170,"height":53,"caption":"Animosa"},"image":{"@id":"https:\/\/animosa.es\/blog\/#\/schema\/logo\/image\/"},"sameAs":["https:\/\/www.facebook.com\/animosaoficial","https:\/\/x.com\/animosaoficial","https:\/\/www.instagram.com\/animosaoficial\/","https:\/\/www.pinterest.es\/animosaoficial\/","https:\/\/www.youtube.com\/channel\/UCvpO4cBfsjLILe9zJnR_krw"]},{"@type":"Person","@id":"https:\/\/animosa.es\/blog\/#\/schema\/person\/c63bf54d9b5b4afb33c6556c3ea84842","name":"Abril Camino","url":"https:\/\/animosa.es\/blog\/author\/comunicacion\/"}]}},"_links":{"self":[{"href":"https:\/\/animosa.es\/blog\/wp-json\/wp\/v2\/posts\/358","targetHints":{"allow":["GET"]}}],"collection":[{"href":"https:\/\/animosa.es\/blog\/wp-json\/wp\/v2\/posts"}],"about":[{"href":"https:\/\/animosa.es\/blog\/wp-json\/wp\/v2\/types\/post"}],"author":[{"embeddable":true,"href":"https:\/\/animosa.es\/blog\/wp-json\/wp\/v2\/users\/5"}],"replies":[{"embeddable":true,"href":"https:\/\/animosa.es\/blog\/wp-json\/wp\/v2\/comments?post=358"}],"version-history":[{"count":9,"href":"https:\/\/animosa.es\/blog\/wp-json\/wp\/v2\/posts\/358\/revisions"}],"predecessor-version":[{"id":375,"href":"https:\/\/animosa.es\/blog\/wp-json\/wp\/v2\/posts\/358\/revisions\/375"}],"wp:featuredmedia":[{"embeddable":true,"href":"https:\/\/animosa.es\/blog\/wp-json\/wp\/v2\/media\/359"}],"wp:attachment":[{"href":"https:\/\/animosa.es\/blog\/wp-json\/wp\/v2\/media?parent=358"}],"wp:term":[{"taxonomy":"category","embeddable":true,"href":"https:\/\/animosa.es\/blog\/wp-json\/wp\/v2\/categories?post=358"},{"taxonomy":"post_tag","embeddable":true,"href":"https:\/\/animosa.es\/blog\/wp-json\/wp\/v2\/tags?post=358"}],"curies":[{"name":"wp","href":"https:\/\/api.w.org\/{rel}","templated":true}]}}