{"id":3591,"date":"2026-03-12T15:25:32","date_gmt":"2026-03-12T14:25:32","guid":{"rendered":"https:\/\/animosa.es\/blog\/?p=3591"},"modified":"2026-03-12T15:25:33","modified_gmt":"2026-03-12T14:25:33","slug":"la-amistad-entre-mujeres-como-motor-del-avance","status":"publish","type":"post","link":"https:\/\/animosa.es\/blog\/la-amistad-entre-mujeres-como-motor-del-avance\/","title":{"rendered":"La amistad entre mujeres como motor del avance"},"content":{"rendered":"\n<p>El domingo vivimos otro <strong>8M,<\/strong> cada una desde su trinchera. Vivieras como lo vivieras, intuimos que no lo hiciste sola. Pi\u00e9nsalo, nadie cambia el mundo en solitario. En concreto en materia de igualdad, las mejoras legales y sociales de las \u00faltimas d\u00e9cadas han sido fruto de <strong>asociaciones, colectivos y grupos de mujeres<\/strong> que trabajaron durante a\u00f1os con paciencia estrat\u00e9gica, y no de un impulso aislado. Te d\u00e1bamos <a href=\"https:\/\/www.instagram.com\/p\/DVeWxgADFMU\/?img_index=1\" target=\"_blank\" rel=\"noreferrer noopener\">5 ejemplos el otro d\u00eda en redes. <\/a>Hablemos de la <strong>amistad entre mujeres<\/strong> como motor del avance; de lo que ocurre cuando las mujeres se organizan.<\/p>\n\n\n\n<!--more-->\n\n\n\n<h2 class=\"wp-block-heading\"><strong>La amistad entre mujeres como motor del avance<\/strong><\/h2>\n\n\n\n<p>La historia oficial tiende a fijarse en los nombres propios de las mujeres que nos han hecho avanzar, pero la imagen rom\u00e1ntica de la hero\u00edna solitaria es inexacta. Si miras un poco m\u00e1s de cerca, lo que hay detr\u00e1s del avance son conversaciones, reuniones discretas, cartas, llamadas, cuadernos compartidos, caf\u00e9s interminables y decisiones colectivas.: La amistad como motor silencioso del avance.&nbsp;<\/p>\n\n\n\n<p>A veces esas redes fueron asociaciones formales con estatutos y sedes. Otras veces empezaron como peque\u00f1os grupos que se reun\u00edan para hablar de lo que parec\u00eda imposible cambiar. Lo interesante es que muchas de esas conversaciones terminaron modificando leyes, sistemas judiciales o incluso la memoria de un pa\u00eds.<\/p>\n\n\n\n<p>Estos son cuatro ejemplos de colectivos que lo demuestran.<\/p>\n\n\n\n<h2 class=\"wp-block-heading\"><strong>National Organization for Women (NOW)<\/strong><\/h2>\n\n\n\n<p><strong>Estados Unidos, 1966<\/strong><\/p>\n\n\n\n<p>Naci\u00f3 con el objetivo de vigilar que las instituciones cumplieran sus propias normas. Entre sus fundadoras estaba <a href=\"https:\/\/mujeresbacanas.com\/betty-friedan-1921-2006-betty-friedan-es-la-autora\/\" target=\"_blank\" rel=\"noreferrer noopener\">Betty Friedan.<\/a><\/p>\n\n\n\n<p>Durante los primeros a\u00f1os se dedicaron a revisar leyes, presentar denuncias, acompa\u00f1ar litigios y presionar a organismos federales para que aplicaran las disposiciones del <strong>T\u00edtulo VII de la Ley de Derechos Civiles, <\/strong>que prohib\u00eda la discriminaci\u00f3n laboral por raz\u00f3n de sexo. Ese trabajo t\u00e9cnico tuvo consecuencias muy concretas:<\/p>\n\n\n\n<p>En los a\u00f1os sesenta era habitual que los anuncios de empleo en los peri\u00f3dicos estuvieran divididos en dos columnas: \u201ctrabajos para hombres\u201d y \u201ctrabajos para mujeres\u201d. <a href=\"https:\/\/now.org\/\" target=\"_blank\" rel=\"noreferrer noopener\">NOW<\/a> denunci\u00f3 sistem\u00e1ticamente esa pr\u00e1ctica hasta que dej\u00f3 de ser legal.<\/p>\n\n\n\n<figure class=\"wp-block-image size-large is-resized\"><img loading=\"lazy\" decoding=\"async\" width=\"640\" height=\"480\" src=\"https:\/\/animosa.es\/blog\/wp-content\/uploads\/2026\/03\/colectivos-usa-640x480.jpg\" alt=\"La amistad entre mujeres como motor del avance\" class=\"wp-image-3597\" style=\"width:674px;height:auto\" srcset=\"https:\/\/animosa.es\/blog\/wp-content\/uploads\/2026\/03\/colectivos-usa-640x480.jpg 640w, https:\/\/animosa.es\/blog\/wp-content\/uploads\/2026\/03\/colectivos-usa-300x225.jpg 300w, https:\/\/animosa.es\/blog\/wp-content\/uploads\/2026\/03\/colectivos-usa-768x576.jpg 768w, https:\/\/animosa.es\/blog\/wp-content\/uploads\/2026\/03\/colectivos-usa.jpg 960w\" sizes=\"auto, (max-width: 640px) 100vw, 640px\" \/><figcaption class=\"wp-element-caption\"><a href=\"https:\/\/www.thoughtco.com\/profile-of-the-national-organization-for-women-352899\" target=\"_blank\" rel=\"noreferrer noopener\">Fuente de la imagen: <\/a>Pro-choice rally, 2003, Philadelphia. Getty Images \/ William Thomas Cain. <\/figcaption><\/figure>\n\n\n\n<p>La organizaci\u00f3n tambi\u00e9n presion\u00f3 para que la <strong>Equal Employment Opportunity Commission,<\/strong> la agencia encargada de supervisar la igualdad laboral, empezara a investigar casos reales de discriminaci\u00f3n.<\/p>\n\n\n\n<p>Durante d\u00e9cadas, muchas mujeres estadounidenses necesitaban la firma de un marido o de un familiar masculino para abrir una cuenta bancaria o solicitar un pr\u00e9stamo. NOW particip\u00f3 activamente en la presi\u00f3n social y jur\u00eddica que desemboc\u00f3 en la <strong>Equal Credit Opportunity Act de 1974,<\/strong> una ley que prohib\u00eda la discriminaci\u00f3n por sexo en el acceso al cr\u00e9dito.<\/p>\n\n\n\n<p>A lo largo de las d\u00e9cadas siguientes, NOW particip\u00f3 en campa\u00f1as relacionadas con igualdad salarial, derechos reproductivos y acceso equitativo a profesiones tradicionalmente masculinas. El m\u00e9todo de trabajo de la organizaci\u00f3n combinaba activismo p\u00fablico con estrategias legales.<\/p>\n\n\n\n<h2 class=\"wp-block-heading\"><strong>Madres de Plaza de Mayo<\/strong><\/h2>\n\n\n\n<p><strong>Argentina, 1977<\/strong><\/p>\n\n\n\n<p>Hablar de desapariciones forzadas era extremadamente peligroso. En plena dictadura militar, el r\u00e9gimen negaba los secuestros y no ofrec\u00eda informaci\u00f3n sobre el paradero de miles de personas detenidas por motivos pol\u00edticos.<\/p>\n\n\n\n<p>Ellas se reun\u00edan en la Plaza de Mayo, frente a la Casa Rosada, caminaban en c\u00edrculo, sosten\u00edan fotograf\u00edas y exig\u00edan algo muy b\u00e1sico: saber d\u00f3nde estaban sus hijos. Su s\u00edmbolo era el pa\u00f1uelo blanco.<\/p>\n\n\n\n<figure class=\"wp-block-image size-large is-resized\"><img loading=\"lazy\" decoding=\"async\" width=\"640\" height=\"360\" src=\"https:\/\/animosa.es\/blog\/wp-content\/uploads\/2026\/03\/colectivos-argentina-640x360.jpg\" alt=\"La amistad entre mujeres como motor del avance\" class=\"wp-image-3594\" style=\"width:674px;height:auto\" srcset=\"https:\/\/animosa.es\/blog\/wp-content\/uploads\/2026\/03\/colectivos-argentina-640x360.jpg 640w, https:\/\/animosa.es\/blog\/wp-content\/uploads\/2026\/03\/colectivos-argentina-300x169.jpg 300w, https:\/\/animosa.es\/blog\/wp-content\/uploads\/2026\/03\/colectivos-argentina-768x432.jpg 768w, https:\/\/animosa.es\/blog\/wp-content\/uploads\/2026\/03\/colectivos-argentina.jpg 960w\" sizes=\"auto, (max-width: 640px) 100vw, 640px\" \/><figcaption class=\"wp-element-caption\">Fotograma de Mothers of the Plaza de Mayo, dirigida por Susana Blaustein &amp; Lourdes Portillo. V\u00eda <a href=\"https:\/\/filmstreams.org\/films\/las-madres-de-la-plaza-de-mayo-mothers-of-the-plaza-de-mayo\" target=\"_blank\" rel=\"noreferrer noopener\">Filmstreams<\/a><\/figcaption><\/figure>\n\n\n\n<p>Con el tiempo, su persistencia tuvo un efecto que trascendi\u00f3 las fronteras de Argentina. Periodistas, organizaciones de derechos humanos y gobiernos extranjeros empezaron a prestar atenci\u00f3n a lo que estaba ocurriendo.<\/p>\n\n\n\n<p>El grupo logr\u00f3 internacionalizar la denuncia de las desapariciones forzadas en el pa\u00eds.<\/p>\n\n\n\n<p>Tras el final de la dictadura en 1983, el trabajo de estas mujeres influy\u00f3 en la creaci\u00f3n de la <strong>CONADEP<\/strong> (Comisi\u00f3n Nacional sobre la Desaparici\u00f3n de Personas) y en la recopilaci\u00f3n de testimonios que documentaron miles de casos de violaciones de derechos humanos.<\/p>\n\n\n\n<h2 class=\"wp-block-heading\"><strong>The Langham Place Circle<\/strong><\/h2>\n\n\n\n<p><strong>Reino Unido, 1858<\/strong><\/p>\n\n\n\n<p>En el Londres de mediados del siglo XIX, las opciones profesionales y el acceso a la educaci\u00f3n superior para las mujeres de clase media eran extremadamente limitadas.<\/p>\n\n\n\n<p>Un peque\u00f1o grupo comenz\u00f3 a reunirse en una direcci\u00f3n concreta: Langham Place, n\u00ba 19. Entre sus integrantes estaban figuras como <a href=\"https:\/\/wahooart.com\/es\/artists\/barbara-bodichon_es\/\" target=\"_blank\" rel=\"noreferrer noopener\">Barbara Bodichon<\/a>, <a href=\"https:\/\/www.ebsco.com\/research-starters\/biography\/bessie-rayner-parkes\" target=\"_blank\" rel=\"noreferrer noopener\">Bessie Rayner Parkes<\/a> y <a href=\"https:\/\/collection.sciencemuseumgroup.org.uk\/people\/cp127997\/emily-faithfull\" target=\"_blank\" rel=\"noreferrer noopener\">Emily Faithfull.<\/a><\/p>\n\n\n\n<p>Una de sus primeras iniciativas fue crear una publicaci\u00f3n peri\u00f3dica, <strong>The English Woman\u2019s Journal,<\/strong> que analizaba cuestiones como educaci\u00f3n, empleo y reformas legales.<\/p>\n\n\n\n<figure class=\"wp-block-image size-large is-resized\"><img loading=\"lazy\" decoding=\"async\" width=\"640\" height=\"411\" src=\"https:\/\/animosa.es\/blog\/wp-content\/uploads\/2026\/03\/colectivos-inglaterra-640x411.jpg\" alt=\"La amistad entre mujeres como motor del avance\" class=\"wp-image-3596\" style=\"width:674px;height:auto\" srcset=\"https:\/\/animosa.es\/blog\/wp-content\/uploads\/2026\/03\/colectivos-inglaterra-640x411.jpg 640w, https:\/\/animosa.es\/blog\/wp-content\/uploads\/2026\/03\/colectivos-inglaterra-300x193.jpg 300w, https:\/\/animosa.es\/blog\/wp-content\/uploads\/2026\/03\/colectivos-inglaterra-768x494.jpg 768w, https:\/\/animosa.es\/blog\/wp-content\/uploads\/2026\/03\/colectivos-inglaterra.jpg 960w\" sizes=\"auto, (max-width: 640px) 100vw, 640px\" \/><figcaption class=\"wp-element-caption\">Mujeres trabajando en el The English Woman&#8217;s Journal (c. 1860). V\u00eda <a href=\"https:\/\/spartacus-educational.com\/Langham.htm\" target=\"_blank\" rel=\"noreferrer noopener\">Spartacus Educational<\/a><\/figcaption><\/figure>\n\n\n\n<p>Fundaron la <strong>Society for Promoting the Employment of Women<\/strong>, una organizaci\u00f3n destinada a ampliar las oportunidades laborales femeninas en profesiones que hasta entonces estaban cerradas.<\/p>\n\n\n\n<p>El grupo apoy\u00f3 adem\u00e1s campa\u00f1as que terminar\u00edan influyendo en reformas legales importantes, como las <strong>Married Women\u2019s Property Acts,<\/strong> leyes aprobadas entre 1870 y 1882 que permitieron a las mujeres casadas poseer y administrar bienes propios.<\/p>\n\n\n\n<h2 class=\"wp-block-heading\"><strong>Asociaci\u00f3n de Mujeres Juristas Themis<\/strong><\/h2>\n\n\n\n<p><strong>Espa\u00f1a, 1987<\/strong><\/p>\n\n\n\n<p>En los a\u00f1os ochenta y noventa, el sistema judicial espa\u00f1ol apenas incorporaba perspectiva de g\u00e9nero en cuestiones como violencia dom\u00e9stica, custodia de menores o discriminaci\u00f3n laboral. Varias abogadas espa\u00f1olas decidieron crear una organizaci\u00f3n especializada en analizar el derecho desde la experiencia concreta de las mujeres. <\/p>\n\n\n\n<p>Uno de sus \u00e1mbitos de trabajo m\u00e1s importantes ha sido la violencia contra las mujeres. Durante a\u00f1os impulsaron la necesidad de crear marcos legales m\u00e1s completos para abordar esta realidad.<\/p>\n\n\n\n<p>Ese proceso desemboc\u00f3 en 2004 en la aprobaci\u00f3n de la<strong> Ley Org\u00e1nica de Medidas de Protecci\u00f3n Integral contra la Violencia de G\u00e9nero,<\/strong> una normativa que introdujo juzgados especializados, medidas de protecci\u00f3n y pol\u00edticas p\u00fablicas espec\u00edficas.<\/p>\n\n\n\n<p>Themis particip\u00f3 en debates parlamentarios, elabor\u00f3 informes t\u00e9cnicos y contribuy\u00f3 a visibilizar la necesidad de un enfoque jur\u00eddico m\u00e1s amplio.<\/p>\n\n\n\n<p>Adem\u00e1s de su labor legislativa, la asociaci\u00f3n ha desarrollado programas de asistencia jur\u00eddica gratuita, formaci\u00f3n para operadores judiciales y campa\u00f1as de divulgaci\u00f3n sobre derechos legales.<\/p>\n\n\n\n<figure class=\"wp-block-image size-large is-resized\"><img loading=\"lazy\" decoding=\"async\" width=\"640\" height=\"480\" src=\"https:\/\/animosa.es\/blog\/wp-content\/uploads\/2026\/03\/colectivos-espana-640x480.jpg\" alt=\"\" class=\"wp-image-3595\" style=\"width:674px;height:auto\" srcset=\"https:\/\/animosa.es\/blog\/wp-content\/uploads\/2026\/03\/colectivos-espana-640x480.jpg 640w, https:\/\/animosa.es\/blog\/wp-content\/uploads\/2026\/03\/colectivos-espana-300x225.jpg 300w, https:\/\/animosa.es\/blog\/wp-content\/uploads\/2026\/03\/colectivos-espana-768x576.jpg 768w, https:\/\/animosa.es\/blog\/wp-content\/uploads\/2026\/03\/colectivos-espana.jpg 960w\" sizes=\"auto, (max-width: 640px) 100vw, 640px\" \/><figcaption class=\"wp-element-caption\">35 a\u00f1os de lucha por la igualdad y la justicia. Imagen de <a href=\"https:\/\/www.mujeresjuristasthemis.org\/actualidad\/notas-de-prensa\/45-asociacion-de-mujeres-juristas-themis-35-anos-de-lucha-por-la-igualdad-y-la-justicia\">su web<\/a><\/figcaption><\/figure>\n\n\n\n<p>A diferencia de otros movimientos m\u00e1s visibles en el espacio p\u00fablico, el trabajo de estas juristas ocurre a menudo en espacios menos visibles: despachos, tribunales, comisiones parlamentarias o seminarios de formaci\u00f3n.<\/p>\n\n\n\n<h2 class=\"wp-block-heading\"><strong>La amistad entre mujeres como motor del avance: Redes que cambian el rumbo<\/strong><\/h2>\n\n\n\n<p>Estos cuatro ejemplos pertenecen a contextos muy diferentes pero comparten un patr\u00f3n com\u00fan: No fueron iniciativas individuales. Fueron redes. Mirar la historia desde esa perspectiva cambia ligeramente el foco. En lugar de buscar una figura excepcional, aparece algo m\u00e1s complejo y probablemente m\u00e1s real: muchas mujeres trabajando juntas.<\/p>\n\n\n\n<p>Una infraestructura invisible.<\/p>\n\n\n\n<p>Una red que sostiene. Y que, cuando es necesario, empuja hacia adelante.<\/p>\n\n\n\n<figure class=\"wp-block-image size-large is-resized\"><a href=\"https:\/\/animosa.es\/moda-camisetas-manga-larga\/3417-11566-camiseta-amiga.html#\/47-talla-m\" target=\"_blank\" rel=\" noreferrer noopener\"><img loading=\"lazy\" decoding=\"async\" width=\"640\" height=\"480\" src=\"https:\/\/animosa.es\/blog\/wp-content\/uploads\/2026\/03\/imagenes_animosa-640x480.jpg\" alt=\"\" class=\"wp-image-3598\" style=\"width:674px;height:auto\" srcset=\"https:\/\/animosa.es\/blog\/wp-content\/uploads\/2026\/03\/imagenes_animosa-640x480.jpg 640w, https:\/\/animosa.es\/blog\/wp-content\/uploads\/2026\/03\/imagenes_animosa-300x225.jpg 300w, https:\/\/animosa.es\/blog\/wp-content\/uploads\/2026\/03\/imagenes_animosa-768x576.jpg 768w, https:\/\/animosa.es\/blog\/wp-content\/uploads\/2026\/03\/imagenes_animosa.jpg 960w\" sizes=\"auto, (max-width: 640px) 100vw, 640px\" \/><\/a><\/figure>\n\n\n\n<p>Nuestra \u00faltima <strong><a href=\"https:\/\/animosa.es\/347-coleccion-amigas\" target=\"_blank\" rel=\"noreferrer noopener\">colecci\u00f3n se llama \u201cAmigas<\/a><\/strong>\u201d. Y es por algo.<\/p>\n\n\n\n<p><\/p>\n","protected":false},"excerpt":{"rendered":"<p>El domingo vivimos otro 8M, cada una desde su trinchera. Vivieras como lo vivieras, intuimos que no lo hiciste sola. Pi\u00e9nsalo, nadie cambia el mundo en solitario. En concreto en materia de igualdad, las mejoras legales y sociales de las \u00faltimas d\u00e9cadas han sido fruto de asociaciones, colectivos y grupos de mujeres que trabajaron durante &hellip; <\/p>\n<p class=\"link-more\"><a href=\"https:\/\/animosa.es\/blog\/la-amistad-entre-mujeres-como-motor-del-avance\/\" class=\"more-link\">Continuar leyendo<span class=\"screen-reader-text\"> \u00abLa amistad entre mujeres como motor del avance\u00bb<\/span><\/a><\/p>\n","protected":false},"author":9,"featured_media":3593,"comment_status":"open","ping_status":"closed","sticky":false,"template":"","format":"standard","meta":{"_monsterinsights_skip_tracking":false,"_monsterinsights_sitenote_active":false,"_monsterinsights_sitenote_note":"","_monsterinsights_sitenote_category":0,"footnotes":""},"categories":[11,114],"tags":[5,15,16],"class_list":["post-3591","post","type-post","status-publish","format-standard","has-post-thumbnail","hentry","category-grandes-mujeres-de-la-historia","category-pioneras","tag-feminismo","tag-grandes-mujeres","tag-pioneras"],"yoast_head":"<!-- This site is optimized with the Yoast SEO plugin v27.4 - https:\/\/yoast.com\/product\/yoast-seo-wordpress\/ -->\n<title>La amistad entre mujeres como motor del avance - Animosa Blog<\/title>\n<meta name=\"description\" content=\"En Animosa queremos que te inspiren las mujeres importantes de la historia. Te hablamos de La amistad entre mujeres como motor del avance\" \/>\n<meta name=\"robots\" content=\"index, follow, max-snippet:-1, max-image-preview:large, max-video-preview:-1\" \/>\n<link rel=\"canonical\" href=\"https:\/\/animosa.es\/blog\/la-amistad-entre-mujeres-como-motor-del-avance\/\" \/>\n<meta property=\"og:locale\" content=\"es_ES\" \/>\n<meta property=\"og:type\" content=\"article\" \/>\n<meta property=\"og:title\" content=\"La amistad entre mujeres como motor del avance - Animosa Blog\" \/>\n<meta property=\"og:description\" content=\"En Animosa queremos que te inspiren las mujeres importantes de la historia. Te hablamos de La amistad entre mujeres como motor del avance\" \/>\n<meta property=\"og:url\" content=\"https:\/\/animosa.es\/blog\/la-amistad-entre-mujeres-como-motor-del-avance\/\" \/>\n<meta property=\"og:site_name\" content=\"Animosa Blog\" \/>\n<meta property=\"article:publisher\" content=\"https:\/\/www.facebook.com\/animosaoficial\" \/>\n<meta property=\"article:published_time\" content=\"2026-03-12T14:25:32+00:00\" \/>\n<meta property=\"article:modified_time\" content=\"2026-03-12T14:25:33+00:00\" \/>\n<meta property=\"og:image\" content=\"https:\/\/animosa.es\/blog\/wp-content\/uploads\/2026\/03\/colectivos_cabecera.jpg\" \/>\n\t<meta property=\"og:image:width\" content=\"1920\" \/>\n\t<meta property=\"og:image:height\" content=\"1280\" \/>\n\t<meta property=\"og:image:type\" content=\"image\/jpeg\" \/>\n<meta name=\"author\" content=\"Carol\" \/>\n<meta name=\"twitter:card\" content=\"summary_large_image\" \/>\n<meta name=\"twitter:creator\" content=\"@animosaoficial\" \/>\n<meta name=\"twitter:site\" content=\"@animosaoficial\" \/>\n<meta name=\"twitter:label1\" content=\"Escrito por\" \/>\n\t<meta name=\"twitter:data1\" content=\"Carol\" \/>\n\t<meta name=\"twitter:label2\" content=\"Tiempo de lectura\" \/>\n\t<meta name=\"twitter:data2\" content=\"7 minutos\" \/>\n<script type=\"application\/ld+json\" class=\"yoast-schema-graph\">{\"@context\":\"https:\\\/\\\/schema.org\",\"@graph\":[{\"@type\":\"Article\",\"@id\":\"https:\\\/\\\/animosa.es\\\/blog\\\/la-amistad-entre-mujeres-como-motor-del-avance\\\/#article\",\"isPartOf\":{\"@id\":\"https:\\\/\\\/animosa.es\\\/blog\\\/la-amistad-entre-mujeres-como-motor-del-avance\\\/\"},\"author\":{\"name\":\"Carol\",\"@id\":\"https:\\\/\\\/animosa.es\\\/blog\\\/#\\\/schema\\\/person\\\/b5daea698c9840e34e3e71b0a9f29558\"},\"headline\":\"La amistad entre mujeres como motor del avance\",\"datePublished\":\"2026-03-12T14:25:32+00:00\",\"dateModified\":\"2026-03-12T14:25:33+00:00\",\"mainEntityOfPage\":{\"@id\":\"https:\\\/\\\/animosa.es\\\/blog\\\/la-amistad-entre-mujeres-como-motor-del-avance\\\/\"},\"wordCount\":1198,\"commentCount\":0,\"publisher\":{\"@id\":\"https:\\\/\\\/animosa.es\\\/blog\\\/#organization\"},\"image\":{\"@id\":\"https:\\\/\\\/animosa.es\\\/blog\\\/la-amistad-entre-mujeres-como-motor-del-avance\\\/#primaryimage\"},\"thumbnailUrl\":\"https:\\\/\\\/animosa.es\\\/blog\\\/wp-content\\\/uploads\\\/2026\\\/03\\\/colectivos_cabecera.jpg\",\"keywords\":[\"Feminismo\",\"Grandes mujeres\",\"Pioneras\"],\"articleSection\":[\"Grandes mujeres de la historia\",\"Pioneras\"],\"inLanguage\":\"es\",\"potentialAction\":[{\"@type\":\"CommentAction\",\"name\":\"Comment\",\"target\":[\"https:\\\/\\\/animosa.es\\\/blog\\\/la-amistad-entre-mujeres-como-motor-del-avance\\\/#respond\"]}]},{\"@type\":\"WebPage\",\"@id\":\"https:\\\/\\\/animosa.es\\\/blog\\\/la-amistad-entre-mujeres-como-motor-del-avance\\\/\",\"url\":\"https:\\\/\\\/animosa.es\\\/blog\\\/la-amistad-entre-mujeres-como-motor-del-avance\\\/\",\"name\":\"La amistad entre mujeres como motor del avance - Animosa Blog\",\"isPartOf\":{\"@id\":\"https:\\\/\\\/animosa.es\\\/blog\\\/#website\"},\"primaryImageOfPage\":{\"@id\":\"https:\\\/\\\/animosa.es\\\/blog\\\/la-amistad-entre-mujeres-como-motor-del-avance\\\/#primaryimage\"},\"image\":{\"@id\":\"https:\\\/\\\/animosa.es\\\/blog\\\/la-amistad-entre-mujeres-como-motor-del-avance\\\/#primaryimage\"},\"thumbnailUrl\":\"https:\\\/\\\/animosa.es\\\/blog\\\/wp-content\\\/uploads\\\/2026\\\/03\\\/colectivos_cabecera.jpg\",\"datePublished\":\"2026-03-12T14:25:32+00:00\",\"dateModified\":\"2026-03-12T14:25:33+00:00\",\"description\":\"En Animosa queremos que te inspiren las mujeres importantes de la historia. Te hablamos de La amistad entre mujeres como motor del avance\",\"breadcrumb\":{\"@id\":\"https:\\\/\\\/animosa.es\\\/blog\\\/la-amistad-entre-mujeres-como-motor-del-avance\\\/#breadcrumb\"},\"inLanguage\":\"es\",\"potentialAction\":[{\"@type\":\"ReadAction\",\"target\":[\"https:\\\/\\\/animosa.es\\\/blog\\\/la-amistad-entre-mujeres-como-motor-del-avance\\\/\"]}]},{\"@type\":\"ImageObject\",\"inLanguage\":\"es\",\"@id\":\"https:\\\/\\\/animosa.es\\\/blog\\\/la-amistad-entre-mujeres-como-motor-del-avance\\\/#primaryimage\",\"url\":\"https:\\\/\\\/animosa.es\\\/blog\\\/wp-content\\\/uploads\\\/2026\\\/03\\\/colectivos_cabecera.jpg\",\"contentUrl\":\"https:\\\/\\\/animosa.es\\\/blog\\\/wp-content\\\/uploads\\\/2026\\\/03\\\/colectivos_cabecera.jpg\",\"width\":1920,\"height\":1280},{\"@type\":\"BreadcrumbList\",\"@id\":\"https:\\\/\\\/animosa.es\\\/blog\\\/la-amistad-entre-mujeres-como-motor-del-avance\\\/#breadcrumb\",\"itemListElement\":[{\"@type\":\"ListItem\",\"position\":1,\"name\":\"Portada\",\"item\":\"https:\\\/\\\/animosa.es\\\/blog\\\/\"},{\"@type\":\"ListItem\",\"position\":2,\"name\":\"La amistad entre mujeres como motor del avance\"}]},{\"@type\":\"WebSite\",\"@id\":\"https:\\\/\\\/animosa.es\\\/blog\\\/#website\",\"url\":\"https:\\\/\\\/animosa.es\\\/blog\\\/\",\"name\":\"Animosa Blog\",\"description\":\"Alma y Coraje: Mujeres importantes e inspiradoras\",\"publisher\":{\"@id\":\"https:\\\/\\\/animosa.es\\\/blog\\\/#organization\"},\"potentialAction\":[{\"@type\":\"SearchAction\",\"target\":{\"@type\":\"EntryPoint\",\"urlTemplate\":\"https:\\\/\\\/animosa.es\\\/blog\\\/?s={search_term_string}\"},\"query-input\":{\"@type\":\"PropertyValueSpecification\",\"valueRequired\":true,\"valueName\":\"search_term_string\"}}],\"inLanguage\":\"es\"},{\"@type\":\"Organization\",\"@id\":\"https:\\\/\\\/animosa.es\\\/blog\\\/#organization\",\"name\":\"Animosa\",\"url\":\"https:\\\/\\\/animosa.es\\\/blog\\\/\",\"logo\":{\"@type\":\"ImageObject\",\"inLanguage\":\"es\",\"@id\":\"https:\\\/\\\/animosa.es\\\/blog\\\/#\\\/schema\\\/logo\\\/image\\\/\",\"url\":\"https:\\\/\\\/animosa.es\\\/blog\\\/wp-content\\\/uploads\\\/2018\\\/11\\\/mi-tienda-logo-e1541405563290.png\",\"contentUrl\":\"https:\\\/\\\/animosa.es\\\/blog\\\/wp-content\\\/uploads\\\/2018\\\/11\\\/mi-tienda-logo-e1541405563290.png\",\"width\":170,\"height\":53,\"caption\":\"Animosa\"},\"image\":{\"@id\":\"https:\\\/\\\/animosa.es\\\/blog\\\/#\\\/schema\\\/logo\\\/image\\\/\"},\"sameAs\":[\"https:\\\/\\\/www.facebook.com\\\/animosaoficial\",\"https:\\\/\\\/x.com\\\/animosaoficial\",\"https:\\\/\\\/www.instagram.com\\\/animosaoficial\\\/\",\"https:\\\/\\\/www.pinterest.es\\\/animosaoficial\\\/\",\"https:\\\/\\\/www.youtube.com\\\/channel\\\/UCvpO4cBfsjLILe9zJnR_krw\"]},{\"@type\":\"Person\",\"@id\":\"https:\\\/\\\/animosa.es\\\/blog\\\/#\\\/schema\\\/person\\\/b5daea698c9840e34e3e71b0a9f29558\",\"name\":\"Carol\",\"url\":\"https:\\\/\\\/animosa.es\\\/blog\\\/author\\\/artistica\\\/\"}]}<\/script>\n<!-- \/ Yoast SEO plugin. -->","yoast_head_json":{"title":"La amistad entre mujeres como motor del avance - Animosa Blog","description":"En Animosa queremos que te inspiren las mujeres importantes de la historia. Te hablamos de La amistad entre mujeres como motor del avance","robots":{"index":"index","follow":"follow","max-snippet":"max-snippet:-1","max-image-preview":"max-image-preview:large","max-video-preview":"max-video-preview:-1"},"canonical":"https:\/\/animosa.es\/blog\/la-amistad-entre-mujeres-como-motor-del-avance\/","og_locale":"es_ES","og_type":"article","og_title":"La amistad entre mujeres como motor del avance - Animosa Blog","og_description":"En Animosa queremos que te inspiren las mujeres importantes de la historia. Te hablamos de La amistad entre mujeres como motor del avance","og_url":"https:\/\/animosa.es\/blog\/la-amistad-entre-mujeres-como-motor-del-avance\/","og_site_name":"Animosa Blog","article_publisher":"https:\/\/www.facebook.com\/animosaoficial","article_published_time":"2026-03-12T14:25:32+00:00","article_modified_time":"2026-03-12T14:25:33+00:00","og_image":[{"width":1920,"height":1280,"url":"https:\/\/animosa.es\/blog\/wp-content\/uploads\/2026\/03\/colectivos_cabecera.jpg","type":"image\/jpeg"}],"author":"Carol","twitter_card":"summary_large_image","twitter_creator":"@animosaoficial","twitter_site":"@animosaoficial","twitter_misc":{"Escrito por":"Carol","Tiempo de lectura":"7 minutos"},"schema":{"@context":"https:\/\/schema.org","@graph":[{"@type":"Article","@id":"https:\/\/animosa.es\/blog\/la-amistad-entre-mujeres-como-motor-del-avance\/#article","isPartOf":{"@id":"https:\/\/animosa.es\/blog\/la-amistad-entre-mujeres-como-motor-del-avance\/"},"author":{"name":"Carol","@id":"https:\/\/animosa.es\/blog\/#\/schema\/person\/b5daea698c9840e34e3e71b0a9f29558"},"headline":"La amistad entre mujeres como motor del avance","datePublished":"2026-03-12T14:25:32+00:00","dateModified":"2026-03-12T14:25:33+00:00","mainEntityOfPage":{"@id":"https:\/\/animosa.es\/blog\/la-amistad-entre-mujeres-como-motor-del-avance\/"},"wordCount":1198,"commentCount":0,"publisher":{"@id":"https:\/\/animosa.es\/blog\/#organization"},"image":{"@id":"https:\/\/animosa.es\/blog\/la-amistad-entre-mujeres-como-motor-del-avance\/#primaryimage"},"thumbnailUrl":"https:\/\/animosa.es\/blog\/wp-content\/uploads\/2026\/03\/colectivos_cabecera.jpg","keywords":["Feminismo","Grandes mujeres","Pioneras"],"articleSection":["Grandes mujeres de la historia","Pioneras"],"inLanguage":"es","potentialAction":[{"@type":"CommentAction","name":"Comment","target":["https:\/\/animosa.es\/blog\/la-amistad-entre-mujeres-como-motor-del-avance\/#respond"]}]},{"@type":"WebPage","@id":"https:\/\/animosa.es\/blog\/la-amistad-entre-mujeres-como-motor-del-avance\/","url":"https:\/\/animosa.es\/blog\/la-amistad-entre-mujeres-como-motor-del-avance\/","name":"La amistad entre mujeres como motor del avance - Animosa Blog","isPartOf":{"@id":"https:\/\/animosa.es\/blog\/#website"},"primaryImageOfPage":{"@id":"https:\/\/animosa.es\/blog\/la-amistad-entre-mujeres-como-motor-del-avance\/#primaryimage"},"image":{"@id":"https:\/\/animosa.es\/blog\/la-amistad-entre-mujeres-como-motor-del-avance\/#primaryimage"},"thumbnailUrl":"https:\/\/animosa.es\/blog\/wp-content\/uploads\/2026\/03\/colectivos_cabecera.jpg","datePublished":"2026-03-12T14:25:32+00:00","dateModified":"2026-03-12T14:25:33+00:00","description":"En Animosa queremos que te inspiren las mujeres importantes de la historia. Te hablamos de La amistad entre mujeres como motor del avance","breadcrumb":{"@id":"https:\/\/animosa.es\/blog\/la-amistad-entre-mujeres-como-motor-del-avance\/#breadcrumb"},"inLanguage":"es","potentialAction":[{"@type":"ReadAction","target":["https:\/\/animosa.es\/blog\/la-amistad-entre-mujeres-como-motor-del-avance\/"]}]},{"@type":"ImageObject","inLanguage":"es","@id":"https:\/\/animosa.es\/blog\/la-amistad-entre-mujeres-como-motor-del-avance\/#primaryimage","url":"https:\/\/animosa.es\/blog\/wp-content\/uploads\/2026\/03\/colectivos_cabecera.jpg","contentUrl":"https:\/\/animosa.es\/blog\/wp-content\/uploads\/2026\/03\/colectivos_cabecera.jpg","width":1920,"height":1280},{"@type":"BreadcrumbList","@id":"https:\/\/animosa.es\/blog\/la-amistad-entre-mujeres-como-motor-del-avance\/#breadcrumb","itemListElement":[{"@type":"ListItem","position":1,"name":"Portada","item":"https:\/\/animosa.es\/blog\/"},{"@type":"ListItem","position":2,"name":"La amistad entre mujeres como motor del avance"}]},{"@type":"WebSite","@id":"https:\/\/animosa.es\/blog\/#website","url":"https:\/\/animosa.es\/blog\/","name":"Animosa Blog","description":"Alma y Coraje: Mujeres importantes e inspiradoras","publisher":{"@id":"https:\/\/animosa.es\/blog\/#organization"},"potentialAction":[{"@type":"SearchAction","target":{"@type":"EntryPoint","urlTemplate":"https:\/\/animosa.es\/blog\/?s={search_term_string}"},"query-input":{"@type":"PropertyValueSpecification","valueRequired":true,"valueName":"search_term_string"}}],"inLanguage":"es"},{"@type":"Organization","@id":"https:\/\/animosa.es\/blog\/#organization","name":"Animosa","url":"https:\/\/animosa.es\/blog\/","logo":{"@type":"ImageObject","inLanguage":"es","@id":"https:\/\/animosa.es\/blog\/#\/schema\/logo\/image\/","url":"https:\/\/animosa.es\/blog\/wp-content\/uploads\/2018\/11\/mi-tienda-logo-e1541405563290.png","contentUrl":"https:\/\/animosa.es\/blog\/wp-content\/uploads\/2018\/11\/mi-tienda-logo-e1541405563290.png","width":170,"height":53,"caption":"Animosa"},"image":{"@id":"https:\/\/animosa.es\/blog\/#\/schema\/logo\/image\/"},"sameAs":["https:\/\/www.facebook.com\/animosaoficial","https:\/\/x.com\/animosaoficial","https:\/\/www.instagram.com\/animosaoficial\/","https:\/\/www.pinterest.es\/animosaoficial\/","https:\/\/www.youtube.com\/channel\/UCvpO4cBfsjLILe9zJnR_krw"]},{"@type":"Person","@id":"https:\/\/animosa.es\/blog\/#\/schema\/person\/b5daea698c9840e34e3e71b0a9f29558","name":"Carol","url":"https:\/\/animosa.es\/blog\/author\/artistica\/"}]}},"_links":{"self":[{"href":"https:\/\/animosa.es\/blog\/wp-json\/wp\/v2\/posts\/3591","targetHints":{"allow":["GET"]}}],"collection":[{"href":"https:\/\/animosa.es\/blog\/wp-json\/wp\/v2\/posts"}],"about":[{"href":"https:\/\/animosa.es\/blog\/wp-json\/wp\/v2\/types\/post"}],"author":[{"embeddable":true,"href":"https:\/\/animosa.es\/blog\/wp-json\/wp\/v2\/users\/9"}],"replies":[{"embeddable":true,"href":"https:\/\/animosa.es\/blog\/wp-json\/wp\/v2\/comments?post=3591"}],"version-history":[{"count":6,"href":"https:\/\/animosa.es\/blog\/wp-json\/wp\/v2\/posts\/3591\/revisions"}],"predecessor-version":[{"id":3604,"href":"https:\/\/animosa.es\/blog\/wp-json\/wp\/v2\/posts\/3591\/revisions\/3604"}],"wp:featuredmedia":[{"embeddable":true,"href":"https:\/\/animosa.es\/blog\/wp-json\/wp\/v2\/media\/3593"}],"wp:attachment":[{"href":"https:\/\/animosa.es\/blog\/wp-json\/wp\/v2\/media?parent=3591"}],"wp:term":[{"taxonomy":"category","embeddable":true,"href":"https:\/\/animosa.es\/blog\/wp-json\/wp\/v2\/categories?post=3591"},{"taxonomy":"post_tag","embeddable":true,"href":"https:\/\/animosa.es\/blog\/wp-json\/wp\/v2\/tags?post=3591"}],"curies":[{"name":"wp","href":"https:\/\/api.w.org\/{rel}","templated":true}]}}