{"id":377,"date":"2019-05-23T16:00:47","date_gmt":"2019-05-23T14:00:47","guid":{"rendered":"https:\/\/animosa.es\/blog\/?p=377"},"modified":"2022-04-20T17:09:09","modified_gmt":"2022-04-20T15:09:09","slug":"nuevas-coleccion-agendas-escolares-animosa-2019-2020","status":"publish","type":"post","link":"https:\/\/animosa.es\/blog\/nuevas-coleccion-agendas-escolares-animosa-2019-2020\/","title":{"rendered":"Os presentamos las nuevas agendas escolares Animosa (y os damos cuatro excusas para regalarlas)"},"content":{"rendered":"\n<p><strong>Nos encantan las agendas escolares<\/strong>. Es un hecho. Tanto las que son un desastre organizativo como las planificadoras casi profesionales&#8230; todas la necesitamos para poner orden en nuestro d\u00eda a d\u00eda, para que no se nos olvide ninguna cita importante, para recordar los cumplea\u00f1os de nuestras amigas sin necesidad de que nos los recuerde Facebook o para apuntar esas fechas de ex\u00e1menes a las que llegaremos a\u00fan con mucho por repasar. Da igual cu\u00e1ntos <em>gadgets<\/em> tecnol\u00f3gicos tengamos alrededor: <strong>una buena agenda en papel siempre ser\u00e1 nuestra mejor amiga<\/strong>.<\/p>\n\n\n\n<!--more-->\n\n\n\n<figure class=\"wp-block-image\"><img loading=\"lazy\" decoding=\"async\" width=\"1476\" height=\"1476\" src=\"https:\/\/animosa.es\/blog\/wp-content\/uploads\/2019\/05\/agenda_Frida_top_1.jpg\" alt=\"Agendas escolares Animosa 2019-2020\" class=\"wp-image-390\" srcset=\"https:\/\/animosa.es\/blog\/wp-content\/uploads\/2019\/05\/agenda_Frida_top_1.jpg 1476w, https:\/\/animosa.es\/blog\/wp-content\/uploads\/2019\/05\/agenda_Frida_top_1-150x150.jpg 150w, https:\/\/animosa.es\/blog\/wp-content\/uploads\/2019\/05\/agenda_Frida_top_1-300x300.jpg 300w, https:\/\/animosa.es\/blog\/wp-content\/uploads\/2019\/05\/agenda_Frida_top_1-768x768.jpg 768w, https:\/\/animosa.es\/blog\/wp-content\/uploads\/2019\/05\/agenda_Frida_top_1-640x640.jpg 640w, https:\/\/animosa.es\/blog\/wp-content\/uploads\/2019\/05\/agenda_Frida_top_1-100x100.jpg 100w, https:\/\/animosa.es\/blog\/wp-content\/uploads\/2019\/05\/agenda_Frida_top_1-24x24.jpg 24w, https:\/\/animosa.es\/blog\/wp-content\/uploads\/2019\/05\/agenda_Frida_top_1-36x36.jpg 36w, https:\/\/animosa.es\/blog\/wp-content\/uploads\/2019\/05\/agenda_Frida_top_1-48x48.jpg 48w\" sizes=\"auto, (max-width: 767px) 89vw, (max-width: 1000px) 54vw, (max-width: 1071px) 543px, 580px\" \/><\/figure>\n\n\n\n<p>Por eso, desde Animosa, estamos felices de presentaros nuestra <strong>nueva colecci\u00f3n de agendas escolares para el curso 2019-2020<\/strong>. Llevamos mucho tiempo trabajando en ellas, escuchando lo que nos ped\u00eds para su dise\u00f1o, buscando <strong>frases motivadoras e hitos de mujeres pioneras<\/strong> que nos ayudar\u00e1n a afrontar cada nuevo d\u00eda con \u00e1nimo y fuerza <em>girl power<\/em>. Es la primera vez que nos lanzamos a hacer el formato escolar, adem\u00e1s del anual, porque muchas de nosotras medimos los a\u00f1os en cursos y nos hacemos los buenos prop\u00f3sitos en septiembre. <\/p>\n\n\n\n<p>Nos lo hab\u00e9is pedido y os hemos escuchado: a <strong>las profes, las alumnas, las (sufridas) opositoras<\/strong>&#8230; que, adem\u00e1s de mucho trabajo, tambi\u00e9n ten\u00e9is unos valores feministas que quer\u00e9is llevar bien visibles, para los dem\u00e1s y para vosotras mismas.<\/p>\n\n\n\n<h2 class=\"wp-block-heading\"><strong>Os presentamos las agendas escolares m\u00e1s bonitas del mundo mundial<\/strong><\/h2>\n\n\n\n<p>Detr\u00e1s de cada producto Animosa hay alma. El alma de la mujer Animosa, que cree en su propio poder y en el de tantas mujeres que nos han inspirado a lo largo de la historia. Por eso, <strong>hemos puesto todo nuestro coraz\u00f3n en cuatro dise\u00f1os exteriores para todos los gustos<\/strong>. Color, lunares, naturaleza, arte&#8230;  Mujeres \u00fanicas como Rosal\u00eda de Castro o Rosie la remachadora. Y frases que nos pueden hacer sonre\u00edr incluso un lunes por la ma\u00f1ana en cuanto metamos la agenda en el bolso.<\/p>\n\n\n\n<figure class=\"wp-block-image\"><img loading=\"lazy\" decoding=\"async\" width=\"1920\" height=\"1200\" src=\"https:\/\/animosa.es\/blog\/wp-content\/uploads\/2019\/05\/nueva-coleccion-agendas-animosa.jpg\" alt=\"Nueva colecci\u00f3n de agendas escolares Animosa\" class=\"wp-image-378\" srcset=\"https:\/\/animosa.es\/blog\/wp-content\/uploads\/2019\/05\/nueva-coleccion-agendas-animosa.jpg 1920w, https:\/\/animosa.es\/blog\/wp-content\/uploads\/2019\/05\/nueva-coleccion-agendas-animosa-300x188.jpg 300w, https:\/\/animosa.es\/blog\/wp-content\/uploads\/2019\/05\/nueva-coleccion-agendas-animosa-768x480.jpg 768w, https:\/\/animosa.es\/blog\/wp-content\/uploads\/2019\/05\/nueva-coleccion-agendas-animosa-640x400.jpg 640w, https:\/\/animosa.es\/blog\/wp-content\/uploads\/2019\/05\/nueva-coleccion-agendas-animosa-24x15.jpg 24w, https:\/\/animosa.es\/blog\/wp-content\/uploads\/2019\/05\/nueva-coleccion-agendas-animosa-36x23.jpg 36w, https:\/\/animosa.es\/blog\/wp-content\/uploads\/2019\/05\/nueva-coleccion-agendas-animosa-48x30.jpg 48w\" sizes=\"auto, (max-width: 767px) 89vw, (max-width: 1000px) 54vw, (max-width: 1071px) 543px, 580px\" \/><\/figure>\n\n\n\n<p>El exterior pod\u00e9is conocerlo de un solo vistazo, pero <strong>nuestra alma est\u00e1 tambi\u00e9n en el interior<\/strong>. Hemos trabajado (mucho) para que cada p\u00e1gina signifique algo, para que cada d\u00eda cuente. Por eso, las p\u00e1ginas de la agenda est\u00e1n llenas de citas motivadoras, de hitos de mujeres pioneras, de frases que inundar\u00e1n nuestro d\u00eda a d\u00eda de optimismo. Dos de las agendas est\u00e1n disponibles en castellano y las otras dos, en gallego.<\/p>\n\n\n\n<p>Hemos dedicado cada mes de la agenda a <strong>un colectivo de mujeres que tiene mucho que decir<\/strong>. Educadoras, inventoras, deportistas, artistas&#8230; Seguro que todas acabamos teniendo nuestro mes favorito, aquel en el que encontramos nuestro lugar, <em>rodeadas<\/em> de mujeres que han abierto camino para todas las dem\u00e1s. Todo ello dentro de <strong>un dise\u00f1o de p\u00e1gina por d\u00eda<\/strong>, ideal para las que nos gusta apuntar en la agenda todo. To-do. Nada se nos quedar\u00e1 fuera por falta de espacio.<\/p>\n\n\n\n<figure class=\"wp-block-image\"><img loading=\"lazy\" decoding=\"async\" width=\"640\" height=\"640\" src=\"https:\/\/animosa.es\/blog\/wp-content\/uploads\/2019\/05\/agenda_interior2_DIA-640x640.jpg\" alt=\"Agendas escolares Animosa 2019-2020: p\u00e1gina por d\u00eda\" class=\"wp-image-388\" srcset=\"https:\/\/animosa.es\/blog\/wp-content\/uploads\/2019\/05\/agenda_interior2_DIA-640x640.jpg 640w, https:\/\/animosa.es\/blog\/wp-content\/uploads\/2019\/05\/agenda_interior2_DIA-150x150.jpg 150w, https:\/\/animosa.es\/blog\/wp-content\/uploads\/2019\/05\/agenda_interior2_DIA-300x300.jpg 300w, https:\/\/animosa.es\/blog\/wp-content\/uploads\/2019\/05\/agenda_interior2_DIA-768x768.jpg 768w, https:\/\/animosa.es\/blog\/wp-content\/uploads\/2019\/05\/agenda_interior2_DIA-100x100.jpg 100w, https:\/\/animosa.es\/blog\/wp-content\/uploads\/2019\/05\/agenda_interior2_DIA-24x24.jpg 24w, https:\/\/animosa.es\/blog\/wp-content\/uploads\/2019\/05\/agenda_interior2_DIA-36x36.jpg 36w, https:\/\/animosa.es\/blog\/wp-content\/uploads\/2019\/05\/agenda_interior2_DIA-48x48.jpg 48w, https:\/\/animosa.es\/blog\/wp-content\/uploads\/2019\/05\/agenda_interior2_DIA.jpg 1041w\" sizes=\"auto, (max-width: 640px) 100vw, 640px\" \/><\/figure>\n\n\n\n<p>Y aunque a\u00fan queden unos merecidos meses de verano antes de comenzar el curso, este nos parece el momento ideal para hacernos con ella, con<strong> la agenda alrededor de la cual organizaremos nuestro trabajo a partir de septiembre<\/strong>. En primer lugar (\u00a1fundamental!), para no correr el riesgo de quedarnos sin nuestra favorita. Y tambi\u00e9n porque la primavera nos da unas cuantas excusas ideales para regal\u00e1rselas a las mujeres de nuestras vidas. Por ejemplo&#8230;<\/p>\n\n\n\n<h2 class=\"wp-block-heading\"><strong>Regalos para profesoras<\/strong><\/h2>\n\n\n\n<p>Ya queda poco para que acabe este curso escolar, pero seguro que nuestras profes favoritas ya est\u00e1n pensando en el siguiente. En <strong>ense\u00f1ar, educar y cuidar<\/strong>. En planificar asignaturas, ex\u00e1menes y vacaciones (que se las merecen m\u00e1s que nadie). Pero a\u00fan nos queda agradecerles todo lo que han hecho por nosotras este curso, as\u00ed que&#8230; <strong>\u00bfqu\u00e9 mejor regalo para ellas que alguna de nuestras agendas escolares?<\/strong> Nosotros os proponemos <a rel=\"noreferrer noopener\" aria-label=\"esta (abre en una nueva pesta\u00f1a)\" href=\"https:\/\/animosa.es\/papeleria\/1242-agenda-curso-hay-que-seguir-8435454733433.html\" target=\"_blank\">esta<\/a>, tan colorida y con una frase maravillosa en su portada.<\/p>\n\n\n\n<figure class=\"wp-block-image\"><a href=\"https:\/\/animosa.es\/papeleria\/1242-agenda-curso-hay-que-seguir-8435454733433.html\" target=\"_blank\" rel=\"noreferrer noopener\"><img loading=\"lazy\" decoding=\"async\" width=\"1181\" height=\"1181\" src=\"https:\/\/animosa.es\/blog\/wp-content\/uploads\/2019\/05\/agenda_Frida_front_1.jpg\" alt=\"Agendas escolares Animosa \u00abComo si nadie\u00bb\" class=\"wp-image-379\" srcset=\"https:\/\/animosa.es\/blog\/wp-content\/uploads\/2019\/05\/agenda_Frida_front_1.jpg 1181w, https:\/\/animosa.es\/blog\/wp-content\/uploads\/2019\/05\/agenda_Frida_front_1-150x150.jpg 150w, https:\/\/animosa.es\/blog\/wp-content\/uploads\/2019\/05\/agenda_Frida_front_1-300x300.jpg 300w, https:\/\/animosa.es\/blog\/wp-content\/uploads\/2019\/05\/agenda_Frida_front_1-768x768.jpg 768w, https:\/\/animosa.es\/blog\/wp-content\/uploads\/2019\/05\/agenda_Frida_front_1-640x640.jpg 640w, https:\/\/animosa.es\/blog\/wp-content\/uploads\/2019\/05\/agenda_Frida_front_1-100x100.jpg 100w, https:\/\/animosa.es\/blog\/wp-content\/uploads\/2019\/05\/agenda_Frida_front_1-24x24.jpg 24w, https:\/\/animosa.es\/blog\/wp-content\/uploads\/2019\/05\/agenda_Frida_front_1-36x36.jpg 36w, https:\/\/animosa.es\/blog\/wp-content\/uploads\/2019\/05\/agenda_Frida_front_1-48x48.jpg 48w\" sizes=\"auto, (max-width: 767px) 89vw, (max-width: 1000px) 54vw, (max-width: 1071px) 543px, 580px\" \/><\/a><\/figure>\n\n\n\n<h2 class=\"wp-block-heading\"><strong>Regalos de fin de curso<\/strong><\/h2>\n\n\n\n<p>Pero no solo las profes se merecen un regalo para celebrar que el curso se ha acabado. Tambi\u00e9n las alumnas, que han hecho su mayor esfuerzo para conseguir sus objetivos. <strong>Empezar el verano con un bonito regalo seguro que las llena de ganas de coger el curso<\/strong>, en septiembre, con toda la fuerza. Para ellas os proponemos lo que en realidad deseamos siempre para las ni\u00f1as de nuestra vida: un a\u00f1o entero de poder femenino convertido en <a rel=\"noreferrer noopener\" aria-label=\"esta preciosa agenda escolar (abre en una nueva pesta\u00f1a)\" href=\"https:\/\/animosa.es\/papeleria\/1244-agenda-curso-poder-femenino-8435454733457.html\" target=\"_blank\">esta preciosa agenda escolar<\/a>.<\/p>\n\n\n\n<figure class=\"wp-block-image\"><a href=\"https:\/\/animosa.es\/papeleria\/1244-agenda-curso-poder-femenino-8435454733457.html\" target=\"_blank\" rel=\"noreferrer noopener\"><img loading=\"lazy\" decoding=\"async\" width=\"1181\" height=\"1181\" src=\"https:\/\/animosa.es\/blog\/wp-content\/uploads\/2019\/05\/agenda_Rossie_front_2.jpg\" alt=\"Agendas escolares Animosa Poder femenino\" class=\"wp-image-380\" srcset=\"https:\/\/animosa.es\/blog\/wp-content\/uploads\/2019\/05\/agenda_Rossie_front_2.jpg 1181w, https:\/\/animosa.es\/blog\/wp-content\/uploads\/2019\/05\/agenda_Rossie_front_2-150x150.jpg 150w, https:\/\/animosa.es\/blog\/wp-content\/uploads\/2019\/05\/agenda_Rossie_front_2-300x300.jpg 300w, https:\/\/animosa.es\/blog\/wp-content\/uploads\/2019\/05\/agenda_Rossie_front_2-768x768.jpg 768w, https:\/\/animosa.es\/blog\/wp-content\/uploads\/2019\/05\/agenda_Rossie_front_2-640x640.jpg 640w, https:\/\/animosa.es\/blog\/wp-content\/uploads\/2019\/05\/agenda_Rossie_front_2-100x100.jpg 100w, https:\/\/animosa.es\/blog\/wp-content\/uploads\/2019\/05\/agenda_Rossie_front_2-24x24.jpg 24w, https:\/\/animosa.es\/blog\/wp-content\/uploads\/2019\/05\/agenda_Rossie_front_2-36x36.jpg 36w, https:\/\/animosa.es\/blog\/wp-content\/uploads\/2019\/05\/agenda_Rossie_front_2-48x48.jpg 48w\" sizes=\"auto, (max-width: 767px) 89vw, (max-width: 1000px) 54vw, (max-width: 1071px) 543px, 580px\" \/><\/a><\/figure>\n\n\n\n<h2 class=\"wp-block-heading\"><strong>Regalos para comuniones<\/strong><\/h2>\n\n\n\n<p>Ay, las comuniones. No nos enga\u00f1emos, a veces nos echamos a temblar cuando vemos que empiezan a llegar las invitaciones. Y es f\u00e1cil que nos quedemos sin ideas para regalos o no queramos caer en los t\u00f3picos de siempre. <strong>\u00bfY si nos decantamos por una de las agendas escolares de Animosa? <\/strong>A nosotras nos encanta <a rel=\"noreferrer noopener\" aria-label=\"esta de Rosal\u00eda (abre en una nueva pesta\u00f1a)\" href=\"https:\/\/animosa.es\/papeleria\/1239-axenda-curso-rosalia-millo-8435454733402.html\" target=\"_blank\">esta de Rosal\u00eda<\/a>, un homenaje a un icono que todas las ni\u00f1as querr\u00e1n conocer, llena de color y vida. \u00bfY por qu\u00e9 no combinarla en un <em>pack<\/em> con alguno de nuestros <a rel=\"noreferrer noopener\" aria-label=\"bol\u00edgrafos (abre en una nueva pesta\u00f1a)\" href=\"https:\/\/animosa.es\/136-boligrafos\" target=\"_blank\">bol\u00edgrafos<\/a>, <a rel=\"noreferrer noopener\" aria-label=\"cuadernos (abre en una nueva pesta\u00f1a)\" href=\"https:\/\/animosa.es\/61-libretas\" target=\"_blank\">cuadernos<\/a> o <a rel=\"noreferrer noopener\" aria-label=\"blocs de notas (abre en una nueva pesta\u00f1a)\" href=\"https:\/\/animosa.es\/108-blocs-de-notas\" target=\"_blank\">blocs de notas<\/a>? \u00a1Incluso con una <a rel=\"noreferrer noopener\" aria-label=\"taza (abre en una nueva pesta\u00f1a)\" href=\"https:\/\/animosa.es\/45-tazas\" target=\"_blank\">taza<\/a> a juego! As\u00ed, podemos conseguir <strong>un regalo adaptado a nuestro presupuesto<\/strong> que har\u00e1 las delicias de las ni\u00f1as y con el que conseguiremos ser las m\u00e1s <em style=\"\">top <\/em>de la originalidad.<\/p>\n\n\n\n<figure class=\"wp-block-image\"><a href=\"https:\/\/animosa.es\/papeleria\/1239-axenda-curso-rosalia-millo-8435454733402.html\" target=\"_blank\" rel=\"noreferrer noopener\"><img loading=\"lazy\" decoding=\"async\" width=\"1181\" height=\"1181\" src=\"https:\/\/animosa.es\/blog\/wp-content\/uploads\/2019\/05\/agenda_Rosalia1_front_1.jpg\" alt=\"Agendas escolares Animosa Rosal\u00eda\" class=\"wp-image-381\" srcset=\"https:\/\/animosa.es\/blog\/wp-content\/uploads\/2019\/05\/agenda_Rosalia1_front_1.jpg 1181w, https:\/\/animosa.es\/blog\/wp-content\/uploads\/2019\/05\/agenda_Rosalia1_front_1-150x150.jpg 150w, https:\/\/animosa.es\/blog\/wp-content\/uploads\/2019\/05\/agenda_Rosalia1_front_1-300x300.jpg 300w, https:\/\/animosa.es\/blog\/wp-content\/uploads\/2019\/05\/agenda_Rosalia1_front_1-768x768.jpg 768w, https:\/\/animosa.es\/blog\/wp-content\/uploads\/2019\/05\/agenda_Rosalia1_front_1-640x640.jpg 640w, https:\/\/animosa.es\/blog\/wp-content\/uploads\/2019\/05\/agenda_Rosalia1_front_1-100x100.jpg 100w, https:\/\/animosa.es\/blog\/wp-content\/uploads\/2019\/05\/agenda_Rosalia1_front_1-24x24.jpg 24w, https:\/\/animosa.es\/blog\/wp-content\/uploads\/2019\/05\/agenda_Rosalia1_front_1-36x36.jpg 36w, https:\/\/animosa.es\/blog\/wp-content\/uploads\/2019\/05\/agenda_Rosalia1_front_1-48x48.jpg 48w\" sizes=\"auto, (max-width: 767px) 89vw, (max-width: 1000px) 54vw, (max-width: 1071px) 543px, 580px\" \/><\/a><\/figure>\n\n\n\n<h2 class=\"wp-block-heading\"><strong>Regalos para ti<\/strong><\/h2>\n\n\n\n<p>Y es que est\u00e1 muy bien hacer regalos a las mujeres y ni\u00f1as de nuestra vida, pero&#8230; <strong>\u00bfy lo que se disfruta un autorregalo?<\/strong> Yo creo que son los mejores, porque no hay posibilidad de fallar. Y aunque a veces nos gustar\u00eda dejarlo todo y largarnos a una isla desierta, tambi\u00e9n sabemos que <strong>la vida est\u00e1 llena de retos y objetivos que nos apetece afrontar<\/strong>. Ese curso del que nos matricularemos en septiembre, el regreso al d\u00eda a d\u00eda que siempre supone la <em>vuelta al cole<\/em>, esa organizaci\u00f3n de la rutina que nos convierte en directoras log\u00edsticas de nuestra propia vida&#8230; <\/p>\n\n\n\n<figure class=\"wp-block-image\"><a href=\"https:\/\/animosa.es\/papeleria\/1237-axenda-curso-rosalia-meu-camino-8435454733389.html\" target=\"_blank\" rel=\"noreferrer noopener\"><img loading=\"lazy\" decoding=\"async\" width=\"1181\" height=\"1181\" src=\"https:\/\/animosa.es\/blog\/wp-content\/uploads\/2019\/05\/agenda_Rosalia2_front_1.jpg\" alt=\"Agendas escolares Animosa 2019-2020: Rosal\u00eda de Castro\" class=\"wp-image-385\" srcset=\"https:\/\/animosa.es\/blog\/wp-content\/uploads\/2019\/05\/agenda_Rosalia2_front_1.jpg 1181w, https:\/\/animosa.es\/blog\/wp-content\/uploads\/2019\/05\/agenda_Rosalia2_front_1-150x150.jpg 150w, https:\/\/animosa.es\/blog\/wp-content\/uploads\/2019\/05\/agenda_Rosalia2_front_1-300x300.jpg 300w, https:\/\/animosa.es\/blog\/wp-content\/uploads\/2019\/05\/agenda_Rosalia2_front_1-768x768.jpg 768w, https:\/\/animosa.es\/blog\/wp-content\/uploads\/2019\/05\/agenda_Rosalia2_front_1-640x640.jpg 640w, https:\/\/animosa.es\/blog\/wp-content\/uploads\/2019\/05\/agenda_Rosalia2_front_1-100x100.jpg 100w, https:\/\/animosa.es\/blog\/wp-content\/uploads\/2019\/05\/agenda_Rosalia2_front_1-24x24.jpg 24w, https:\/\/animosa.es\/blog\/wp-content\/uploads\/2019\/05\/agenda_Rosalia2_front_1-36x36.jpg 36w, https:\/\/animosa.es\/blog\/wp-content\/uploads\/2019\/05\/agenda_Rosalia2_front_1-48x48.jpg 48w\" sizes=\"auto, (max-width: 767px) 89vw, (max-width: 1000px) 54vw, (max-width: 1071px) 543px, 580px\" \/><\/a><\/figure>\n\n\n\n<p>\u00bfY qui\u00e9n mejor que Rosal\u00eda, siempre Rosal\u00eda, para llenarnos de motivaci\u00f3n? Amamos todas las agendas de esta colecci\u00f3n (se nos nota, \u00bfno?), pero <a rel=\"noreferrer noopener\" aria-label=\"esta (abre en una nueva pesta\u00f1a)\" href=\"https:\/\/animosa.es\/papeleria\/1237-axenda-curso-rosalia-meu-camino-8435454733389.html\" target=\"_blank\">esta<\/a> es muy especial por su <strong>dise\u00f1o m\u00e1s sobrio, con el azul y el blanco del mar y el cielo<\/strong>, y con una frase de portada que habla de esos caminos que estamos deseando recorrer en el nuevo curso que llegar\u00e1 despu\u00e9s del verano.<\/p>\n","protected":false},"excerpt":{"rendered":"<p>Nos encantan las agendas escolares. Es un hecho. Tanto las que son un desastre organizativo como las planificadoras casi profesionales&#8230; todas la necesitamos para poner orden en nuestro d\u00eda a d\u00eda, para que no se nos olvide ninguna cita importante, para recordar los cumplea\u00f1os de nuestras amigas sin necesidad de que nos los recuerde Facebook &hellip; <\/p>\n<p class=\"link-more\"><a href=\"https:\/\/animosa.es\/blog\/nuevas-coleccion-agendas-escolares-animosa-2019-2020\/\" class=\"more-link\">Continuar leyendo<span class=\"screen-reader-text\"> \u00abOs presentamos las nuevas agendas escolares Animosa (y os damos cuatro excusas para regalarlas)\u00bb<\/span><\/a><\/p>\n","protected":false},"author":5,"featured_media":378,"comment_status":"open","ping_status":"closed","sticky":false,"template":"","format":"standard","meta":{"_monsterinsights_skip_tracking":false,"_monsterinsights_sitenote_active":false,"_monsterinsights_sitenote_note":"","_monsterinsights_sitenote_category":0,"footnotes":""},"categories":[11,12],"tags":[37,39,9,31,38],"class_list":["post-377","post","type-post","status-publish","format-standard","has-post-thumbnail","hentry","category-grandes-mujeres-de-la-historia","category-productos-animosa","tag-agendas-escolares","tag-material-escolar","tag-productos-animosa","tag-regalos-animosa","tag-rosalia"],"yoast_head":"<!-- This site is optimized with the Yoast SEO plugin v27.4 - https:\/\/yoast.com\/product\/yoast-seo-wordpress\/ -->\n<title>Agendas escolares Animosa 2019-2020: cuatro excusas para regalarlas<\/title>\n<meta name=\"description\" content=\"Os presentamos nuestra nueva colecci\u00f3n de agendas escolares 2019-2020 de Animosa, llenas de color y homenaje a grandes mujeres de la historia\" \/>\n<meta name=\"robots\" content=\"index, follow, max-snippet:-1, max-image-preview:large, max-video-preview:-1\" \/>\n<link rel=\"canonical\" href=\"https:\/\/animosa.es\/blog\/nuevas-coleccion-agendas-escolares-animosa-2019-2020\/\" \/>\n<meta property=\"og:locale\" content=\"es_ES\" \/>\n<meta property=\"og:type\" content=\"article\" \/>\n<meta property=\"og:title\" content=\"Agendas escolares Animosa 2019-2020: cuatro excusas para regalarlas\" \/>\n<meta property=\"og:description\" content=\"Os presentamos nuestra nueva colecci\u00f3n de agendas escolares 2019-2020 de Animosa, llenas de color y homenaje a grandes mujeres de la historia\" \/>\n<meta property=\"og:url\" content=\"https:\/\/animosa.es\/blog\/nuevas-coleccion-agendas-escolares-animosa-2019-2020\/\" \/>\n<meta property=\"og:site_name\" content=\"Animosa Blog\" \/>\n<meta property=\"article:publisher\" content=\"https:\/\/www.facebook.com\/animosaoficial\" \/>\n<meta property=\"article:published_time\" content=\"2019-05-23T14:00:47+00:00\" \/>\n<meta property=\"article:modified_time\" content=\"2022-04-20T15:09:09+00:00\" \/>\n<meta property=\"og:image\" content=\"https:\/\/animosa.es\/blog\/wp-content\/uploads\/2019\/05\/nueva-coleccion-agendas-animosa.jpg\" \/>\n\t<meta property=\"og:image:width\" content=\"1920\" \/>\n\t<meta property=\"og:image:height\" content=\"1200\" \/>\n\t<meta property=\"og:image:type\" content=\"image\/jpeg\" \/>\n<meta name=\"author\" content=\"Abril Camino\" \/>\n<meta name=\"twitter:card\" content=\"summary_large_image\" \/>\n<meta name=\"twitter:creator\" content=\"@animosaoficial\" \/>\n<meta name=\"twitter:site\" content=\"@animosaoficial\" \/>\n<meta name=\"twitter:label1\" content=\"Escrito por\" \/>\n\t<meta name=\"twitter:data1\" content=\"Abril Camino\" \/>\n\t<meta name=\"twitter:label2\" content=\"Tiempo de lectura\" \/>\n\t<meta name=\"twitter:data2\" content=\"5 minutos\" \/>\n<script type=\"application\/ld+json\" class=\"yoast-schema-graph\">{\"@context\":\"https:\\\/\\\/schema.org\",\"@graph\":[{\"@type\":\"Article\",\"@id\":\"https:\\\/\\\/animosa.es\\\/blog\\\/nuevas-coleccion-agendas-escolares-animosa-2019-2020\\\/#article\",\"isPartOf\":{\"@id\":\"https:\\\/\\\/animosa.es\\\/blog\\\/nuevas-coleccion-agendas-escolares-animosa-2019-2020\\\/\"},\"author\":{\"name\":\"Abril Camino\",\"@id\":\"https:\\\/\\\/animosa.es\\\/blog\\\/#\\\/schema\\\/person\\\/c63bf54d9b5b4afb33c6556c3ea84842\"},\"headline\":\"Os presentamos las nuevas agendas escolares Animosa (y os damos cuatro excusas para regalarlas)\",\"datePublished\":\"2019-05-23T14:00:47+00:00\",\"dateModified\":\"2022-04-20T15:09:09+00:00\",\"mainEntityOfPage\":{\"@id\":\"https:\\\/\\\/animosa.es\\\/blog\\\/nuevas-coleccion-agendas-escolares-animosa-2019-2020\\\/\"},\"wordCount\":1089,\"commentCount\":3,\"publisher\":{\"@id\":\"https:\\\/\\\/animosa.es\\\/blog\\\/#organization\"},\"image\":{\"@id\":\"https:\\\/\\\/animosa.es\\\/blog\\\/nuevas-coleccion-agendas-escolares-animosa-2019-2020\\\/#primaryimage\"},\"thumbnailUrl\":\"https:\\\/\\\/animosa.es\\\/blog\\\/wp-content\\\/uploads\\\/2019\\\/05\\\/nueva-coleccion-agendas-animosa.jpg\",\"keywords\":[\"Agendas escolares\",\"material escolar\",\"Productos Animosa\",\"Regalos\",\"rosal\u00eda\"],\"articleSection\":[\"Grandes mujeres de la historia\",\"Productos Animosa\"],\"inLanguage\":\"es\",\"potentialAction\":[{\"@type\":\"CommentAction\",\"name\":\"Comment\",\"target\":[\"https:\\\/\\\/animosa.es\\\/blog\\\/nuevas-coleccion-agendas-escolares-animosa-2019-2020\\\/#respond\"]}]},{\"@type\":\"WebPage\",\"@id\":\"https:\\\/\\\/animosa.es\\\/blog\\\/nuevas-coleccion-agendas-escolares-animosa-2019-2020\\\/\",\"url\":\"https:\\\/\\\/animosa.es\\\/blog\\\/nuevas-coleccion-agendas-escolares-animosa-2019-2020\\\/\",\"name\":\"Agendas escolares Animosa 2019-2020: cuatro excusas para regalarlas\",\"isPartOf\":{\"@id\":\"https:\\\/\\\/animosa.es\\\/blog\\\/#website\"},\"primaryImageOfPage\":{\"@id\":\"https:\\\/\\\/animosa.es\\\/blog\\\/nuevas-coleccion-agendas-escolares-animosa-2019-2020\\\/#primaryimage\"},\"image\":{\"@id\":\"https:\\\/\\\/animosa.es\\\/blog\\\/nuevas-coleccion-agendas-escolares-animosa-2019-2020\\\/#primaryimage\"},\"thumbnailUrl\":\"https:\\\/\\\/animosa.es\\\/blog\\\/wp-content\\\/uploads\\\/2019\\\/05\\\/nueva-coleccion-agendas-animosa.jpg\",\"datePublished\":\"2019-05-23T14:00:47+00:00\",\"dateModified\":\"2022-04-20T15:09:09+00:00\",\"description\":\"Os presentamos nuestra nueva colecci\u00f3n de agendas escolares 2019-2020 de Animosa, llenas de color y homenaje a grandes mujeres de la historia\",\"breadcrumb\":{\"@id\":\"https:\\\/\\\/animosa.es\\\/blog\\\/nuevas-coleccion-agendas-escolares-animosa-2019-2020\\\/#breadcrumb\"},\"inLanguage\":\"es\",\"potentialAction\":[{\"@type\":\"ReadAction\",\"target\":[\"https:\\\/\\\/animosa.es\\\/blog\\\/nuevas-coleccion-agendas-escolares-animosa-2019-2020\\\/\"]}]},{\"@type\":\"ImageObject\",\"inLanguage\":\"es\",\"@id\":\"https:\\\/\\\/animosa.es\\\/blog\\\/nuevas-coleccion-agendas-escolares-animosa-2019-2020\\\/#primaryimage\",\"url\":\"https:\\\/\\\/animosa.es\\\/blog\\\/wp-content\\\/uploads\\\/2019\\\/05\\\/nueva-coleccion-agendas-animosa.jpg\",\"contentUrl\":\"https:\\\/\\\/animosa.es\\\/blog\\\/wp-content\\\/uploads\\\/2019\\\/05\\\/nueva-coleccion-agendas-animosa.jpg\",\"width\":1920,\"height\":1200,\"caption\":\"Nueva colecci\u00f3n de agendas escolares Animosa\"},{\"@type\":\"BreadcrumbList\",\"@id\":\"https:\\\/\\\/animosa.es\\\/blog\\\/nuevas-coleccion-agendas-escolares-animosa-2019-2020\\\/#breadcrumb\",\"itemListElement\":[{\"@type\":\"ListItem\",\"position\":1,\"name\":\"Portada\",\"item\":\"https:\\\/\\\/animosa.es\\\/blog\\\/\"},{\"@type\":\"ListItem\",\"position\":2,\"name\":\"Os presentamos las nuevas agendas escolares Animosa (y os damos cuatro excusas para regalarlas)\"}]},{\"@type\":\"WebSite\",\"@id\":\"https:\\\/\\\/animosa.es\\\/blog\\\/#website\",\"url\":\"https:\\\/\\\/animosa.es\\\/blog\\\/\",\"name\":\"Animosa Blog\",\"description\":\"Alma y Coraje: Mujeres importantes e inspiradoras\",\"publisher\":{\"@id\":\"https:\\\/\\\/animosa.es\\\/blog\\\/#organization\"},\"potentialAction\":[{\"@type\":\"SearchAction\",\"target\":{\"@type\":\"EntryPoint\",\"urlTemplate\":\"https:\\\/\\\/animosa.es\\\/blog\\\/?s={search_term_string}\"},\"query-input\":{\"@type\":\"PropertyValueSpecification\",\"valueRequired\":true,\"valueName\":\"search_term_string\"}}],\"inLanguage\":\"es\"},{\"@type\":\"Organization\",\"@id\":\"https:\\\/\\\/animosa.es\\\/blog\\\/#organization\",\"name\":\"Animosa\",\"url\":\"https:\\\/\\\/animosa.es\\\/blog\\\/\",\"logo\":{\"@type\":\"ImageObject\",\"inLanguage\":\"es\",\"@id\":\"https:\\\/\\\/animosa.es\\\/blog\\\/#\\\/schema\\\/logo\\\/image\\\/\",\"url\":\"https:\\\/\\\/animosa.es\\\/blog\\\/wp-content\\\/uploads\\\/2018\\\/11\\\/mi-tienda-logo-e1541405563290.png\",\"contentUrl\":\"https:\\\/\\\/animosa.es\\\/blog\\\/wp-content\\\/uploads\\\/2018\\\/11\\\/mi-tienda-logo-e1541405563290.png\",\"width\":170,\"height\":53,\"caption\":\"Animosa\"},\"image\":{\"@id\":\"https:\\\/\\\/animosa.es\\\/blog\\\/#\\\/schema\\\/logo\\\/image\\\/\"},\"sameAs\":[\"https:\\\/\\\/www.facebook.com\\\/animosaoficial\",\"https:\\\/\\\/x.com\\\/animosaoficial\",\"https:\\\/\\\/www.instagram.com\\\/animosaoficial\\\/\",\"https:\\\/\\\/www.pinterest.es\\\/animosaoficial\\\/\",\"https:\\\/\\\/www.youtube.com\\\/channel\\\/UCvpO4cBfsjLILe9zJnR_krw\"]},{\"@type\":\"Person\",\"@id\":\"https:\\\/\\\/animosa.es\\\/blog\\\/#\\\/schema\\\/person\\\/c63bf54d9b5b4afb33c6556c3ea84842\",\"name\":\"Abril Camino\",\"url\":\"https:\\\/\\\/animosa.es\\\/blog\\\/author\\\/comunicacion\\\/\"}]}<\/script>\n<!-- \/ Yoast SEO plugin. -->","yoast_head_json":{"title":"Agendas escolares Animosa 2019-2020: cuatro excusas para regalarlas","description":"Os presentamos nuestra nueva colecci\u00f3n de agendas escolares 2019-2020 de Animosa, llenas de color y homenaje a grandes mujeres de la historia","robots":{"index":"index","follow":"follow","max-snippet":"max-snippet:-1","max-image-preview":"max-image-preview:large","max-video-preview":"max-video-preview:-1"},"canonical":"https:\/\/animosa.es\/blog\/nuevas-coleccion-agendas-escolares-animosa-2019-2020\/","og_locale":"es_ES","og_type":"article","og_title":"Agendas escolares Animosa 2019-2020: cuatro excusas para regalarlas","og_description":"Os presentamos nuestra nueva colecci\u00f3n de agendas escolares 2019-2020 de Animosa, llenas de color y homenaje a grandes mujeres de la historia","og_url":"https:\/\/animosa.es\/blog\/nuevas-coleccion-agendas-escolares-animosa-2019-2020\/","og_site_name":"Animosa Blog","article_publisher":"https:\/\/www.facebook.com\/animosaoficial","article_published_time":"2019-05-23T14:00:47+00:00","article_modified_time":"2022-04-20T15:09:09+00:00","og_image":[{"width":1920,"height":1200,"url":"https:\/\/animosa.es\/blog\/wp-content\/uploads\/2019\/05\/nueva-coleccion-agendas-animosa.jpg","type":"image\/jpeg"}],"author":"Abril Camino","twitter_card":"summary_large_image","twitter_creator":"@animosaoficial","twitter_site":"@animosaoficial","twitter_misc":{"Escrito por":"Abril Camino","Tiempo de lectura":"5 minutos"},"schema":{"@context":"https:\/\/schema.org","@graph":[{"@type":"Article","@id":"https:\/\/animosa.es\/blog\/nuevas-coleccion-agendas-escolares-animosa-2019-2020\/#article","isPartOf":{"@id":"https:\/\/animosa.es\/blog\/nuevas-coleccion-agendas-escolares-animosa-2019-2020\/"},"author":{"name":"Abril Camino","@id":"https:\/\/animosa.es\/blog\/#\/schema\/person\/c63bf54d9b5b4afb33c6556c3ea84842"},"headline":"Os presentamos las nuevas agendas escolares Animosa (y os damos cuatro excusas para regalarlas)","datePublished":"2019-05-23T14:00:47+00:00","dateModified":"2022-04-20T15:09:09+00:00","mainEntityOfPage":{"@id":"https:\/\/animosa.es\/blog\/nuevas-coleccion-agendas-escolares-animosa-2019-2020\/"},"wordCount":1089,"commentCount":3,"publisher":{"@id":"https:\/\/animosa.es\/blog\/#organization"},"image":{"@id":"https:\/\/animosa.es\/blog\/nuevas-coleccion-agendas-escolares-animosa-2019-2020\/#primaryimage"},"thumbnailUrl":"https:\/\/animosa.es\/blog\/wp-content\/uploads\/2019\/05\/nueva-coleccion-agendas-animosa.jpg","keywords":["Agendas escolares","material escolar","Productos Animosa","Regalos","rosal\u00eda"],"articleSection":["Grandes mujeres de la historia","Productos Animosa"],"inLanguage":"es","potentialAction":[{"@type":"CommentAction","name":"Comment","target":["https:\/\/animosa.es\/blog\/nuevas-coleccion-agendas-escolares-animosa-2019-2020\/#respond"]}]},{"@type":"WebPage","@id":"https:\/\/animosa.es\/blog\/nuevas-coleccion-agendas-escolares-animosa-2019-2020\/","url":"https:\/\/animosa.es\/blog\/nuevas-coleccion-agendas-escolares-animosa-2019-2020\/","name":"Agendas escolares Animosa 2019-2020: cuatro excusas para regalarlas","isPartOf":{"@id":"https:\/\/animosa.es\/blog\/#website"},"primaryImageOfPage":{"@id":"https:\/\/animosa.es\/blog\/nuevas-coleccion-agendas-escolares-animosa-2019-2020\/#primaryimage"},"image":{"@id":"https:\/\/animosa.es\/blog\/nuevas-coleccion-agendas-escolares-animosa-2019-2020\/#primaryimage"},"thumbnailUrl":"https:\/\/animosa.es\/blog\/wp-content\/uploads\/2019\/05\/nueva-coleccion-agendas-animosa.jpg","datePublished":"2019-05-23T14:00:47+00:00","dateModified":"2022-04-20T15:09:09+00:00","description":"Os presentamos nuestra nueva colecci\u00f3n de agendas escolares 2019-2020 de Animosa, llenas de color y homenaje a grandes mujeres de la historia","breadcrumb":{"@id":"https:\/\/animosa.es\/blog\/nuevas-coleccion-agendas-escolares-animosa-2019-2020\/#breadcrumb"},"inLanguage":"es","potentialAction":[{"@type":"ReadAction","target":["https:\/\/animosa.es\/blog\/nuevas-coleccion-agendas-escolares-animosa-2019-2020\/"]}]},{"@type":"ImageObject","inLanguage":"es","@id":"https:\/\/animosa.es\/blog\/nuevas-coleccion-agendas-escolares-animosa-2019-2020\/#primaryimage","url":"https:\/\/animosa.es\/blog\/wp-content\/uploads\/2019\/05\/nueva-coleccion-agendas-animosa.jpg","contentUrl":"https:\/\/animosa.es\/blog\/wp-content\/uploads\/2019\/05\/nueva-coleccion-agendas-animosa.jpg","width":1920,"height":1200,"caption":"Nueva colecci\u00f3n de agendas escolares Animosa"},{"@type":"BreadcrumbList","@id":"https:\/\/animosa.es\/blog\/nuevas-coleccion-agendas-escolares-animosa-2019-2020\/#breadcrumb","itemListElement":[{"@type":"ListItem","position":1,"name":"Portada","item":"https:\/\/animosa.es\/blog\/"},{"@type":"ListItem","position":2,"name":"Os presentamos las nuevas agendas escolares Animosa (y os damos cuatro excusas para regalarlas)"}]},{"@type":"WebSite","@id":"https:\/\/animosa.es\/blog\/#website","url":"https:\/\/animosa.es\/blog\/","name":"Animosa Blog","description":"Alma y Coraje: Mujeres importantes e inspiradoras","publisher":{"@id":"https:\/\/animosa.es\/blog\/#organization"},"potentialAction":[{"@type":"SearchAction","target":{"@type":"EntryPoint","urlTemplate":"https:\/\/animosa.es\/blog\/?s={search_term_string}"},"query-input":{"@type":"PropertyValueSpecification","valueRequired":true,"valueName":"search_term_string"}}],"inLanguage":"es"},{"@type":"Organization","@id":"https:\/\/animosa.es\/blog\/#organization","name":"Animosa","url":"https:\/\/animosa.es\/blog\/","logo":{"@type":"ImageObject","inLanguage":"es","@id":"https:\/\/animosa.es\/blog\/#\/schema\/logo\/image\/","url":"https:\/\/animosa.es\/blog\/wp-content\/uploads\/2018\/11\/mi-tienda-logo-e1541405563290.png","contentUrl":"https:\/\/animosa.es\/blog\/wp-content\/uploads\/2018\/11\/mi-tienda-logo-e1541405563290.png","width":170,"height":53,"caption":"Animosa"},"image":{"@id":"https:\/\/animosa.es\/blog\/#\/schema\/logo\/image\/"},"sameAs":["https:\/\/www.facebook.com\/animosaoficial","https:\/\/x.com\/animosaoficial","https:\/\/www.instagram.com\/animosaoficial\/","https:\/\/www.pinterest.es\/animosaoficial\/","https:\/\/www.youtube.com\/channel\/UCvpO4cBfsjLILe9zJnR_krw"]},{"@type":"Person","@id":"https:\/\/animosa.es\/blog\/#\/schema\/person\/c63bf54d9b5b4afb33c6556c3ea84842","name":"Abril Camino","url":"https:\/\/animosa.es\/blog\/author\/comunicacion\/"}]}},"_links":{"self":[{"href":"https:\/\/animosa.es\/blog\/wp-json\/wp\/v2\/posts\/377","targetHints":{"allow":["GET"]}}],"collection":[{"href":"https:\/\/animosa.es\/blog\/wp-json\/wp\/v2\/posts"}],"about":[{"href":"https:\/\/animosa.es\/blog\/wp-json\/wp\/v2\/types\/post"}],"author":[{"embeddable":true,"href":"https:\/\/animosa.es\/blog\/wp-json\/wp\/v2\/users\/5"}],"replies":[{"embeddable":true,"href":"https:\/\/animosa.es\/blog\/wp-json\/wp\/v2\/comments?post=377"}],"version-history":[{"count":7,"href":"https:\/\/animosa.es\/blog\/wp-json\/wp\/v2\/posts\/377\/revisions"}],"predecessor-version":[{"id":393,"href":"https:\/\/animosa.es\/blog\/wp-json\/wp\/v2\/posts\/377\/revisions\/393"}],"wp:featuredmedia":[{"embeddable":true,"href":"https:\/\/animosa.es\/blog\/wp-json\/wp\/v2\/media\/378"}],"wp:attachment":[{"href":"https:\/\/animosa.es\/blog\/wp-json\/wp\/v2\/media?parent=377"}],"wp:term":[{"taxonomy":"category","embeddable":true,"href":"https:\/\/animosa.es\/blog\/wp-json\/wp\/v2\/categories?post=377"},{"taxonomy":"post_tag","embeddable":true,"href":"https:\/\/animosa.es\/blog\/wp-json\/wp\/v2\/tags?post=377"}],"curies":[{"name":"wp","href":"https:\/\/api.w.org\/{rel}","templated":true}]}}