{"id":433,"date":"2019-07-17T16:00:36","date_gmt":"2019-07-17T14:00:36","guid":{"rendered":"https:\/\/animosa.es\/blog\/?p=433"},"modified":"2022-04-20T17:09:08","modified_gmt":"2022-04-20T15:09:08","slug":"nuevo-escudo-animosa","status":"publish","type":"post","link":"https:\/\/animosa.es\/blog\/nuevo-escudo-animosa\/","title":{"rendered":"Os presentamos el nuevo escudo Animosa: imagen renovada, esp\u00edritu intacto"},"content":{"rendered":"\n<p>Renovarse o morir, dice el refr\u00e1n. Y en Animosa nos lo tomamos muy en serio. Nuestras cabezas nunca paran (eso seguro que ya lo hab\u00e9is notado): hace solo unos d\u00edas os ense\u00f1\u00e1bamos la <a rel=\"noreferrer noopener\" aria-label=\"nueva colecci\u00f3n (abre en una nueva pesta\u00f1a)\" href=\"https:\/\/animosa.es\/blog\/?p=416\" target=\"_blank\">nueva colecci\u00f3n<\/a> y hoy <strong>estamos muy orgullosas de presentaros el nuevo escudo Animosa<\/strong>. Lo hemos dise\u00f1ado pensando en vosotras, en c\u00f3mo representa a la mujer Animosa, en su fuerza y su valor. Pensando en el significado de cada elemento del escudo. Y, por supuesto, imaginando lo precioso que quedar\u00e1 en las prendas que lo lleven. Seguid leyendo, que os lo contamos&#8230; \u00a1todo!<\/p>\n\n\n\n<!--more-->\n\n\n\n<figure class=\"wp-block-image\"><img loading=\"lazy\" decoding=\"async\" width=\"960\" height=\"720\" src=\"https:\/\/animosa.es\/blog\/wp-content\/uploads\/2019\/06\/apoyo_escudo_2.jpg\" alt=\"Nuevo escudo Animosa cazadora lib\u00e9lulas\" class=\"wp-image-436\" srcset=\"https:\/\/animosa.es\/blog\/wp-content\/uploads\/2019\/06\/apoyo_escudo_2.jpg 960w, https:\/\/animosa.es\/blog\/wp-content\/uploads\/2019\/06\/apoyo_escudo_2-300x225.jpg 300w, https:\/\/animosa.es\/blog\/wp-content\/uploads\/2019\/06\/apoyo_escudo_2-768x576.jpg 768w, https:\/\/animosa.es\/blog\/wp-content\/uploads\/2019\/06\/apoyo_escudo_2-640x480.jpg 640w, https:\/\/animosa.es\/blog\/wp-content\/uploads\/2019\/06\/apoyo_escudo_2-24x18.jpg 24w, https:\/\/animosa.es\/blog\/wp-content\/uploads\/2019\/06\/apoyo_escudo_2-36x27.jpg 36w, https:\/\/animosa.es\/blog\/wp-content\/uploads\/2019\/06\/apoyo_escudo_2-48x36.jpg 48w\" sizes=\"auto, (max-width: 767px) 89vw, (max-width: 1000px) 54vw, (max-width: 1071px) 543px, 580px\" \/><\/figure>\n\n\n\n<h2 class=\"wp-block-heading\"><strong>\u00bfQu\u00e9 significa el nuevo escudo Animosa?<\/strong><\/h2>\n\n\n\n<p>Si algo tenemos claro en Animosa es que <strong>nada es trivial en nuestros dise\u00f1os<\/strong>. El nuevo escudo va a ser nuestra imagen p\u00fablica; en serio, \u00a1la vais a ver en todas partes! As\u00ed que, por supuesto, cada uno de sus elementos ten\u00eda que significar algo importante para nosotras, para vosotras.<\/p>\n\n\n\n<figure class=\"wp-block-image\"><img loading=\"lazy\" decoding=\"async\" width=\"1920\" height=\"1200\" src=\"https:\/\/animosa.es\/blog\/wp-content\/uploads\/2019\/06\/Animosa_escudo.jpg\" alt=\"Nuevo escudo Animosa\" class=\"wp-image-435\" srcset=\"https:\/\/animosa.es\/blog\/wp-content\/uploads\/2019\/06\/Animosa_escudo.jpg 1920w, https:\/\/animosa.es\/blog\/wp-content\/uploads\/2019\/06\/Animosa_escudo-300x188.jpg 300w, https:\/\/animosa.es\/blog\/wp-content\/uploads\/2019\/06\/Animosa_escudo-768x480.jpg 768w, https:\/\/animosa.es\/blog\/wp-content\/uploads\/2019\/06\/Animosa_escudo-640x400.jpg 640w, https:\/\/animosa.es\/blog\/wp-content\/uploads\/2019\/06\/Animosa_escudo-24x15.jpg 24w, https:\/\/animosa.es\/blog\/wp-content\/uploads\/2019\/06\/Animosa_escudo-36x23.jpg 36w, https:\/\/animosa.es\/blog\/wp-content\/uploads\/2019\/06\/Animosa_escudo-48x30.jpg 48w\" sizes=\"auto, (max-width: 767px) 89vw, (max-width: 1000px) 54vw, (max-width: 1071px) 543px, 580px\" \/><\/figure>\n\n\n\n<p>Lo primero que encontramos en el escudo es <strong>una preciosa lib\u00e9lula<\/strong>, un s\u00edmbolo del equilibrio, la madurez, la fuerza y el coraje. Alrededor de ella, <strong>el laurel<\/strong>: respeto, fuerza, \u00e9xito. Porque las mujeres ya hemos triunfado, nos hemos ganado esa corona de laurel. Y por \u00faltimo, en lo m\u00e1s alto del escudo, <strong>la flor de lis<\/strong>, que representa la nobleza, la lealtad y la generosidad. \u00bfVeis por qu\u00e9 nos sentimos tan identificadas con todos esos valores?<\/p>\n\n\n\n<h2 class=\"wp-block-heading\"><strong>\u00bfD\u00f3nde podremos ver el nuevo escudo?<\/strong><\/h2>\n\n\n\n<p>Y aqu\u00ed viene la mejor sorpresa de todas. El escudo Animosa lo vais a encontrar en todos nuestros puntos de venta autorizados, por supuesto, pero tambi\u00e9n en algunas de nuestras prendas. La presentaci\u00f3n por todo lo alto de nuestra nueva imagen vendr\u00e1 de la mano de <strong>esta preciosa <a href=\"https:\/\/animosa.es\/moda\/1279-cazadora-escudo.html\" target=\"_blank\" rel=\"noreferrer noopener\" aria-label=\"cazadora vaquera con el escudo bordado (abre en una nueva pesta\u00f1a)\">cazadora vaquera con el escudo bordado<\/a><\/strong>. \u00bfA que no puedes dejar de pensar en <em>outfits<\/em> incre\u00edbles con ella?<\/p>\n\n\n\n<figure class=\"wp-block-image\"><a href=\"https:\/\/animosa.es\/moda\/1279-cazadora-escudo.html\" target=\"_blank\" rel=\"noreferrer noopener\"><img loading=\"lazy\" decoding=\"async\" width=\"960\" height=\"720\" src=\"https:\/\/animosa.es\/blog\/wp-content\/uploads\/2019\/06\/apoyo_escudo_1.jpg\" alt=\"Cazadora nuevo escudo Animosa\" class=\"wp-image-437\" srcset=\"https:\/\/animosa.es\/blog\/wp-content\/uploads\/2019\/06\/apoyo_escudo_1.jpg 960w, https:\/\/animosa.es\/blog\/wp-content\/uploads\/2019\/06\/apoyo_escudo_1-300x225.jpg 300w, https:\/\/animosa.es\/blog\/wp-content\/uploads\/2019\/06\/apoyo_escudo_1-768x576.jpg 768w, https:\/\/animosa.es\/blog\/wp-content\/uploads\/2019\/06\/apoyo_escudo_1-640x480.jpg 640w, https:\/\/animosa.es\/blog\/wp-content\/uploads\/2019\/06\/apoyo_escudo_1-24x18.jpg 24w, https:\/\/animosa.es\/blog\/wp-content\/uploads\/2019\/06\/apoyo_escudo_1-36x27.jpg 36w, https:\/\/animosa.es\/blog\/wp-content\/uploads\/2019\/06\/apoyo_escudo_1-48x36.jpg 48w\" sizes=\"auto, (max-width: 767px) 89vw, (max-width: 1000px) 54vw, (max-width: 1071px) 543px, 580px\" \/><\/a><\/figure>\n\n\n\n<h2 class=\"wp-block-heading\"><strong>Descubre nuestra nueva l\u00ednea de b\u00e1sicos<\/strong><\/h2>\n\n\n\n<p>Esto es un no parar de buenas noticias. Ya os hemos contado lo del escudo. Ya os hemos ense\u00f1ado la cazadora vaquera que lo lleva bordado. Y no pensar\u00edais que eso era todo, \u00bfverdad? Porque <strong>las cazadoras vaqueras nos encantan<\/strong> (mucho, much\u00edsimo), pero tienen un terrible inconveniente: cuando vemos una, siempre acabamos queriendo m\u00e1s.<\/p>\n\n\n\n<figure class=\"wp-block-image\"><img loading=\"lazy\" decoding=\"async\" width=\"960\" height=\"720\" src=\"https:\/\/animosa.es\/blog\/wp-content\/uploads\/2019\/06\/apoyo_escudo_5.jpg\" alt=\"Cazadora vaquera alma y coraje Animosa\" class=\"wp-image-438\" srcset=\"https:\/\/animosa.es\/blog\/wp-content\/uploads\/2019\/06\/apoyo_escudo_5.jpg 960w, https:\/\/animosa.es\/blog\/wp-content\/uploads\/2019\/06\/apoyo_escudo_5-300x225.jpg 300w, https:\/\/animosa.es\/blog\/wp-content\/uploads\/2019\/06\/apoyo_escudo_5-768x576.jpg 768w, https:\/\/animosa.es\/blog\/wp-content\/uploads\/2019\/06\/apoyo_escudo_5-640x480.jpg 640w, https:\/\/animosa.es\/blog\/wp-content\/uploads\/2019\/06\/apoyo_escudo_5-24x18.jpg 24w, https:\/\/animosa.es\/blog\/wp-content\/uploads\/2019\/06\/apoyo_escudo_5-36x27.jpg 36w, https:\/\/animosa.es\/blog\/wp-content\/uploads\/2019\/06\/apoyo_escudo_5-48x36.jpg 48w\" sizes=\"auto, (max-width: 767px) 89vw, (max-width: 1000px) 54vw, (max-width: 1071px) 543px, 580px\" \/><\/figure>\n\n\n\n<p>En Animosa nos apasiona dise\u00f1ar prendas rompedoras para cada nueva colecci\u00f3n, pero tambi\u00e9n sabemos que <strong>a muchas os encantan los b\u00e1sicos<\/strong>. Esas prendas que siguen temporada tras temporada en nuestros armarios porque nunca nos cansamos de ellas, porque no pasan de moda, porque duran y porque ya no nos imaginamos nuestros <em>looks<\/em> sin ellas.<\/p>\n\n\n\n<p>Inauguramos<strong> nuestra nueva l\u00ednea de b\u00e1sicos<\/strong> con tres maravillosas cazadoras vaqueras. La primera es la que ya os hemos ense\u00f1ado, con el nuevo escudo Animosa bordado en la espalda y con detalles de lib\u00e9lulas en el frontal.  <a href=\"https:\/\/animosa.es\/moda\/1280-cazadora-calavera.html\" target=\"_blank\" rel=\"noreferrer noopener\" aria-label=\"La segunda (abre en una nueva pesta\u00f1a)\">La segunda<\/a> est\u00e1 tambi\u00e9n llena de nuestra esencia, de <strong>ese \u00abalma y coraje\u00bb que ha sido nuestra raz\u00f3n de ser <\/strong>desde el principio. Y con unos detalles en las mangas que son lo m\u00e1s.<\/p>\n\n\n\n<figure class=\"wp-block-image\"><a href=\"https:\/\/animosa.es\/moda\/1280-cazadora-calavera.html\" target=\"_blank\" rel=\"noreferrer noopener\"><img loading=\"lazy\" decoding=\"async\" width=\"960\" height=\"720\" src=\"https:\/\/animosa.es\/blog\/wp-content\/uploads\/2019\/06\/apoyo_escudo_4.jpg\" alt=\"Cazadora vaquera alma y coraje\" class=\"wp-image-439\" srcset=\"https:\/\/animosa.es\/blog\/wp-content\/uploads\/2019\/06\/apoyo_escudo_4.jpg 960w, https:\/\/animosa.es\/blog\/wp-content\/uploads\/2019\/06\/apoyo_escudo_4-300x225.jpg 300w, https:\/\/animosa.es\/blog\/wp-content\/uploads\/2019\/06\/apoyo_escudo_4-768x576.jpg 768w, https:\/\/animosa.es\/blog\/wp-content\/uploads\/2019\/06\/apoyo_escudo_4-640x480.jpg 640w, https:\/\/animosa.es\/blog\/wp-content\/uploads\/2019\/06\/apoyo_escudo_4-24x18.jpg 24w, https:\/\/animosa.es\/blog\/wp-content\/uploads\/2019\/06\/apoyo_escudo_4-36x27.jpg 36w, https:\/\/animosa.es\/blog\/wp-content\/uploads\/2019\/06\/apoyo_escudo_4-48x36.jpg 48w\" sizes=\"auto, (max-width: 767px) 89vw, (max-width: 1000px) 54vw, (max-width: 1071px) 543px, 580px\" \/><\/a><\/figure>\n\n\n\n<p>Y <a href=\"https:\/\/animosa.es\/moda\/1278-cazadora-alas.html\" target=\"_blank\" rel=\"noreferrer noopener\" aria-label=\"la tercera (abre en una nueva pesta\u00f1a)\">la tercera<\/a> <strong>nos anima a volar libres<\/strong>. Nos pone las alas a la espalda para que nunca se nos olvide que nadie podr\u00e1 cort\u00e1rnoslas. Con un coraz\u00f3n en ese color violeta que nos une. \u00bfPuede ser m\u00e1s bonita?<\/p>\n\n\n\n<figure class=\"wp-block-image\"><a href=\"https:\/\/animosa.es\/moda\/1278-cazadora-alas.html\" target=\"_blank\" rel=\"noreferrer noopener\"><img loading=\"lazy\" decoding=\"async\" width=\"960\" height=\"720\" src=\"https:\/\/animosa.es\/blog\/wp-content\/uploads\/2019\/06\/apoyo_escudo_3.jpg\" alt=\"Cazadora vuela libre\" class=\"wp-image-440\" srcset=\"https:\/\/animosa.es\/blog\/wp-content\/uploads\/2019\/06\/apoyo_escudo_3.jpg 960w, https:\/\/animosa.es\/blog\/wp-content\/uploads\/2019\/06\/apoyo_escudo_3-300x225.jpg 300w, https:\/\/animosa.es\/blog\/wp-content\/uploads\/2019\/06\/apoyo_escudo_3-768x576.jpg 768w, https:\/\/animosa.es\/blog\/wp-content\/uploads\/2019\/06\/apoyo_escudo_3-640x480.jpg 640w, https:\/\/animosa.es\/blog\/wp-content\/uploads\/2019\/06\/apoyo_escudo_3-24x18.jpg 24w, https:\/\/animosa.es\/blog\/wp-content\/uploads\/2019\/06\/apoyo_escudo_3-36x27.jpg 36w, https:\/\/animosa.es\/blog\/wp-content\/uploads\/2019\/06\/apoyo_escudo_3-48x36.jpg 48w\" sizes=\"auto, (max-width: 767px) 89vw, (max-width: 1000px) 54vw, (max-width: 1071px) 543px, 580px\" \/><\/a><\/figure>\n\n\n\n<p>Esto no es m\u00e1s que el principio. En los pr\u00f3ximos meses tendr\u00e9is muchas m\u00e1s noticias sobre <strong>nuestra l\u00ednea de b\u00e1sicos<\/strong>. La inauguramos con las cazadoras vaqueras, pero&#8230; habr\u00e1 mucho m\u00e1s. \u00a1Permaneced atentas!<\/p>\n\n\n\n<p><em>Si hab\u00e9is visto tan bonitas nuestras nuevas cazadoras ha sido gracias a la sonrisa de <a rel=\"noreferrer noopener\" aria-label=\"@keykoa_ (abre en una nueva pesta\u00f1a)\" href=\"https:\/\/www.instagram.com\/keykoa_\/\" target=\"_blank\">@keykoa_<\/a> y la mirada de <a rel=\"noreferrer noopener\" aria-label=\"@sairacaz (abre en una nueva pesta\u00f1a)\" href=\"https:\/\/www.instagram.com\/sairacaz\/\" target=\"_blank\">@sairacaz<\/a>, as\u00ed que un agradecimiento muy especial para ellos.<\/em><\/p>\n","protected":false},"excerpt":{"rendered":"<p>Renovarse o morir, dice el refr\u00e1n. Y en Animosa nos lo tomamos muy en serio. Nuestras cabezas nunca paran (eso seguro que ya lo hab\u00e9is notado): hace solo unos d\u00edas os ense\u00f1\u00e1bamos la nueva colecci\u00f3n y hoy estamos muy orgullosas de presentaros el nuevo escudo Animosa. Lo hemos dise\u00f1ado pensando en vosotras, en c\u00f3mo representa &hellip; <\/p>\n<p class=\"link-more\"><a href=\"https:\/\/animosa.es\/blog\/nuevo-escudo-animosa\/\" class=\"more-link\">Continuar leyendo<span class=\"screen-reader-text\"> \u00abOs presentamos el nuevo escudo Animosa: imagen renovada, esp\u00edritu intacto\u00bb<\/span><\/a><\/p>\n","protected":false},"author":5,"featured_media":435,"comment_status":"open","ping_status":"closed","sticky":false,"template":"","format":"standard","meta":{"_monsterinsights_skip_tracking":false,"_monsterinsights_sitenote_active":false,"_monsterinsights_sitenote_note":"","_monsterinsights_sitenote_category":0,"footnotes":""},"categories":[12],"tags":[40,41,42,19,9],"class_list":["post-433","post","type-post","status-publish","format-standard","has-post-thumbnail","hentry","category-productos-animosa","tag-cazadoras","tag-cazadoras-vaqueras","tag-escudo-animosa","tag-mujeres-animosa","tag-productos-animosa"],"yoast_head":"<!-- This site is optimized with the Yoast SEO plugin v27.4 - https:\/\/yoast.com\/product\/yoast-seo-wordpress\/ -->\n<title>Nuevo escudo Animosa: imagen renovada, esp\u00edritu intacto<\/title>\n<meta name=\"description\" content=\"Presentamos el nuevo escudo Animosa: alma, coraje y un nuevo dise\u00f1o lleno de significado que ver\u00e9is mucho a partir de ahora\" \/>\n<meta name=\"robots\" content=\"index, follow, max-snippet:-1, max-image-preview:large, max-video-preview:-1\" \/>\n<link rel=\"canonical\" href=\"https:\/\/animosa.es\/blog\/nuevo-escudo-animosa\/\" \/>\n<meta property=\"og:locale\" content=\"es_ES\" \/>\n<meta property=\"og:type\" content=\"article\" \/>\n<meta property=\"og:title\" content=\"Nuevo escudo Animosa: imagen renovada, esp\u00edritu intacto\" \/>\n<meta property=\"og:description\" content=\"Presentamos el nuevo escudo Animosa: alma, coraje y un nuevo dise\u00f1o lleno de significado que ver\u00e9is mucho a partir de ahora\" \/>\n<meta property=\"og:url\" content=\"https:\/\/animosa.es\/blog\/nuevo-escudo-animosa\/\" \/>\n<meta property=\"og:site_name\" content=\"Animosa Blog\" \/>\n<meta property=\"article:publisher\" content=\"https:\/\/www.facebook.com\/animosaoficial\" \/>\n<meta property=\"article:published_time\" content=\"2019-07-17T14:00:36+00:00\" \/>\n<meta property=\"article:modified_time\" content=\"2022-04-20T15:09:08+00:00\" \/>\n<meta property=\"og:image\" content=\"https:\/\/animosa.es\/blog\/wp-content\/uploads\/2019\/06\/Animosa_escudo.jpg\" \/>\n\t<meta property=\"og:image:width\" content=\"1920\" \/>\n\t<meta property=\"og:image:height\" content=\"1200\" \/>\n\t<meta property=\"og:image:type\" content=\"image\/jpeg\" \/>\n<meta name=\"author\" content=\"Abril Camino\" \/>\n<meta name=\"twitter:card\" content=\"summary_large_image\" \/>\n<meta name=\"twitter:creator\" content=\"@animosaoficial\" \/>\n<meta name=\"twitter:site\" content=\"@animosaoficial\" \/>\n<meta name=\"twitter:label1\" content=\"Escrito por\" \/>\n\t<meta name=\"twitter:data1\" content=\"Abril Camino\" \/>\n\t<meta name=\"twitter:label2\" content=\"Tiempo de lectura\" \/>\n\t<meta name=\"twitter:data2\" content=\"3 minutos\" \/>\n<script type=\"application\/ld+json\" class=\"yoast-schema-graph\">{\"@context\":\"https:\\\/\\\/schema.org\",\"@graph\":[{\"@type\":\"Article\",\"@id\":\"https:\\\/\\\/animosa.es\\\/blog\\\/nuevo-escudo-animosa\\\/#article\",\"isPartOf\":{\"@id\":\"https:\\\/\\\/animosa.es\\\/blog\\\/nuevo-escudo-animosa\\\/\"},\"author\":{\"name\":\"Abril Camino\",\"@id\":\"https:\\\/\\\/animosa.es\\\/blog\\\/#\\\/schema\\\/person\\\/c63bf54d9b5b4afb33c6556c3ea84842\"},\"headline\":\"Os presentamos el nuevo escudo Animosa: imagen renovada, esp\u00edritu intacto\",\"datePublished\":\"2019-07-17T14:00:36+00:00\",\"dateModified\":\"2022-04-20T15:09:08+00:00\",\"mainEntityOfPage\":{\"@id\":\"https:\\\/\\\/animosa.es\\\/blog\\\/nuevo-escudo-animosa\\\/\"},\"wordCount\":640,\"commentCount\":0,\"publisher\":{\"@id\":\"https:\\\/\\\/animosa.es\\\/blog\\\/#organization\"},\"image\":{\"@id\":\"https:\\\/\\\/animosa.es\\\/blog\\\/nuevo-escudo-animosa\\\/#primaryimage\"},\"thumbnailUrl\":\"https:\\\/\\\/animosa.es\\\/blog\\\/wp-content\\\/uploads\\\/2019\\\/06\\\/Animosa_escudo.jpg\",\"keywords\":[\"cazadoras\",\"cazadoras vaqueras\",\"escudo animosa\",\"Mujeres Animosa\",\"Productos Animosa\"],\"articleSection\":[\"Productos Animosa\"],\"inLanguage\":\"es\",\"potentialAction\":[{\"@type\":\"CommentAction\",\"name\":\"Comment\",\"target\":[\"https:\\\/\\\/animosa.es\\\/blog\\\/nuevo-escudo-animosa\\\/#respond\"]}]},{\"@type\":\"WebPage\",\"@id\":\"https:\\\/\\\/animosa.es\\\/blog\\\/nuevo-escudo-animosa\\\/\",\"url\":\"https:\\\/\\\/animosa.es\\\/blog\\\/nuevo-escudo-animosa\\\/\",\"name\":\"Nuevo escudo Animosa: imagen renovada, esp\u00edritu intacto\",\"isPartOf\":{\"@id\":\"https:\\\/\\\/animosa.es\\\/blog\\\/#website\"},\"primaryImageOfPage\":{\"@id\":\"https:\\\/\\\/animosa.es\\\/blog\\\/nuevo-escudo-animosa\\\/#primaryimage\"},\"image\":{\"@id\":\"https:\\\/\\\/animosa.es\\\/blog\\\/nuevo-escudo-animosa\\\/#primaryimage\"},\"thumbnailUrl\":\"https:\\\/\\\/animosa.es\\\/blog\\\/wp-content\\\/uploads\\\/2019\\\/06\\\/Animosa_escudo.jpg\",\"datePublished\":\"2019-07-17T14:00:36+00:00\",\"dateModified\":\"2022-04-20T15:09:08+00:00\",\"description\":\"Presentamos el nuevo escudo Animosa: alma, coraje y un nuevo dise\u00f1o lleno de significado que ver\u00e9is mucho a partir de ahora\",\"breadcrumb\":{\"@id\":\"https:\\\/\\\/animosa.es\\\/blog\\\/nuevo-escudo-animosa\\\/#breadcrumb\"},\"inLanguage\":\"es\",\"potentialAction\":[{\"@type\":\"ReadAction\",\"target\":[\"https:\\\/\\\/animosa.es\\\/blog\\\/nuevo-escudo-animosa\\\/\"]}]},{\"@type\":\"ImageObject\",\"inLanguage\":\"es\",\"@id\":\"https:\\\/\\\/animosa.es\\\/blog\\\/nuevo-escudo-animosa\\\/#primaryimage\",\"url\":\"https:\\\/\\\/animosa.es\\\/blog\\\/wp-content\\\/uploads\\\/2019\\\/06\\\/Animosa_escudo.jpg\",\"contentUrl\":\"https:\\\/\\\/animosa.es\\\/blog\\\/wp-content\\\/uploads\\\/2019\\\/06\\\/Animosa_escudo.jpg\",\"width\":1920,\"height\":1200},{\"@type\":\"BreadcrumbList\",\"@id\":\"https:\\\/\\\/animosa.es\\\/blog\\\/nuevo-escudo-animosa\\\/#breadcrumb\",\"itemListElement\":[{\"@type\":\"ListItem\",\"position\":1,\"name\":\"Portada\",\"item\":\"https:\\\/\\\/animosa.es\\\/blog\\\/\"},{\"@type\":\"ListItem\",\"position\":2,\"name\":\"Os presentamos el nuevo escudo Animosa: imagen renovada, esp\u00edritu intacto\"}]},{\"@type\":\"WebSite\",\"@id\":\"https:\\\/\\\/animosa.es\\\/blog\\\/#website\",\"url\":\"https:\\\/\\\/animosa.es\\\/blog\\\/\",\"name\":\"Animosa Blog\",\"description\":\"Alma y Coraje: Mujeres importantes e inspiradoras\",\"publisher\":{\"@id\":\"https:\\\/\\\/animosa.es\\\/blog\\\/#organization\"},\"potentialAction\":[{\"@type\":\"SearchAction\",\"target\":{\"@type\":\"EntryPoint\",\"urlTemplate\":\"https:\\\/\\\/animosa.es\\\/blog\\\/?s={search_term_string}\"},\"query-input\":{\"@type\":\"PropertyValueSpecification\",\"valueRequired\":true,\"valueName\":\"search_term_string\"}}],\"inLanguage\":\"es\"},{\"@type\":\"Organization\",\"@id\":\"https:\\\/\\\/animosa.es\\\/blog\\\/#organization\",\"name\":\"Animosa\",\"url\":\"https:\\\/\\\/animosa.es\\\/blog\\\/\",\"logo\":{\"@type\":\"ImageObject\",\"inLanguage\":\"es\",\"@id\":\"https:\\\/\\\/animosa.es\\\/blog\\\/#\\\/schema\\\/logo\\\/image\\\/\",\"url\":\"https:\\\/\\\/animosa.es\\\/blog\\\/wp-content\\\/uploads\\\/2018\\\/11\\\/mi-tienda-logo-e1541405563290.png\",\"contentUrl\":\"https:\\\/\\\/animosa.es\\\/blog\\\/wp-content\\\/uploads\\\/2018\\\/11\\\/mi-tienda-logo-e1541405563290.png\",\"width\":170,\"height\":53,\"caption\":\"Animosa\"},\"image\":{\"@id\":\"https:\\\/\\\/animosa.es\\\/blog\\\/#\\\/schema\\\/logo\\\/image\\\/\"},\"sameAs\":[\"https:\\\/\\\/www.facebook.com\\\/animosaoficial\",\"https:\\\/\\\/x.com\\\/animosaoficial\",\"https:\\\/\\\/www.instagram.com\\\/animosaoficial\\\/\",\"https:\\\/\\\/www.pinterest.es\\\/animosaoficial\\\/\",\"https:\\\/\\\/www.youtube.com\\\/channel\\\/UCvpO4cBfsjLILe9zJnR_krw\"]},{\"@type\":\"Person\",\"@id\":\"https:\\\/\\\/animosa.es\\\/blog\\\/#\\\/schema\\\/person\\\/c63bf54d9b5b4afb33c6556c3ea84842\",\"name\":\"Abril Camino\",\"url\":\"https:\\\/\\\/animosa.es\\\/blog\\\/author\\\/comunicacion\\\/\"}]}<\/script>\n<!-- \/ Yoast SEO plugin. -->","yoast_head_json":{"title":"Nuevo escudo Animosa: imagen renovada, esp\u00edritu intacto","description":"Presentamos el nuevo escudo Animosa: alma, coraje y un nuevo dise\u00f1o lleno de significado que ver\u00e9is mucho a partir de ahora","robots":{"index":"index","follow":"follow","max-snippet":"max-snippet:-1","max-image-preview":"max-image-preview:large","max-video-preview":"max-video-preview:-1"},"canonical":"https:\/\/animosa.es\/blog\/nuevo-escudo-animosa\/","og_locale":"es_ES","og_type":"article","og_title":"Nuevo escudo Animosa: imagen renovada, esp\u00edritu intacto","og_description":"Presentamos el nuevo escudo Animosa: alma, coraje y un nuevo dise\u00f1o lleno de significado que ver\u00e9is mucho a partir de ahora","og_url":"https:\/\/animosa.es\/blog\/nuevo-escudo-animosa\/","og_site_name":"Animosa Blog","article_publisher":"https:\/\/www.facebook.com\/animosaoficial","article_published_time":"2019-07-17T14:00:36+00:00","article_modified_time":"2022-04-20T15:09:08+00:00","og_image":[{"width":1920,"height":1200,"url":"https:\/\/animosa.es\/blog\/wp-content\/uploads\/2019\/06\/Animosa_escudo.jpg","type":"image\/jpeg"}],"author":"Abril Camino","twitter_card":"summary_large_image","twitter_creator":"@animosaoficial","twitter_site":"@animosaoficial","twitter_misc":{"Escrito por":"Abril Camino","Tiempo de lectura":"3 minutos"},"schema":{"@context":"https:\/\/schema.org","@graph":[{"@type":"Article","@id":"https:\/\/animosa.es\/blog\/nuevo-escudo-animosa\/#article","isPartOf":{"@id":"https:\/\/animosa.es\/blog\/nuevo-escudo-animosa\/"},"author":{"name":"Abril Camino","@id":"https:\/\/animosa.es\/blog\/#\/schema\/person\/c63bf54d9b5b4afb33c6556c3ea84842"},"headline":"Os presentamos el nuevo escudo Animosa: imagen renovada, esp\u00edritu intacto","datePublished":"2019-07-17T14:00:36+00:00","dateModified":"2022-04-20T15:09:08+00:00","mainEntityOfPage":{"@id":"https:\/\/animosa.es\/blog\/nuevo-escudo-animosa\/"},"wordCount":640,"commentCount":0,"publisher":{"@id":"https:\/\/animosa.es\/blog\/#organization"},"image":{"@id":"https:\/\/animosa.es\/blog\/nuevo-escudo-animosa\/#primaryimage"},"thumbnailUrl":"https:\/\/animosa.es\/blog\/wp-content\/uploads\/2019\/06\/Animosa_escudo.jpg","keywords":["cazadoras","cazadoras vaqueras","escudo animosa","Mujeres Animosa","Productos Animosa"],"articleSection":["Productos Animosa"],"inLanguage":"es","potentialAction":[{"@type":"CommentAction","name":"Comment","target":["https:\/\/animosa.es\/blog\/nuevo-escudo-animosa\/#respond"]}]},{"@type":"WebPage","@id":"https:\/\/animosa.es\/blog\/nuevo-escudo-animosa\/","url":"https:\/\/animosa.es\/blog\/nuevo-escudo-animosa\/","name":"Nuevo escudo Animosa: imagen renovada, esp\u00edritu intacto","isPartOf":{"@id":"https:\/\/animosa.es\/blog\/#website"},"primaryImageOfPage":{"@id":"https:\/\/animosa.es\/blog\/nuevo-escudo-animosa\/#primaryimage"},"image":{"@id":"https:\/\/animosa.es\/blog\/nuevo-escudo-animosa\/#primaryimage"},"thumbnailUrl":"https:\/\/animosa.es\/blog\/wp-content\/uploads\/2019\/06\/Animosa_escudo.jpg","datePublished":"2019-07-17T14:00:36+00:00","dateModified":"2022-04-20T15:09:08+00:00","description":"Presentamos el nuevo escudo Animosa: alma, coraje y un nuevo dise\u00f1o lleno de significado que ver\u00e9is mucho a partir de ahora","breadcrumb":{"@id":"https:\/\/animosa.es\/blog\/nuevo-escudo-animosa\/#breadcrumb"},"inLanguage":"es","potentialAction":[{"@type":"ReadAction","target":["https:\/\/animosa.es\/blog\/nuevo-escudo-animosa\/"]}]},{"@type":"ImageObject","inLanguage":"es","@id":"https:\/\/animosa.es\/blog\/nuevo-escudo-animosa\/#primaryimage","url":"https:\/\/animosa.es\/blog\/wp-content\/uploads\/2019\/06\/Animosa_escudo.jpg","contentUrl":"https:\/\/animosa.es\/blog\/wp-content\/uploads\/2019\/06\/Animosa_escudo.jpg","width":1920,"height":1200},{"@type":"BreadcrumbList","@id":"https:\/\/animosa.es\/blog\/nuevo-escudo-animosa\/#breadcrumb","itemListElement":[{"@type":"ListItem","position":1,"name":"Portada","item":"https:\/\/animosa.es\/blog\/"},{"@type":"ListItem","position":2,"name":"Os presentamos el nuevo escudo Animosa: imagen renovada, esp\u00edritu intacto"}]},{"@type":"WebSite","@id":"https:\/\/animosa.es\/blog\/#website","url":"https:\/\/animosa.es\/blog\/","name":"Animosa Blog","description":"Alma y Coraje: Mujeres importantes e inspiradoras","publisher":{"@id":"https:\/\/animosa.es\/blog\/#organization"},"potentialAction":[{"@type":"SearchAction","target":{"@type":"EntryPoint","urlTemplate":"https:\/\/animosa.es\/blog\/?s={search_term_string}"},"query-input":{"@type":"PropertyValueSpecification","valueRequired":true,"valueName":"search_term_string"}}],"inLanguage":"es"},{"@type":"Organization","@id":"https:\/\/animosa.es\/blog\/#organization","name":"Animosa","url":"https:\/\/animosa.es\/blog\/","logo":{"@type":"ImageObject","inLanguage":"es","@id":"https:\/\/animosa.es\/blog\/#\/schema\/logo\/image\/","url":"https:\/\/animosa.es\/blog\/wp-content\/uploads\/2018\/11\/mi-tienda-logo-e1541405563290.png","contentUrl":"https:\/\/animosa.es\/blog\/wp-content\/uploads\/2018\/11\/mi-tienda-logo-e1541405563290.png","width":170,"height":53,"caption":"Animosa"},"image":{"@id":"https:\/\/animosa.es\/blog\/#\/schema\/logo\/image\/"},"sameAs":["https:\/\/www.facebook.com\/animosaoficial","https:\/\/x.com\/animosaoficial","https:\/\/www.instagram.com\/animosaoficial\/","https:\/\/www.pinterest.es\/animosaoficial\/","https:\/\/www.youtube.com\/channel\/UCvpO4cBfsjLILe9zJnR_krw"]},{"@type":"Person","@id":"https:\/\/animosa.es\/blog\/#\/schema\/person\/c63bf54d9b5b4afb33c6556c3ea84842","name":"Abril Camino","url":"https:\/\/animosa.es\/blog\/author\/comunicacion\/"}]}},"_links":{"self":[{"href":"https:\/\/animosa.es\/blog\/wp-json\/wp\/v2\/posts\/433","targetHints":{"allow":["GET"]}}],"collection":[{"href":"https:\/\/animosa.es\/blog\/wp-json\/wp\/v2\/posts"}],"about":[{"href":"https:\/\/animosa.es\/blog\/wp-json\/wp\/v2\/types\/post"}],"author":[{"embeddable":true,"href":"https:\/\/animosa.es\/blog\/wp-json\/wp\/v2\/users\/5"}],"replies":[{"embeddable":true,"href":"https:\/\/animosa.es\/blog\/wp-json\/wp\/v2\/comments?post=433"}],"version-history":[{"count":7,"href":"https:\/\/animosa.es\/blog\/wp-json\/wp\/v2\/posts\/433\/revisions"}],"predecessor-version":[{"id":446,"href":"https:\/\/animosa.es\/blog\/wp-json\/wp\/v2\/posts\/433\/revisions\/446"}],"wp:featuredmedia":[{"embeddable":true,"href":"https:\/\/animosa.es\/blog\/wp-json\/wp\/v2\/media\/435"}],"wp:attachment":[{"href":"https:\/\/animosa.es\/blog\/wp-json\/wp\/v2\/media?parent=433"}],"wp:term":[{"taxonomy":"category","embeddable":true,"href":"https:\/\/animosa.es\/blog\/wp-json\/wp\/v2\/categories?post=433"},{"taxonomy":"post_tag","embeddable":true,"href":"https:\/\/animosa.es\/blog\/wp-json\/wp\/v2\/tags?post=433"}],"curies":[{"name":"wp","href":"https:\/\/api.w.org\/{rel}","templated":true}]}}