{"id":453,"date":"2019-09-11T16:00:26","date_gmt":"2019-09-11T14:00:26","guid":{"rendered":"https:\/\/animosa.es\/blog\/?p=453"},"modified":"2022-04-20T17:09:08","modified_gmt":"2022-04-20T15:09:08","slug":"10-propositos-feministas-para-volver-a-la-rutina-a-tope-de-poder-femenino","status":"publish","type":"post","link":"https:\/\/animosa.es\/blog\/10-propositos-feministas-para-volver-a-la-rutina-a-tope-de-poder-femenino\/","title":{"rendered":"10 prop\u00f3sitos feministas para volver a la rutina a tope de poder femenino"},"content":{"rendered":"\n<p>Ya est\u00e1 aqu\u00ed septiembre y, con \u00e9l, ese principio de curso que, para muchas, es cada a\u00f1o un nuevo comienzo. <strong>El momento de hacernos buenos prop\u00f3sitos<\/strong>, de volver al gimnasio, comer m\u00e1s sano, dejar de fumar, leer m\u00e1s, apuntarnos a ingl\u00e9s, pintura o yoga. No sabemos si en octubre esos objetivos seguir\u00e1n en pie o los estaremos apuntando como objetivos de cara a enero, as\u00ed que&#8230; desde Animosa queremos proponeros otros diez que estamos seguras de que a todas nos encantar\u00e1 cumplir:<strong> los diez prop\u00f3sitos feministas para un curso muy <\/strong><em><strong>girl power<\/strong><\/em>.<\/p>\n\n\n\n<!--more-->\n\n\n\n<figure class=\"wp-block-image\"><a href=\"https:\/\/animosa.es\/74-agendas\" target=\"_blank\" rel=\"noreferrer noopener\"><img loading=\"lazy\" decoding=\"async\" width=\"1920\" height=\"1200\" src=\"https:\/\/animosa.es\/blog\/wp-content\/uploads\/2019\/09\/Animosa_septiembre.jpg\" alt=\"Prop\u00f3sitos feministas Animosa\" class=\"wp-image-458\" srcset=\"https:\/\/animosa.es\/blog\/wp-content\/uploads\/2019\/09\/Animosa_septiembre.jpg 1920w, https:\/\/animosa.es\/blog\/wp-content\/uploads\/2019\/09\/Animosa_septiembre-300x188.jpg 300w, https:\/\/animosa.es\/blog\/wp-content\/uploads\/2019\/09\/Animosa_septiembre-768x480.jpg 768w, https:\/\/animosa.es\/blog\/wp-content\/uploads\/2019\/09\/Animosa_septiembre-640x400.jpg 640w, https:\/\/animosa.es\/blog\/wp-content\/uploads\/2019\/09\/Animosa_septiembre-24x15.jpg 24w, https:\/\/animosa.es\/blog\/wp-content\/uploads\/2019\/09\/Animosa_septiembre-36x23.jpg 36w, https:\/\/animosa.es\/blog\/wp-content\/uploads\/2019\/09\/Animosa_septiembre-48x30.jpg 48w\" sizes=\"auto, (max-width: 767px) 89vw, (max-width: 1000px) 54vw, (max-width: 1071px) 543px, 580px\" \/><\/a><\/figure>\n\n\n\n<h2 class=\"wp-block-heading\"><strong>1. Dedicar tiempo a la persona m\u00e1s importante de mi vida: yo<\/strong><\/h2>\n\n\n\n<p>Sobre nosotras recaen toneladas de responsabilidades en el d\u00eda a d\u00eda. Seguimos siendo las <a href=\"https:\/\/www.infobae.com\/tendencias\/2017\/10\/06\/brecha-de-genero-en-el-hogar-las-mujeres-a-cargo-de-las-tareas-domesticas-no-remuneradas\/\" target=\"_blank\" rel=\"noreferrer noopener\" aria-label=\"principales responsables del trabajo dom\u00e9stico y de cuidados (abre en una nueva pesta\u00f1a)\">principales responsables del trabajo dom\u00e9stico y de cuidados<\/a>, pero tambi\u00e9n somos profesionales que pasamos muchas horas en la oficina. A veces nos sobrecargan otros y a veces lo hacemos nosotras mismas. <strong>\u00bfQu\u00e9 mejor prop\u00f3sito para este curso que dedicarnos tiempo a nosotras?<\/strong> Cada una a su manera, como m\u00e1s feliz nos haga. Un ba\u00f1o relajante con el m\u00f3vil apagado, un paseo por la monta\u00f1a, un d\u00eda de compras sin pensar en nada m\u00e1s&#8230; \u00a1Vamos a por ello!<\/p>\n\n\n\n<figure class=\"wp-block-image\"><a href=\"https:\/\/animosa.es\/74-agendas\" target=\"_blank\" rel=\"noreferrer noopener\"><img loading=\"lazy\" decoding=\"async\" width=\"1476\" height=\"1476\" src=\"https:\/\/animosa.es\/blog\/wp-content\/uploads\/2019\/09\/agenda_echaelfreno.jpg\" alt=\"Agenda para nuestros prop\u00f3sitos feministas\" class=\"wp-image-459\" srcset=\"https:\/\/animosa.es\/blog\/wp-content\/uploads\/2019\/09\/agenda_echaelfreno.jpg 1476w, https:\/\/animosa.es\/blog\/wp-content\/uploads\/2019\/09\/agenda_echaelfreno-150x150.jpg 150w, https:\/\/animosa.es\/blog\/wp-content\/uploads\/2019\/09\/agenda_echaelfreno-300x300.jpg 300w, https:\/\/animosa.es\/blog\/wp-content\/uploads\/2019\/09\/agenda_echaelfreno-768x768.jpg 768w, https:\/\/animosa.es\/blog\/wp-content\/uploads\/2019\/09\/agenda_echaelfreno-640x640.jpg 640w, https:\/\/animosa.es\/blog\/wp-content\/uploads\/2019\/09\/agenda_echaelfreno-100x100.jpg 100w, https:\/\/animosa.es\/blog\/wp-content\/uploads\/2019\/09\/agenda_echaelfreno-24x24.jpg 24w, https:\/\/animosa.es\/blog\/wp-content\/uploads\/2019\/09\/agenda_echaelfreno-36x36.jpg 36w, https:\/\/animosa.es\/blog\/wp-content\/uploads\/2019\/09\/agenda_echaelfreno-48x48.jpg 48w\" sizes=\"auto, (max-width: 767px) 89vw, (max-width: 1000px) 54vw, (max-width: 1071px) 543px, 580px\" \/><\/a><\/figure>\n\n\n\n<h2 class=\"wp-block-heading\"><strong>2. Impulsar la creatividad femenina<\/strong><\/h2>\n\n\n\n<p>Estamos rodeadas de creatividad femenina. De <strong>mujeres fant\u00e1sticas que dise\u00f1an, pintan, componen, escriben, bailan, cantan&#8230;<\/strong> Pero sabemos que todav\u00eda es m\u00e1s dif\u00edcil para ellas conseguir el \u00e9xito, que da la sensaci\u00f3n de que tienen que demostrar un puntito m\u00e1s por el hecho de ser mujeres. Apoy\u00e9moslas. No solo haremos que las cosas sean m\u00e1s justas&#8230; \u00a1es que lo disfrutaremos a lo grande!<\/p>\n\n\n\n<figure class=\"wp-block-image\"><a href=\"https:\/\/animosa.es\/rebajas\/1118-camiseta-liz-ideas.html\" target=\"_blank\" rel=\"noreferrer noopener\"><img loading=\"lazy\" decoding=\"async\" width=\"1440\" height=\"1440\" src=\"https:\/\/animosa.es\/blog\/wp-content\/uploads\/2019\/09\/liz_ideas_3.jpg\" alt=\"Mujeres creativas Animosa\" class=\"wp-image-460\" srcset=\"https:\/\/animosa.es\/blog\/wp-content\/uploads\/2019\/09\/liz_ideas_3.jpg 1440w, https:\/\/animosa.es\/blog\/wp-content\/uploads\/2019\/09\/liz_ideas_3-150x150.jpg 150w, https:\/\/animosa.es\/blog\/wp-content\/uploads\/2019\/09\/liz_ideas_3-300x300.jpg 300w, https:\/\/animosa.es\/blog\/wp-content\/uploads\/2019\/09\/liz_ideas_3-768x768.jpg 768w, https:\/\/animosa.es\/blog\/wp-content\/uploads\/2019\/09\/liz_ideas_3-640x640.jpg 640w, https:\/\/animosa.es\/blog\/wp-content\/uploads\/2019\/09\/liz_ideas_3-100x100.jpg 100w, https:\/\/animosa.es\/blog\/wp-content\/uploads\/2019\/09\/liz_ideas_3-24x24.jpg 24w, https:\/\/animosa.es\/blog\/wp-content\/uploads\/2019\/09\/liz_ideas_3-36x36.jpg 36w, https:\/\/animosa.es\/blog\/wp-content\/uploads\/2019\/09\/liz_ideas_3-48x48.jpg 48w\" sizes=\"auto, (max-width: 767px) 89vw, (max-width: 1000px) 54vw, (max-width: 1071px) 543px, 580px\" \/><\/a><\/figure>\n\n\n\n<h2 class=\"wp-block-heading\"><strong>3. Buscar el \u00fanico est\u00e1ndar de belleza que existe: el nuestro<\/strong><\/h2>\n\n\n\n<p>Cada d\u00eda nos bombardean con el canon de belleza establecido. Y pocas de nosotras estamos cerca de \u00e9l. Seguro que estos d\u00edas muchas estamos planeando dietas o sesiones de gimnasio para deshacernos de esas cartucheras que nos han dicho alguna vez que son demasiado grandes o para intentar que nuestros cuerpos se parezcan m\u00e1s a los que salen por la tele. <strong>No olvidemos que cada una somos \u00fanicas<\/strong>. Dediquemos m\u00e1s tiempo a pensar en lo que nos gusta de nosotras. Y si nos apetece m\u00e1s hacer <em>taichi <\/em>que tonificar brazos, \u00a1a por ello!<\/p>\n\n\n\n<figure class=\"wp-block-image\"><a href=\"https:\/\/animosa.es\/rebajas\/1099-camiseta-alice-natural.html\" target=\"_blank\" rel=\"noreferrer noopener\"><img loading=\"lazy\" decoding=\"async\" width=\"1090\" height=\"1091\" src=\"https:\/\/animosa.es\/blog\/wp-content\/uploads\/2019\/09\/AliceGuy.jpg\" alt=\"Camiseta Animosa Be Natural\" class=\"wp-image-474\" srcset=\"https:\/\/animosa.es\/blog\/wp-content\/uploads\/2019\/09\/AliceGuy.jpg 1090w, https:\/\/animosa.es\/blog\/wp-content\/uploads\/2019\/09\/AliceGuy-150x150.jpg 150w, https:\/\/animosa.es\/blog\/wp-content\/uploads\/2019\/09\/AliceGuy-300x300.jpg 300w, https:\/\/animosa.es\/blog\/wp-content\/uploads\/2019\/09\/AliceGuy-768x769.jpg 768w, https:\/\/animosa.es\/blog\/wp-content\/uploads\/2019\/09\/AliceGuy-640x640.jpg 640w, https:\/\/animosa.es\/blog\/wp-content\/uploads\/2019\/09\/AliceGuy-100x100.jpg 100w, https:\/\/animosa.es\/blog\/wp-content\/uploads\/2019\/09\/AliceGuy-24x24.jpg 24w, https:\/\/animosa.es\/blog\/wp-content\/uploads\/2019\/09\/AliceGuy-36x36.jpg 36w, https:\/\/animosa.es\/blog\/wp-content\/uploads\/2019\/09\/AliceGuy-48x48.jpg 48w\" sizes=\"auto, (max-width: 767px) 89vw, (max-width: 1000px) 54vw, (max-width: 1071px) 543px, 580px\" \/><\/a><\/figure>\n\n\n\n<h2 class=\"wp-block-heading\"><strong>4. No juzgar a otras mujeres por el hecho de serlo<\/strong><\/h2>\n\n\n\n<p>A\u00fan nos pasa. Incluso a las que estamos muy comprometidas&#8230; a veces se nos escapa. Y criticar es libre, claro que s\u00ed; no muy positivo, pero libre, al fin y al cabo. Pero cuando juzgamos a una mujer por algo por lo que nunca juzgar\u00edamos a un hombre&#8230; es machismo. Y <strong>un buen prop\u00f3sito para este curso ser\u00eda dejar de hacerlo<\/strong>.<\/p>\n\n\n\n<figure class=\"wp-block-image\"><img loading=\"lazy\" decoding=\"async\" width=\"1440\" height=\"2160\" src=\"https:\/\/animosa.es\/blog\/wp-content\/uploads\/2019\/09\/marlene_1.jpg\" alt=\"Prop\u00f3sitos feministas Animosa\" class=\"wp-image-463\" srcset=\"https:\/\/animosa.es\/blog\/wp-content\/uploads\/2019\/09\/marlene_1.jpg 1440w, https:\/\/animosa.es\/blog\/wp-content\/uploads\/2019\/09\/marlene_1-200x300.jpg 200w, https:\/\/animosa.es\/blog\/wp-content\/uploads\/2019\/09\/marlene_1-768x1152.jpg 768w, https:\/\/animosa.es\/blog\/wp-content\/uploads\/2019\/09\/marlene_1-427x640.jpg 427w, https:\/\/animosa.es\/blog\/wp-content\/uploads\/2019\/09\/marlene_1-16x24.jpg 16w, https:\/\/animosa.es\/blog\/wp-content\/uploads\/2019\/09\/marlene_1-24x36.jpg 24w, https:\/\/animosa.es\/blog\/wp-content\/uploads\/2019\/09\/marlene_1-32x48.jpg 32w\" sizes=\"auto, (max-width: 767px) 89vw, (max-width: 1000px) 54vw, (max-width: 1071px) 543px, 580px\" \/><\/figure>\n\n\n\n<h2 class=\"wp-block-heading\"><strong>5. Hablar m\u00e1s de feminismo<\/strong><\/h2>\n\n\n\n<p>Y no nos referimos a dar un mitin cada vez que nos reunamos delante de unas ca\u00f1as con amigos. No. Pero introducir la igualdad en nuestras conversaciones es enriquecedor. <strong>Recordar a quien no se haya enterado a\u00fan que el feminismo no es m\u00e1s que igualdad<\/strong>. Educar a las ni\u00f1as de nuestras vidas en el reconocimiento a las <a rel=\"noreferrer noopener\" aria-label=\"grandes mujeres de la historia (abre en una nueva pesta\u00f1a)\" href=\"https:\/\/animosa.es\/blog\/tag\/grandes-mujeres\/\" target=\"_blank\">grandes mujeres de la historia<\/a>. Incluir a los hombres en esas conversaciones para que lo entiendan mejor. Todos saldremos enriquecidos&#8230; y empoderados.<\/p>\n\n\n\n<figure class=\"wp-block-image\"><a href=\"https:\/\/animosa.es\/tazas\/368-taza-mug-alma-y-coraje-8435454703948.html\" target=\"_blank\" rel=\"noreferrer noopener\"><img loading=\"lazy\" decoding=\"async\" width=\"1680\" height=\"1680\" src=\"https:\/\/animosa.es\/blog\/wp-content\/uploads\/2019\/09\/ayn-rand.jpg\" alt=\"Poder femenino\" class=\"wp-image-464\" srcset=\"https:\/\/animosa.es\/blog\/wp-content\/uploads\/2019\/09\/ayn-rand.jpg 1680w, https:\/\/animosa.es\/blog\/wp-content\/uploads\/2019\/09\/ayn-rand-150x150.jpg 150w, https:\/\/animosa.es\/blog\/wp-content\/uploads\/2019\/09\/ayn-rand-300x300.jpg 300w, https:\/\/animosa.es\/blog\/wp-content\/uploads\/2019\/09\/ayn-rand-768x768.jpg 768w, https:\/\/animosa.es\/blog\/wp-content\/uploads\/2019\/09\/ayn-rand-640x640.jpg 640w, https:\/\/animosa.es\/blog\/wp-content\/uploads\/2019\/09\/ayn-rand-100x100.jpg 100w, https:\/\/animosa.es\/blog\/wp-content\/uploads\/2019\/09\/ayn-rand-24x24.jpg 24w, https:\/\/animosa.es\/blog\/wp-content\/uploads\/2019\/09\/ayn-rand-36x36.jpg 36w, https:\/\/animosa.es\/blog\/wp-content\/uploads\/2019\/09\/ayn-rand-48x48.jpg 48w\" sizes=\"auto, (max-width: 767px) 89vw, (max-width: 1000px) 54vw, (max-width: 1071px) 543px, 580px\" \/><\/a><\/figure>\n\n\n\n<h2 class=\"wp-block-heading\"><strong>6. Apoyar a las mujeres profesionales de nuestro entorno<\/strong><\/h2>\n\n\n\n<p>Las mujeres emprendedoras a\u00fan son clara minor\u00eda. Pero seguro que todas conocemos a unas cuantas en nuestro entorno. Las que <strong>se han puesto el mundo por montera y se han lanzado a emprender<\/strong> un negocio. Las mujeres empresarias tienden a contratar m\u00e1s mujeres y as\u00ed, tal vez, alg\u00fan d\u00eda lleguemos a conseguir la igualdad laboral. \u00bfTenemos ya en mente esa lista de negocios dirigidos por mujeres a los que apoyaremos?<\/p>\n\n\n\n<figure class=\"wp-block-image\"><img loading=\"lazy\" decoding=\"async\" width=\"1440\" height=\"2160\" src=\"https:\/\/animosa.es\/blog\/wp-content\/uploads\/2019\/09\/gloria_mujer_newsletter.png\" alt=\"Prop\u00f3sitos feministas Animosa\" class=\"wp-image-465\" srcset=\"https:\/\/animosa.es\/blog\/wp-content\/uploads\/2019\/09\/gloria_mujer_newsletter.png 1440w, https:\/\/animosa.es\/blog\/wp-content\/uploads\/2019\/09\/gloria_mujer_newsletter-200x300.png 200w, https:\/\/animosa.es\/blog\/wp-content\/uploads\/2019\/09\/gloria_mujer_newsletter-768x1152.png 768w, https:\/\/animosa.es\/blog\/wp-content\/uploads\/2019\/09\/gloria_mujer_newsletter-427x640.png 427w, https:\/\/animosa.es\/blog\/wp-content\/uploads\/2019\/09\/gloria_mujer_newsletter-16x24.png 16w, https:\/\/animosa.es\/blog\/wp-content\/uploads\/2019\/09\/gloria_mujer_newsletter-24x36.png 24w, https:\/\/animosa.es\/blog\/wp-content\/uploads\/2019\/09\/gloria_mujer_newsletter-32x48.png 32w\" sizes=\"auto, (max-width: 767px) 89vw, (max-width: 1000px) 54vw, (max-width: 1071px) 543px, 580px\" \/><\/figure>\n\n\n\n<h2 class=\"wp-block-heading\"><strong>7. Alzar la voz<\/strong><\/h2>\n\n\n\n<p>Y eso no significa ser desagradables, ni bordes ni lanzarnos a las calles (o s\u00ed, si nos apetece). Pero alzar la voz en el \u00e1mbito privado es casi m\u00e1s importante que de forma p\u00fablica. Seguro que todas tenemos cerca alg\u00fan amigo que a\u00fan se cree gracioso con chistes machistas. O que defiende ideas tirando a infames en cenas familiares. Y solemos mordernos la lengua para \u00abno liarla\u00bb. <strong>Uno de nuestros buenos prop\u00f3sitos feministas ser\u00eda afear estos comportamientos<\/strong>. Que nadie se sienta c\u00f3modo si va a decir algo insultante para las mujeres delante de nosotras.<\/p>\n\n\n\n<figure class=\"wp-block-image\"><a href=\"https:\/\/animosa.es\/rebajas\/1114-bomber-rebelate.html\"><img loading=\"lazy\" decoding=\"async\" width=\"1920\" height=\"1440\" src=\"https:\/\/animosa.es\/blog\/wp-content\/uploads\/2019\/09\/descuento50_rebelate.jpg\" alt=\"Prop\u00f3sitos feministas Animosa\" class=\"wp-image-470\" srcset=\"https:\/\/animosa.es\/blog\/wp-content\/uploads\/2019\/09\/descuento50_rebelate.jpg 1920w, https:\/\/animosa.es\/blog\/wp-content\/uploads\/2019\/09\/descuento50_rebelate-300x225.jpg 300w, https:\/\/animosa.es\/blog\/wp-content\/uploads\/2019\/09\/descuento50_rebelate-768x576.jpg 768w, https:\/\/animosa.es\/blog\/wp-content\/uploads\/2019\/09\/descuento50_rebelate-640x480.jpg 640w, https:\/\/animosa.es\/blog\/wp-content\/uploads\/2019\/09\/descuento50_rebelate-24x18.jpg 24w, https:\/\/animosa.es\/blog\/wp-content\/uploads\/2019\/09\/descuento50_rebelate-36x27.jpg 36w, https:\/\/animosa.es\/blog\/wp-content\/uploads\/2019\/09\/descuento50_rebelate-48x36.jpg 48w\" sizes=\"auto, (max-width: 767px) 89vw, (max-width: 1000px) 54vw, (max-width: 1071px) 543px, 580px\" \/><\/a><\/figure>\n\n\n\n<h2 class=\"wp-block-heading\"><strong>8. Pasar m\u00e1s tiempo con las mujeres de nuestra vida<\/strong><\/h2>\n\n\n\n<p>Madres, hermanas, amigas, hijas, sobrinas, primas&#8230; Todas nos hacen muy felices cuando nos rodeamos de ellas. <strong>Nos sentimos arropadas, comprendidas y, adem\u00e1s, nos lo pasamos bomba<\/strong>. Pero no siempre tenemos tiempo para ellas. Busqu\u00e9moslo. Ech\u00e9mosle una mano a esa amiga que sabemos que nos necesita. Recurramos a ellas cuando necesitamos apoyo. Y divirt\u00e1monos. Sobre todo eso, que la sonrisa siempre es el mejor complemento.<\/p>\n\n\n\n<figure class=\"wp-block-image\"><a href=\"https:\/\/animosa.es\/rebajas\/1115-camiseta-a-lo-lococeliacruz.html\"><img loading=\"lazy\" decoding=\"async\" width=\"1440\" height=\"1920\" src=\"https:\/\/animosa.es\/blog\/wp-content\/uploads\/2019\/09\/celia_aloloco_4.jpg\" alt=\"Prop\u00f3sitos feministas Animosa\" class=\"wp-image-467\" srcset=\"https:\/\/animosa.es\/blog\/wp-content\/uploads\/2019\/09\/celia_aloloco_4.jpg 1440w, https:\/\/animosa.es\/blog\/wp-content\/uploads\/2019\/09\/celia_aloloco_4-225x300.jpg 225w, https:\/\/animosa.es\/blog\/wp-content\/uploads\/2019\/09\/celia_aloloco_4-768x1024.jpg 768w, https:\/\/animosa.es\/blog\/wp-content\/uploads\/2019\/09\/celia_aloloco_4-480x640.jpg 480w, https:\/\/animosa.es\/blog\/wp-content\/uploads\/2019\/09\/celia_aloloco_4-18x24.jpg 18w, https:\/\/animosa.es\/blog\/wp-content\/uploads\/2019\/09\/celia_aloloco_4-27x36.jpg 27w, https:\/\/animosa.es\/blog\/wp-content\/uploads\/2019\/09\/celia_aloloco_4-36x48.jpg 36w\" sizes=\"auto, (max-width: 767px) 89vw, (max-width: 1000px) 54vw, (max-width: 1071px) 543px, 580px\" \/><\/a><\/figure>\n\n\n\n<h2 class=\"wp-block-heading\"><strong>9. Desaprender lo subliminal<\/strong><\/h2>\n\n\n\n<p>Hay muchas actitudes que tenemos interiorizadas y a veces se nos olvida que son <strong>estructuras mentales que nos restan mucho empoderamiento<\/strong>. Como cuando nos vamos de compras con una amiga y le preguntamos si ha dejado a su marido de ni\u00f1ero. O cuando le preguntamos a esa prima que se cas\u00f3 hace dos a\u00f1os que los ni\u00f1os para cu\u00e1ndo. O cuando conocemos a una mujer y el primer comentario que se nos viene a la cabeza es que es muy guapa. Es subliminal. No hace da\u00f1o a nadie directamente. Pero es muy poquito empoderador.<\/p>\n\n\n\n<figure class=\"wp-block-image\"><a href=\"https:\/\/animosa.es\/rebajas\/1072-camiseta-audrey-firma.html\" target=\"_blank\" rel=\"noreferrer noopener\"><img loading=\"lazy\" decoding=\"async\" width=\"1920\" height=\"1440\" src=\"https:\/\/animosa.es\/blog\/wp-content\/uploads\/2019\/09\/audrey_rayas.jpg\" alt=\"Mujeres Animosa\" class=\"wp-image-468\" srcset=\"https:\/\/animosa.es\/blog\/wp-content\/uploads\/2019\/09\/audrey_rayas.jpg 1920w, https:\/\/animosa.es\/blog\/wp-content\/uploads\/2019\/09\/audrey_rayas-300x225.jpg 300w, https:\/\/animosa.es\/blog\/wp-content\/uploads\/2019\/09\/audrey_rayas-768x576.jpg 768w, https:\/\/animosa.es\/blog\/wp-content\/uploads\/2019\/09\/audrey_rayas-640x480.jpg 640w, https:\/\/animosa.es\/blog\/wp-content\/uploads\/2019\/09\/audrey_rayas-24x18.jpg 24w, https:\/\/animosa.es\/blog\/wp-content\/uploads\/2019\/09\/audrey_rayas-36x27.jpg 36w, https:\/\/animosa.es\/blog\/wp-content\/uploads\/2019\/09\/audrey_rayas-48x36.jpg 48w\" sizes=\"auto, (max-width: 767px) 89vw, (max-width: 1000px) 54vw, (max-width: 1071px) 543px, 580px\" \/><\/a><\/figure>\n\n\n\n<h2 class=\"wp-block-heading\"><strong>10. Presumir de lo que somos<\/strong><\/h2>\n\n\n\n<p>Porque, seamos sinceras&#8230;, somos la ca\u00f1a. <strong>Hemos conseguido cosas con las que ni pod\u00edan so\u00f1ar las generaciones anteriores<\/strong>. Cuando nos reunimos el sonido m\u00e1s habitual son las carcajadas. Cada d\u00eda conocemos a m\u00e1s <a href=\"https:\/\/animosa.es\/blog\/heroinas-de-salvora-quienes-son-y-por-que-merecen-que-todos-las-conozcamos\/\" target=\"_blank\" rel=\"noreferrer noopener\" aria-label=\"mujeres pioneras (abre en una nueva pesta\u00f1a)\">mujeres pioneras<\/a> de las que sentirnos orgullosas. Es posible que muchas de nosotras ni siquiera necesitemos muchos de estos prop\u00f3sitos feministas porque ya los tenemos muy claros en nuestro d\u00eda a d\u00eda. Y esa es una buena noticia. Pronto lo \u00fanico que tendremos que proponernos ser\u00e1 lo de apuntarnos a ingl\u00e9s porque todo esto&#8230; lo tendremos m\u00e1s que dominado.<\/p>\n\n\n\n<figure class=\"wp-block-image\"><img loading=\"lazy\" decoding=\"async\" width=\"1920\" height=\"1440\" src=\"https:\/\/animosa.es\/blog\/wp-content\/uploads\/2019\/09\/libresvivasyplenas_3.png\" alt=\"Mujeres Animosa\" class=\"wp-image-469\" srcset=\"https:\/\/animosa.es\/blog\/wp-content\/uploads\/2019\/09\/libresvivasyplenas_3.png 1920w, https:\/\/animosa.es\/blog\/wp-content\/uploads\/2019\/09\/libresvivasyplenas_3-300x225.png 300w, https:\/\/animosa.es\/blog\/wp-content\/uploads\/2019\/09\/libresvivasyplenas_3-768x576.png 768w, https:\/\/animosa.es\/blog\/wp-content\/uploads\/2019\/09\/libresvivasyplenas_3-640x480.png 640w, https:\/\/animosa.es\/blog\/wp-content\/uploads\/2019\/09\/libresvivasyplenas_3-24x18.png 24w, https:\/\/animosa.es\/blog\/wp-content\/uploads\/2019\/09\/libresvivasyplenas_3-36x27.png 36w, https:\/\/animosa.es\/blog\/wp-content\/uploads\/2019\/09\/libresvivasyplenas_3-48x36.png 48w\" sizes=\"auto, (max-width: 767px) 89vw, (max-width: 1000px) 54vw, (max-width: 1071px) 543px, 580px\" \/><\/figure>\n","protected":false},"excerpt":{"rendered":"<p>Ya est\u00e1 aqu\u00ed septiembre y, con \u00e9l, ese principio de curso que, para muchas, es cada a\u00f1o un nuevo comienzo. El momento de hacernos buenos prop\u00f3sitos, de volver al gimnasio, comer m\u00e1s sano, dejar de fumar, leer m\u00e1s, apuntarnos a ingl\u00e9s, pintura o yoga. No sabemos si en octubre esos objetivos seguir\u00e1n en pie o &hellip; <\/p>\n<p class=\"link-more\"><a href=\"https:\/\/animosa.es\/blog\/10-propositos-feministas-para-volver-a-la-rutina-a-tope-de-poder-femenino\/\" class=\"more-link\">Continuar leyendo<span class=\"screen-reader-text\"> \u00ab10 prop\u00f3sitos feministas para volver a la rutina a tope de poder femenino\u00bb<\/span><\/a><\/p>\n","protected":false},"author":5,"featured_media":458,"comment_status":"open","ping_status":"closed","sticky":false,"template":"","format":"standard","meta":{"_monsterinsights_skip_tracking":false,"_monsterinsights_sitenote_active":false,"_monsterinsights_sitenote_note":"","_monsterinsights_sitenote_category":0,"footnotes":""},"categories":[10],"tags":[7,5,35,4],"class_list":["post-453","post","type-post","status-publish","format-standard","has-post-thumbnail","hentry","category-poder-femenino","tag-empoderamiento","tag-feminismo","tag-girl-power","tag-poder-femenino"],"yoast_head":"<!-- This site is optimized with the Yoast SEO plugin v27.4 - https:\/\/yoast.com\/product\/yoast-seo-wordpress\/ -->\n<title>10 prop\u00f3sitos feministas para volver a la rutina a tope de poder femenino<\/title>\n<meta name=\"description\" content=\"Es septiembre, tiempo de buenos prop\u00f3sitos feministas. En Animosa hemos hecho los nuestros. Diez ideas para empoderarnos en el d\u00eda a d\u00eda.\" \/>\n<meta name=\"robots\" content=\"index, follow, max-snippet:-1, max-image-preview:large, max-video-preview:-1\" \/>\n<link rel=\"canonical\" href=\"https:\/\/animosa.es\/blog\/10-propositos-feministas-para-volver-a-la-rutina-a-tope-de-poder-femenino\/\" \/>\n<meta property=\"og:locale\" content=\"es_ES\" \/>\n<meta property=\"og:type\" content=\"article\" \/>\n<meta property=\"og:title\" content=\"10 prop\u00f3sitos feministas para volver a la rutina a tope de poder femenino\" \/>\n<meta property=\"og:description\" content=\"Es septiembre, tiempo de buenos prop\u00f3sitos feministas. En Animosa hemos hecho los nuestros. Diez ideas para empoderarnos en el d\u00eda a d\u00eda.\" \/>\n<meta property=\"og:url\" content=\"https:\/\/animosa.es\/blog\/10-propositos-feministas-para-volver-a-la-rutina-a-tope-de-poder-femenino\/\" \/>\n<meta property=\"og:site_name\" content=\"Animosa Blog\" \/>\n<meta property=\"article:publisher\" content=\"https:\/\/www.facebook.com\/animosaoficial\" \/>\n<meta property=\"article:published_time\" content=\"2019-09-11T14:00:26+00:00\" \/>\n<meta property=\"article:modified_time\" content=\"2022-04-20T15:09:08+00:00\" \/>\n<meta property=\"og:image\" content=\"https:\/\/animosa.es\/blog\/wp-content\/uploads\/2019\/09\/Animosa_septiembre.jpg\" \/>\n\t<meta property=\"og:image:width\" content=\"1920\" \/>\n\t<meta property=\"og:image:height\" content=\"1200\" \/>\n\t<meta property=\"og:image:type\" content=\"image\/jpeg\" \/>\n<meta name=\"author\" content=\"Abril Camino\" \/>\n<meta name=\"twitter:card\" content=\"summary_large_image\" \/>\n<meta name=\"twitter:creator\" content=\"@animosaoficial\" \/>\n<meta name=\"twitter:site\" content=\"@animosaoficial\" \/>\n<meta name=\"twitter:label1\" content=\"Escrito por\" \/>\n\t<meta name=\"twitter:data1\" content=\"Abril Camino\" \/>\n\t<meta name=\"twitter:label2\" content=\"Tiempo de lectura\" \/>\n\t<meta name=\"twitter:data2\" content=\"5 minutos\" \/>\n<script type=\"application\/ld+json\" class=\"yoast-schema-graph\">{\"@context\":\"https:\\\/\\\/schema.org\",\"@graph\":[{\"@type\":\"Article\",\"@id\":\"https:\\\/\\\/animosa.es\\\/blog\\\/10-propositos-feministas-para-volver-a-la-rutina-a-tope-de-poder-femenino\\\/#article\",\"isPartOf\":{\"@id\":\"https:\\\/\\\/animosa.es\\\/blog\\\/10-propositos-feministas-para-volver-a-la-rutina-a-tope-de-poder-femenino\\\/\"},\"author\":{\"name\":\"Abril Camino\",\"@id\":\"https:\\\/\\\/animosa.es\\\/blog\\\/#\\\/schema\\\/person\\\/c63bf54d9b5b4afb33c6556c3ea84842\"},\"headline\":\"10 prop\u00f3sitos feministas para volver a la rutina a tope de poder femenino\",\"datePublished\":\"2019-09-11T14:00:26+00:00\",\"dateModified\":\"2022-04-20T15:09:08+00:00\",\"mainEntityOfPage\":{\"@id\":\"https:\\\/\\\/animosa.es\\\/blog\\\/10-propositos-feministas-para-volver-a-la-rutina-a-tope-de-poder-femenino\\\/\"},\"wordCount\":1048,\"commentCount\":0,\"publisher\":{\"@id\":\"https:\\\/\\\/animosa.es\\\/blog\\\/#organization\"},\"image\":{\"@id\":\"https:\\\/\\\/animosa.es\\\/blog\\\/10-propositos-feministas-para-volver-a-la-rutina-a-tope-de-poder-femenino\\\/#primaryimage\"},\"thumbnailUrl\":\"https:\\\/\\\/animosa.es\\\/blog\\\/wp-content\\\/uploads\\\/2019\\\/09\\\/Animosa_septiembre.jpg\",\"keywords\":[\"Empoderamiento\",\"Feminismo\",\"Girl power\",\"Poder femenino\"],\"articleSection\":[\"Poder femenino\"],\"inLanguage\":\"es\",\"potentialAction\":[{\"@type\":\"CommentAction\",\"name\":\"Comment\",\"target\":[\"https:\\\/\\\/animosa.es\\\/blog\\\/10-propositos-feministas-para-volver-a-la-rutina-a-tope-de-poder-femenino\\\/#respond\"]}]},{\"@type\":\"WebPage\",\"@id\":\"https:\\\/\\\/animosa.es\\\/blog\\\/10-propositos-feministas-para-volver-a-la-rutina-a-tope-de-poder-femenino\\\/\",\"url\":\"https:\\\/\\\/animosa.es\\\/blog\\\/10-propositos-feministas-para-volver-a-la-rutina-a-tope-de-poder-femenino\\\/\",\"name\":\"10 prop\u00f3sitos feministas para volver a la rutina a tope de poder femenino\",\"isPartOf\":{\"@id\":\"https:\\\/\\\/animosa.es\\\/blog\\\/#website\"},\"primaryImageOfPage\":{\"@id\":\"https:\\\/\\\/animosa.es\\\/blog\\\/10-propositos-feministas-para-volver-a-la-rutina-a-tope-de-poder-femenino\\\/#primaryimage\"},\"image\":{\"@id\":\"https:\\\/\\\/animosa.es\\\/blog\\\/10-propositos-feministas-para-volver-a-la-rutina-a-tope-de-poder-femenino\\\/#primaryimage\"},\"thumbnailUrl\":\"https:\\\/\\\/animosa.es\\\/blog\\\/wp-content\\\/uploads\\\/2019\\\/09\\\/Animosa_septiembre.jpg\",\"datePublished\":\"2019-09-11T14:00:26+00:00\",\"dateModified\":\"2022-04-20T15:09:08+00:00\",\"description\":\"Es septiembre, tiempo de buenos prop\u00f3sitos feministas. En Animosa hemos hecho los nuestros. Diez ideas para empoderarnos en el d\u00eda a d\u00eda.\",\"breadcrumb\":{\"@id\":\"https:\\\/\\\/animosa.es\\\/blog\\\/10-propositos-feministas-para-volver-a-la-rutina-a-tope-de-poder-femenino\\\/#breadcrumb\"},\"inLanguage\":\"es\",\"potentialAction\":[{\"@type\":\"ReadAction\",\"target\":[\"https:\\\/\\\/animosa.es\\\/blog\\\/10-propositos-feministas-para-volver-a-la-rutina-a-tope-de-poder-femenino\\\/\"]}]},{\"@type\":\"ImageObject\",\"inLanguage\":\"es\",\"@id\":\"https:\\\/\\\/animosa.es\\\/blog\\\/10-propositos-feministas-para-volver-a-la-rutina-a-tope-de-poder-femenino\\\/#primaryimage\",\"url\":\"https:\\\/\\\/animosa.es\\\/blog\\\/wp-content\\\/uploads\\\/2019\\\/09\\\/Animosa_septiembre.jpg\",\"contentUrl\":\"https:\\\/\\\/animosa.es\\\/blog\\\/wp-content\\\/uploads\\\/2019\\\/09\\\/Animosa_septiembre.jpg\",\"width\":1920,\"height\":1200},{\"@type\":\"BreadcrumbList\",\"@id\":\"https:\\\/\\\/animosa.es\\\/blog\\\/10-propositos-feministas-para-volver-a-la-rutina-a-tope-de-poder-femenino\\\/#breadcrumb\",\"itemListElement\":[{\"@type\":\"ListItem\",\"position\":1,\"name\":\"Portada\",\"item\":\"https:\\\/\\\/animosa.es\\\/blog\\\/\"},{\"@type\":\"ListItem\",\"position\":2,\"name\":\"10 prop\u00f3sitos feministas para volver a la rutina a tope de poder femenino\"}]},{\"@type\":\"WebSite\",\"@id\":\"https:\\\/\\\/animosa.es\\\/blog\\\/#website\",\"url\":\"https:\\\/\\\/animosa.es\\\/blog\\\/\",\"name\":\"Animosa Blog\",\"description\":\"Alma y Coraje: Mujeres importantes e inspiradoras\",\"publisher\":{\"@id\":\"https:\\\/\\\/animosa.es\\\/blog\\\/#organization\"},\"potentialAction\":[{\"@type\":\"SearchAction\",\"target\":{\"@type\":\"EntryPoint\",\"urlTemplate\":\"https:\\\/\\\/animosa.es\\\/blog\\\/?s={search_term_string}\"},\"query-input\":{\"@type\":\"PropertyValueSpecification\",\"valueRequired\":true,\"valueName\":\"search_term_string\"}}],\"inLanguage\":\"es\"},{\"@type\":\"Organization\",\"@id\":\"https:\\\/\\\/animosa.es\\\/blog\\\/#organization\",\"name\":\"Animosa\",\"url\":\"https:\\\/\\\/animosa.es\\\/blog\\\/\",\"logo\":{\"@type\":\"ImageObject\",\"inLanguage\":\"es\",\"@id\":\"https:\\\/\\\/animosa.es\\\/blog\\\/#\\\/schema\\\/logo\\\/image\\\/\",\"url\":\"https:\\\/\\\/animosa.es\\\/blog\\\/wp-content\\\/uploads\\\/2018\\\/11\\\/mi-tienda-logo-e1541405563290.png\",\"contentUrl\":\"https:\\\/\\\/animosa.es\\\/blog\\\/wp-content\\\/uploads\\\/2018\\\/11\\\/mi-tienda-logo-e1541405563290.png\",\"width\":170,\"height\":53,\"caption\":\"Animosa\"},\"image\":{\"@id\":\"https:\\\/\\\/animosa.es\\\/blog\\\/#\\\/schema\\\/logo\\\/image\\\/\"},\"sameAs\":[\"https:\\\/\\\/www.facebook.com\\\/animosaoficial\",\"https:\\\/\\\/x.com\\\/animosaoficial\",\"https:\\\/\\\/www.instagram.com\\\/animosaoficial\\\/\",\"https:\\\/\\\/www.pinterest.es\\\/animosaoficial\\\/\",\"https:\\\/\\\/www.youtube.com\\\/channel\\\/UCvpO4cBfsjLILe9zJnR_krw\"]},{\"@type\":\"Person\",\"@id\":\"https:\\\/\\\/animosa.es\\\/blog\\\/#\\\/schema\\\/person\\\/c63bf54d9b5b4afb33c6556c3ea84842\",\"name\":\"Abril Camino\",\"url\":\"https:\\\/\\\/animosa.es\\\/blog\\\/author\\\/comunicacion\\\/\"}]}<\/script>\n<!-- \/ Yoast SEO plugin. -->","yoast_head_json":{"title":"10 prop\u00f3sitos feministas para volver a la rutina a tope de poder femenino","description":"Es septiembre, tiempo de buenos prop\u00f3sitos feministas. En Animosa hemos hecho los nuestros. Diez ideas para empoderarnos en el d\u00eda a d\u00eda.","robots":{"index":"index","follow":"follow","max-snippet":"max-snippet:-1","max-image-preview":"max-image-preview:large","max-video-preview":"max-video-preview:-1"},"canonical":"https:\/\/animosa.es\/blog\/10-propositos-feministas-para-volver-a-la-rutina-a-tope-de-poder-femenino\/","og_locale":"es_ES","og_type":"article","og_title":"10 prop\u00f3sitos feministas para volver a la rutina a tope de poder femenino","og_description":"Es septiembre, tiempo de buenos prop\u00f3sitos feministas. En Animosa hemos hecho los nuestros. Diez ideas para empoderarnos en el d\u00eda a d\u00eda.","og_url":"https:\/\/animosa.es\/blog\/10-propositos-feministas-para-volver-a-la-rutina-a-tope-de-poder-femenino\/","og_site_name":"Animosa Blog","article_publisher":"https:\/\/www.facebook.com\/animosaoficial","article_published_time":"2019-09-11T14:00:26+00:00","article_modified_time":"2022-04-20T15:09:08+00:00","og_image":[{"width":1920,"height":1200,"url":"https:\/\/animosa.es\/blog\/wp-content\/uploads\/2019\/09\/Animosa_septiembre.jpg","type":"image\/jpeg"}],"author":"Abril Camino","twitter_card":"summary_large_image","twitter_creator":"@animosaoficial","twitter_site":"@animosaoficial","twitter_misc":{"Escrito por":"Abril Camino","Tiempo de lectura":"5 minutos"},"schema":{"@context":"https:\/\/schema.org","@graph":[{"@type":"Article","@id":"https:\/\/animosa.es\/blog\/10-propositos-feministas-para-volver-a-la-rutina-a-tope-de-poder-femenino\/#article","isPartOf":{"@id":"https:\/\/animosa.es\/blog\/10-propositos-feministas-para-volver-a-la-rutina-a-tope-de-poder-femenino\/"},"author":{"name":"Abril Camino","@id":"https:\/\/animosa.es\/blog\/#\/schema\/person\/c63bf54d9b5b4afb33c6556c3ea84842"},"headline":"10 prop\u00f3sitos feministas para volver a la rutina a tope de poder femenino","datePublished":"2019-09-11T14:00:26+00:00","dateModified":"2022-04-20T15:09:08+00:00","mainEntityOfPage":{"@id":"https:\/\/animosa.es\/blog\/10-propositos-feministas-para-volver-a-la-rutina-a-tope-de-poder-femenino\/"},"wordCount":1048,"commentCount":0,"publisher":{"@id":"https:\/\/animosa.es\/blog\/#organization"},"image":{"@id":"https:\/\/animosa.es\/blog\/10-propositos-feministas-para-volver-a-la-rutina-a-tope-de-poder-femenino\/#primaryimage"},"thumbnailUrl":"https:\/\/animosa.es\/blog\/wp-content\/uploads\/2019\/09\/Animosa_septiembre.jpg","keywords":["Empoderamiento","Feminismo","Girl power","Poder femenino"],"articleSection":["Poder femenino"],"inLanguage":"es","potentialAction":[{"@type":"CommentAction","name":"Comment","target":["https:\/\/animosa.es\/blog\/10-propositos-feministas-para-volver-a-la-rutina-a-tope-de-poder-femenino\/#respond"]}]},{"@type":"WebPage","@id":"https:\/\/animosa.es\/blog\/10-propositos-feministas-para-volver-a-la-rutina-a-tope-de-poder-femenino\/","url":"https:\/\/animosa.es\/blog\/10-propositos-feministas-para-volver-a-la-rutina-a-tope-de-poder-femenino\/","name":"10 prop\u00f3sitos feministas para volver a la rutina a tope de poder femenino","isPartOf":{"@id":"https:\/\/animosa.es\/blog\/#website"},"primaryImageOfPage":{"@id":"https:\/\/animosa.es\/blog\/10-propositos-feministas-para-volver-a-la-rutina-a-tope-de-poder-femenino\/#primaryimage"},"image":{"@id":"https:\/\/animosa.es\/blog\/10-propositos-feministas-para-volver-a-la-rutina-a-tope-de-poder-femenino\/#primaryimage"},"thumbnailUrl":"https:\/\/animosa.es\/blog\/wp-content\/uploads\/2019\/09\/Animosa_septiembre.jpg","datePublished":"2019-09-11T14:00:26+00:00","dateModified":"2022-04-20T15:09:08+00:00","description":"Es septiembre, tiempo de buenos prop\u00f3sitos feministas. En Animosa hemos hecho los nuestros. Diez ideas para empoderarnos en el d\u00eda a d\u00eda.","breadcrumb":{"@id":"https:\/\/animosa.es\/blog\/10-propositos-feministas-para-volver-a-la-rutina-a-tope-de-poder-femenino\/#breadcrumb"},"inLanguage":"es","potentialAction":[{"@type":"ReadAction","target":["https:\/\/animosa.es\/blog\/10-propositos-feministas-para-volver-a-la-rutina-a-tope-de-poder-femenino\/"]}]},{"@type":"ImageObject","inLanguage":"es","@id":"https:\/\/animosa.es\/blog\/10-propositos-feministas-para-volver-a-la-rutina-a-tope-de-poder-femenino\/#primaryimage","url":"https:\/\/animosa.es\/blog\/wp-content\/uploads\/2019\/09\/Animosa_septiembre.jpg","contentUrl":"https:\/\/animosa.es\/blog\/wp-content\/uploads\/2019\/09\/Animosa_septiembre.jpg","width":1920,"height":1200},{"@type":"BreadcrumbList","@id":"https:\/\/animosa.es\/blog\/10-propositos-feministas-para-volver-a-la-rutina-a-tope-de-poder-femenino\/#breadcrumb","itemListElement":[{"@type":"ListItem","position":1,"name":"Portada","item":"https:\/\/animosa.es\/blog\/"},{"@type":"ListItem","position":2,"name":"10 prop\u00f3sitos feministas para volver a la rutina a tope de poder femenino"}]},{"@type":"WebSite","@id":"https:\/\/animosa.es\/blog\/#website","url":"https:\/\/animosa.es\/blog\/","name":"Animosa Blog","description":"Alma y Coraje: Mujeres importantes e inspiradoras","publisher":{"@id":"https:\/\/animosa.es\/blog\/#organization"},"potentialAction":[{"@type":"SearchAction","target":{"@type":"EntryPoint","urlTemplate":"https:\/\/animosa.es\/blog\/?s={search_term_string}"},"query-input":{"@type":"PropertyValueSpecification","valueRequired":true,"valueName":"search_term_string"}}],"inLanguage":"es"},{"@type":"Organization","@id":"https:\/\/animosa.es\/blog\/#organization","name":"Animosa","url":"https:\/\/animosa.es\/blog\/","logo":{"@type":"ImageObject","inLanguage":"es","@id":"https:\/\/animosa.es\/blog\/#\/schema\/logo\/image\/","url":"https:\/\/animosa.es\/blog\/wp-content\/uploads\/2018\/11\/mi-tienda-logo-e1541405563290.png","contentUrl":"https:\/\/animosa.es\/blog\/wp-content\/uploads\/2018\/11\/mi-tienda-logo-e1541405563290.png","width":170,"height":53,"caption":"Animosa"},"image":{"@id":"https:\/\/animosa.es\/blog\/#\/schema\/logo\/image\/"},"sameAs":["https:\/\/www.facebook.com\/animosaoficial","https:\/\/x.com\/animosaoficial","https:\/\/www.instagram.com\/animosaoficial\/","https:\/\/www.pinterest.es\/animosaoficial\/","https:\/\/www.youtube.com\/channel\/UCvpO4cBfsjLILe9zJnR_krw"]},{"@type":"Person","@id":"https:\/\/animosa.es\/blog\/#\/schema\/person\/c63bf54d9b5b4afb33c6556c3ea84842","name":"Abril Camino","url":"https:\/\/animosa.es\/blog\/author\/comunicacion\/"}]}},"_links":{"self":[{"href":"https:\/\/animosa.es\/blog\/wp-json\/wp\/v2\/posts\/453","targetHints":{"allow":["GET"]}}],"collection":[{"href":"https:\/\/animosa.es\/blog\/wp-json\/wp\/v2\/posts"}],"about":[{"href":"https:\/\/animosa.es\/blog\/wp-json\/wp\/v2\/types\/post"}],"author":[{"embeddable":true,"href":"https:\/\/animosa.es\/blog\/wp-json\/wp\/v2\/users\/5"}],"replies":[{"embeddable":true,"href":"https:\/\/animosa.es\/blog\/wp-json\/wp\/v2\/comments?post=453"}],"version-history":[{"count":10,"href":"https:\/\/animosa.es\/blog\/wp-json\/wp\/v2\/posts\/453\/revisions"}],"predecessor-version":[{"id":528,"href":"https:\/\/animosa.es\/blog\/wp-json\/wp\/v2\/posts\/453\/revisions\/528"}],"wp:featuredmedia":[{"embeddable":true,"href":"https:\/\/animosa.es\/blog\/wp-json\/wp\/v2\/media\/458"}],"wp:attachment":[{"href":"https:\/\/animosa.es\/blog\/wp-json\/wp\/v2\/media?parent=453"}],"wp:term":[{"taxonomy":"category","embeddable":true,"href":"https:\/\/animosa.es\/blog\/wp-json\/wp\/v2\/categories?post=453"},{"taxonomy":"post_tag","embeddable":true,"href":"https:\/\/animosa.es\/blog\/wp-json\/wp\/v2\/tags?post=453"}],"curies":[{"name":"wp","href":"https:\/\/api.w.org\/{rel}","templated":true}]}}