{"id":542,"date":"2019-11-25T12:00:43","date_gmt":"2019-11-25T11:00:43","guid":{"rendered":"https:\/\/animosa.es\/blog\/?p=542"},"modified":"2022-04-20T17:09:08","modified_gmt":"2022-04-20T15:09:08","slug":"dia-internacional-para-la-eliminacion-de-la-violencia-contra-la-mujer-basta-ya","status":"publish","type":"post","link":"https:\/\/animosa.es\/blog\/dia-internacional-para-la-eliminacion-de-la-violencia-contra-la-mujer-basta-ya\/","title":{"rendered":"D\u00eda Internacional para la Eliminaci\u00f3n de la Violencia contra la Mujer: basta ya"},"content":{"rendered":"\n<p>Hoy es el <strong>D\u00eda Internacional para la Eliminaci\u00f3n de la Violencia contra la Mujer<\/strong>. Se celebra cada a\u00f1o el <strong>25 de noviembre<\/strong> desde 1999 en todo el mundo, aunque ya desde 1981 algunos pa\u00edses lo conmemoraban. Y ya sab\u00e9is que en Animosa nos gusta mirar a la vida con una sonrisa, un kilo de sororidad y una tonelada de empoderamiento. Pero cuando en una misma frase aparecen las palabras \u00abviolencia\u00bb y \u00abmujer\u00bb, se nos atraganta el optimismo. Cuando las o\u00edmos juntas a diario en las noticias, solo podemos responder con otras dos palabras: basta ya.<\/p>\n\n\n\n<!--more-->\n\n\n\n<p>Violencia es que, en lo que va de a\u00f1o, <a rel=\"noreferrer noopener\" href=\"https:\/\/elpais.com\/sociedad\/2019\/02\/06\/actualidad\/1549439631_636546.html\" target=\"_blank\">cincuenta mujeres hayan sido asesinadas<\/a> en Espa\u00f1a a manos de sus parejas o exparejas. El mismo n\u00famero que en todo 2018. <strong>M\u00e1s de mil mujeres <\/strong>desde que se empez\u00f3 a contabilizar de forma espec\u00edfica la violencia machista, en 2003. <a rel=\"noreferrer noopener\" href=\"https:\/\/www.heraldo.es\/noticias\/aragon\/teruel\/2019\/08\/08\/treinta-menores-asesinados-por-sus-padres-desde-2013-1328986.html\" target=\"_blank\">Treinta ni\u00f1os<\/a> han sido asesinados en los \u00faltimos a\u00f1os por sus padres o padrastros para hacer da\u00f1o a sus madres, quiz\u00e1 en <strong>la forma m\u00e1s retorcida y cruel de violencia machista<\/strong>. <a rel=\"noreferrer noopener\" href=\"https:\/\/www.bbc.com\/mundo\/noticias-internacional-46342533\" target=\"_blank\">Seg\u00fan Naciones Unidas<\/a>, cada d\u00eda son asesinadas 137 mujeres en el mundo por razones de g\u00e9nero. <\/p>\n\n\n\n<figure class=\"wp-block-image\"><img loading=\"lazy\" decoding=\"async\" width=\"960\" height=\"720\" src=\"https:\/\/animosa.es\/blog\/wp-content\/uploads\/2019\/11\/libres-vivas-plenas.jpg\" alt=\"Camiseta Animosa libres, vivas y plenas\" class=\"wp-image-547\" srcset=\"https:\/\/animosa.es\/blog\/wp-content\/uploads\/2019\/11\/libres-vivas-plenas.jpg 960w, https:\/\/animosa.es\/blog\/wp-content\/uploads\/2019\/11\/libres-vivas-plenas-300x225.jpg 300w, https:\/\/animosa.es\/blog\/wp-content\/uploads\/2019\/11\/libres-vivas-plenas-768x576.jpg 768w, https:\/\/animosa.es\/blog\/wp-content\/uploads\/2019\/11\/libres-vivas-plenas-640x480.jpg 640w, https:\/\/animosa.es\/blog\/wp-content\/uploads\/2019\/11\/libres-vivas-plenas-24x18.jpg 24w, https:\/\/animosa.es\/blog\/wp-content\/uploads\/2019\/11\/libres-vivas-plenas-36x27.jpg 36w, https:\/\/animosa.es\/blog\/wp-content\/uploads\/2019\/11\/libres-vivas-plenas-48x36.jpg 48w\" sizes=\"auto, (max-width: 767px) 89vw, (max-width: 1000px) 54vw, (max-width: 1071px) 543px, 580px\" \/><\/figure>\n\n\n\n<p>Violencia es que <strong>cinco bestias contra una chica de catorce a\u00f1os no se considere violaci\u00f3n<\/strong>. Saber que si nos violan estando inconscientes <a rel=\"noreferrer noopener\" aria-label=\"no ser\u00e1 agresi\u00f3n (abre en una nueva pesta\u00f1a)\" href=\"https:\/\/elpais.com\/sociedad\/2019\/11\/04\/actualidad\/1572888388_416200.html\" target=\"_blank\">no ser\u00e1 agresi\u00f3n<\/a> porque no hemos dicho no. Saber que muchas de las que se resistieron est\u00e1n muertas. Y que las que no, son puestas en duda y hasta sus datos acaban circulando libremente en las redes.<\/p>\n\n\n\n<p>Violencia es que haya aproximadamente <a rel=\"noreferrer noopener\" aria-label=\"1.000 (abre en una nueva pesta\u00f1a)\" href=\"https:\/\/www.acidviolence.org\/a-worldwide-problem.html\" target=\"_blank\">1.000<\/a> <strong>agresiones con \u00e1cido<\/strong> cada a\u00f1o a mujeres en todo el mundo. Se calcula que, solo en la India, se registran <a rel=\"noreferrer noopener\" aria-label=\"a la semana tres ataques (abre en una nueva pesta\u00f1a)\" href=\"https:\/\/www.elconfidencial.com\/mundo\/2019-08-25\/india-acido-victimas-mujeres_2185823\/\" target=\"_blank\">a la semana tres ataques<\/a> de este tipo. Son ataques que van m\u00e1s all\u00e1 de matar a la v\u00edctima; pretenden avergonzarla y marcarla de por vida. Y lo consiguen.<\/p>\n\n\n\n<figure class=\"wp-block-image\"><img loading=\"lazy\" decoding=\"async\" width=\"1920\" height=\"1200\" src=\"https:\/\/animosa.es\/blog\/wp-content\/uploads\/2019\/11\/ni-una-menos.jpg\" alt=\"D\u00eda Internacional para la Eliminaci\u00f3n de la Violencia contra la Mujer: \u00a1ni una menos!\" class=\"wp-image-548\" srcset=\"https:\/\/animosa.es\/blog\/wp-content\/uploads\/2019\/11\/ni-una-menos.jpg 1920w, https:\/\/animosa.es\/blog\/wp-content\/uploads\/2019\/11\/ni-una-menos-300x188.jpg 300w, https:\/\/animosa.es\/blog\/wp-content\/uploads\/2019\/11\/ni-una-menos-768x480.jpg 768w, https:\/\/animosa.es\/blog\/wp-content\/uploads\/2019\/11\/ni-una-menos-640x400.jpg 640w, https:\/\/animosa.es\/blog\/wp-content\/uploads\/2019\/11\/ni-una-menos-24x15.jpg 24w, https:\/\/animosa.es\/blog\/wp-content\/uploads\/2019\/11\/ni-una-menos-36x23.jpg 36w, https:\/\/animosa.es\/blog\/wp-content\/uploads\/2019\/11\/ni-una-menos-48x30.jpg 48w\" sizes=\"auto, (max-width: 767px) 89vw, (max-width: 1000px) 54vw, (max-width: 1071px) 543px, 580px\" \/><\/figure>\n\n\n\n<p>Violencia es que <a rel=\"noreferrer noopener\" aria-label=\"200 millones (abre en una nueva pesta\u00f1a)\" href=\"https:\/\/www.unicef.es\/noticia\/stopmgf-200-millones-de-ninas-y-mujeres-han-sufrido-mutilacion-genital-femenina\" target=\"_blank\">200 millones<\/a> de mujeres y ni\u00f1as en todo el mundo sufran la <strong>mutilaci\u00f3n genital femenina<\/strong>. 44 millones de ellas son ni\u00f1as menores de 14 a\u00f1os. Muchas de estas mujeres y ni\u00f1as mueren desangradas. Los c\u00e1lculos m\u00e1s optimistas de Naciones Unidas consideran que esta pr\u00e1ctica <a href=\"https:\/\/www.unfpa.org\/press\/eliminate-female-genital-mutilation-2030-say-unfpa-and-unicef?page=3\" target=\"_blank\" rel=\"noreferrer noopener\" aria-label=\"podr\u00eda desaparecer en 2030 (abre en una nueva pesta\u00f1a)\">podr\u00eda desaparecer en 2030<\/a>, aunque en estos momentos no deja de aumentar su frecuencia.<\/p>\n\n\n\n<p>La violencia contra las mujeres se escribe con muchos datos. Leerlos todos juntos da a veces ganas de tirar la toalla. Pero, muchas m\u00e1s veces, es <strong>la gasolina que necesitamos para poner en marcha el motor del cambio<\/strong>. Es hora de que esto se acabe, ya ha durado demasiado. Seguiremos levantando la voz ante la opresi\u00f3n, seguiremos haciendo resonar nuestra voz, seguiremos siendo contundentes, actuando, que ninguna hermana se sienta sola ante la violencia. Y lo haremos con el sue\u00f1o de que <strong>alg\u00fan d\u00eda ni siquiera el D\u00eda Internacional para la Eliminaci\u00f3n de la Violencia contra la Mujer sea necesario<\/strong>.<\/p>\n","protected":false},"excerpt":{"rendered":"<p>Hoy es el D\u00eda Internacional para la Eliminaci\u00f3n de la Violencia contra la Mujer. Se celebra cada a\u00f1o el 25 de noviembre desde 1999 en todo el mundo, aunque ya desde 1981 algunos pa\u00edses lo conmemoraban. Y ya sab\u00e9is que en Animosa nos gusta mirar a la vida con una sonrisa, un kilo de sororidad &hellip; <\/p>\n<p class=\"link-more\"><a href=\"https:\/\/animosa.es\/blog\/dia-internacional-para-la-eliminacion-de-la-violencia-contra-la-mujer-basta-ya\/\" class=\"more-link\">Continuar leyendo<span class=\"screen-reader-text\"> \u00abD\u00eda Internacional para la Eliminaci\u00f3n de la Violencia contra la Mujer: basta ya\u00bb<\/span><\/a><\/p>\n","protected":false},"author":5,"featured_media":548,"comment_status":"open","ping_status":"closed","sticky":false,"template":"","format":"standard","meta":{"_monsterinsights_skip_tracking":false,"_monsterinsights_sitenote_active":false,"_monsterinsights_sitenote_note":"","_monsterinsights_sitenote_category":0,"footnotes":""},"categories":[10],"tags":[5,52,50],"class_list":["post-542","post","type-post","status-publish","format-standard","has-post-thumbnail","hentry","category-poder-femenino","tag-feminismo","tag-libres-vivas-y-plenas","tag-violencia-machista"],"yoast_head":"<!-- This site is optimized with the Yoast SEO plugin v27.4 - https:\/\/yoast.com\/product\/yoast-seo-wordpress\/ -->\n<title>D\u00eda Internacional para la Eliminaci\u00f3n de la Violencia contra la Mujer: basta ya<\/title>\n<meta name=\"description\" content=\"Hoy es el D\u00eda Internacional para la Eliminaci\u00f3n de la Violencia contra la Mujer: ah\u00ed muchos tipos de violencia y queremos combatirlos todos\" \/>\n<meta name=\"robots\" content=\"index, follow, max-snippet:-1, max-image-preview:large, max-video-preview:-1\" \/>\n<link rel=\"canonical\" href=\"https:\/\/animosa.es\/blog\/dia-internacional-para-la-eliminacion-de-la-violencia-contra-la-mujer-basta-ya\/\" \/>\n<meta property=\"og:locale\" content=\"es_ES\" \/>\n<meta property=\"og:type\" content=\"article\" \/>\n<meta property=\"og:title\" content=\"D\u00eda Internacional para la Eliminaci\u00f3n de la Violencia contra la Mujer: basta ya\" \/>\n<meta property=\"og:description\" content=\"Hoy es el D\u00eda Internacional para la Eliminaci\u00f3n de la Violencia contra la Mujer: ah\u00ed muchos tipos de violencia y queremos combatirlos todos\" \/>\n<meta property=\"og:url\" content=\"https:\/\/animosa.es\/blog\/dia-internacional-para-la-eliminacion-de-la-violencia-contra-la-mujer-basta-ya\/\" \/>\n<meta property=\"og:site_name\" content=\"Animosa Blog\" \/>\n<meta property=\"article:publisher\" content=\"https:\/\/www.facebook.com\/animosaoficial\" \/>\n<meta property=\"article:published_time\" content=\"2019-11-25T11:00:43+00:00\" \/>\n<meta property=\"article:modified_time\" content=\"2022-04-20T15:09:08+00:00\" \/>\n<meta property=\"og:image\" content=\"https:\/\/animosa.es\/blog\/wp-content\/uploads\/2019\/11\/ni-una-menos.jpg\" \/>\n\t<meta property=\"og:image:width\" content=\"1920\" \/>\n\t<meta property=\"og:image:height\" content=\"1200\" \/>\n\t<meta property=\"og:image:type\" content=\"image\/jpeg\" \/>\n<meta name=\"author\" content=\"Abril Camino\" \/>\n<meta name=\"twitter:card\" content=\"summary_large_image\" \/>\n<meta name=\"twitter:creator\" content=\"@animosaoficial\" \/>\n<meta name=\"twitter:site\" content=\"@animosaoficial\" \/>\n<meta name=\"twitter:label1\" content=\"Escrito por\" \/>\n\t<meta name=\"twitter:data1\" content=\"Abril Camino\" \/>\n\t<meta name=\"twitter:label2\" content=\"Tiempo de lectura\" \/>\n\t<meta name=\"twitter:data2\" content=\"2 minutos\" \/>\n<script type=\"application\/ld+json\" class=\"yoast-schema-graph\">{\"@context\":\"https:\\\/\\\/schema.org\",\"@graph\":[{\"@type\":\"Article\",\"@id\":\"https:\\\/\\\/animosa.es\\\/blog\\\/dia-internacional-para-la-eliminacion-de-la-violencia-contra-la-mujer-basta-ya\\\/#article\",\"isPartOf\":{\"@id\":\"https:\\\/\\\/animosa.es\\\/blog\\\/dia-internacional-para-la-eliminacion-de-la-violencia-contra-la-mujer-basta-ya\\\/\"},\"author\":{\"name\":\"Abril Camino\",\"@id\":\"https:\\\/\\\/animosa.es\\\/blog\\\/#\\\/schema\\\/person\\\/c63bf54d9b5b4afb33c6556c3ea84842\"},\"headline\":\"D\u00eda Internacional para la Eliminaci\u00f3n de la Violencia contra la Mujer: basta ya\",\"datePublished\":\"2019-11-25T11:00:43+00:00\",\"dateModified\":\"2022-04-20T15:09:08+00:00\",\"mainEntityOfPage\":{\"@id\":\"https:\\\/\\\/animosa.es\\\/blog\\\/dia-internacional-para-la-eliminacion-de-la-violencia-contra-la-mujer-basta-ya\\\/\"},\"wordCount\":510,\"commentCount\":0,\"publisher\":{\"@id\":\"https:\\\/\\\/animosa.es\\\/blog\\\/#organization\"},\"image\":{\"@id\":\"https:\\\/\\\/animosa.es\\\/blog\\\/dia-internacional-para-la-eliminacion-de-la-violencia-contra-la-mujer-basta-ya\\\/#primaryimage\"},\"thumbnailUrl\":\"https:\\\/\\\/animosa.es\\\/blog\\\/wp-content\\\/uploads\\\/2019\\\/11\\\/ni-una-menos.jpg\",\"keywords\":[\"Feminismo\",\"libres vivas y plenas\",\"violencia machista\"],\"articleSection\":[\"Poder femenino\"],\"inLanguage\":\"es\",\"potentialAction\":[{\"@type\":\"CommentAction\",\"name\":\"Comment\",\"target\":[\"https:\\\/\\\/animosa.es\\\/blog\\\/dia-internacional-para-la-eliminacion-de-la-violencia-contra-la-mujer-basta-ya\\\/#respond\"]}]},{\"@type\":\"WebPage\",\"@id\":\"https:\\\/\\\/animosa.es\\\/blog\\\/dia-internacional-para-la-eliminacion-de-la-violencia-contra-la-mujer-basta-ya\\\/\",\"url\":\"https:\\\/\\\/animosa.es\\\/blog\\\/dia-internacional-para-la-eliminacion-de-la-violencia-contra-la-mujer-basta-ya\\\/\",\"name\":\"D\u00eda Internacional para la Eliminaci\u00f3n de la Violencia contra la Mujer: basta ya\",\"isPartOf\":{\"@id\":\"https:\\\/\\\/animosa.es\\\/blog\\\/#website\"},\"primaryImageOfPage\":{\"@id\":\"https:\\\/\\\/animosa.es\\\/blog\\\/dia-internacional-para-la-eliminacion-de-la-violencia-contra-la-mujer-basta-ya\\\/#primaryimage\"},\"image\":{\"@id\":\"https:\\\/\\\/animosa.es\\\/blog\\\/dia-internacional-para-la-eliminacion-de-la-violencia-contra-la-mujer-basta-ya\\\/#primaryimage\"},\"thumbnailUrl\":\"https:\\\/\\\/animosa.es\\\/blog\\\/wp-content\\\/uploads\\\/2019\\\/11\\\/ni-una-menos.jpg\",\"datePublished\":\"2019-11-25T11:00:43+00:00\",\"dateModified\":\"2022-04-20T15:09:08+00:00\",\"description\":\"Hoy es el D\u00eda Internacional para la Eliminaci\u00f3n de la Violencia contra la Mujer: ah\u00ed muchos tipos de violencia y queremos combatirlos todos\",\"breadcrumb\":{\"@id\":\"https:\\\/\\\/animosa.es\\\/blog\\\/dia-internacional-para-la-eliminacion-de-la-violencia-contra-la-mujer-basta-ya\\\/#breadcrumb\"},\"inLanguage\":\"es\",\"potentialAction\":[{\"@type\":\"ReadAction\",\"target\":[\"https:\\\/\\\/animosa.es\\\/blog\\\/dia-internacional-para-la-eliminacion-de-la-violencia-contra-la-mujer-basta-ya\\\/\"]}]},{\"@type\":\"ImageObject\",\"inLanguage\":\"es\",\"@id\":\"https:\\\/\\\/animosa.es\\\/blog\\\/dia-internacional-para-la-eliminacion-de-la-violencia-contra-la-mujer-basta-ya\\\/#primaryimage\",\"url\":\"https:\\\/\\\/animosa.es\\\/blog\\\/wp-content\\\/uploads\\\/2019\\\/11\\\/ni-una-menos.jpg\",\"contentUrl\":\"https:\\\/\\\/animosa.es\\\/blog\\\/wp-content\\\/uploads\\\/2019\\\/11\\\/ni-una-menos.jpg\",\"width\":1920,\"height\":1200},{\"@type\":\"BreadcrumbList\",\"@id\":\"https:\\\/\\\/animosa.es\\\/blog\\\/dia-internacional-para-la-eliminacion-de-la-violencia-contra-la-mujer-basta-ya\\\/#breadcrumb\",\"itemListElement\":[{\"@type\":\"ListItem\",\"position\":1,\"name\":\"Portada\",\"item\":\"https:\\\/\\\/animosa.es\\\/blog\\\/\"},{\"@type\":\"ListItem\",\"position\":2,\"name\":\"D\u00eda Internacional para la Eliminaci\u00f3n de la Violencia contra la Mujer: basta ya\"}]},{\"@type\":\"WebSite\",\"@id\":\"https:\\\/\\\/animosa.es\\\/blog\\\/#website\",\"url\":\"https:\\\/\\\/animosa.es\\\/blog\\\/\",\"name\":\"Animosa Blog\",\"description\":\"Alma y Coraje: Mujeres importantes e inspiradoras\",\"publisher\":{\"@id\":\"https:\\\/\\\/animosa.es\\\/blog\\\/#organization\"},\"potentialAction\":[{\"@type\":\"SearchAction\",\"target\":{\"@type\":\"EntryPoint\",\"urlTemplate\":\"https:\\\/\\\/animosa.es\\\/blog\\\/?s={search_term_string}\"},\"query-input\":{\"@type\":\"PropertyValueSpecification\",\"valueRequired\":true,\"valueName\":\"search_term_string\"}}],\"inLanguage\":\"es\"},{\"@type\":\"Organization\",\"@id\":\"https:\\\/\\\/animosa.es\\\/blog\\\/#organization\",\"name\":\"Animosa\",\"url\":\"https:\\\/\\\/animosa.es\\\/blog\\\/\",\"logo\":{\"@type\":\"ImageObject\",\"inLanguage\":\"es\",\"@id\":\"https:\\\/\\\/animosa.es\\\/blog\\\/#\\\/schema\\\/logo\\\/image\\\/\",\"url\":\"https:\\\/\\\/animosa.es\\\/blog\\\/wp-content\\\/uploads\\\/2018\\\/11\\\/mi-tienda-logo-e1541405563290.png\",\"contentUrl\":\"https:\\\/\\\/animosa.es\\\/blog\\\/wp-content\\\/uploads\\\/2018\\\/11\\\/mi-tienda-logo-e1541405563290.png\",\"width\":170,\"height\":53,\"caption\":\"Animosa\"},\"image\":{\"@id\":\"https:\\\/\\\/animosa.es\\\/blog\\\/#\\\/schema\\\/logo\\\/image\\\/\"},\"sameAs\":[\"https:\\\/\\\/www.facebook.com\\\/animosaoficial\",\"https:\\\/\\\/x.com\\\/animosaoficial\",\"https:\\\/\\\/www.instagram.com\\\/animosaoficial\\\/\",\"https:\\\/\\\/www.pinterest.es\\\/animosaoficial\\\/\",\"https:\\\/\\\/www.youtube.com\\\/channel\\\/UCvpO4cBfsjLILe9zJnR_krw\"]},{\"@type\":\"Person\",\"@id\":\"https:\\\/\\\/animosa.es\\\/blog\\\/#\\\/schema\\\/person\\\/c63bf54d9b5b4afb33c6556c3ea84842\",\"name\":\"Abril Camino\",\"url\":\"https:\\\/\\\/animosa.es\\\/blog\\\/author\\\/comunicacion\\\/\"}]}<\/script>\n<!-- \/ Yoast SEO plugin. -->","yoast_head_json":{"title":"D\u00eda Internacional para la Eliminaci\u00f3n de la Violencia contra la Mujer: basta ya","description":"Hoy es el D\u00eda Internacional para la Eliminaci\u00f3n de la Violencia contra la Mujer: ah\u00ed muchos tipos de violencia y queremos combatirlos todos","robots":{"index":"index","follow":"follow","max-snippet":"max-snippet:-1","max-image-preview":"max-image-preview:large","max-video-preview":"max-video-preview:-1"},"canonical":"https:\/\/animosa.es\/blog\/dia-internacional-para-la-eliminacion-de-la-violencia-contra-la-mujer-basta-ya\/","og_locale":"es_ES","og_type":"article","og_title":"D\u00eda Internacional para la Eliminaci\u00f3n de la Violencia contra la Mujer: basta ya","og_description":"Hoy es el D\u00eda Internacional para la Eliminaci\u00f3n de la Violencia contra la Mujer: ah\u00ed muchos tipos de violencia y queremos combatirlos todos","og_url":"https:\/\/animosa.es\/blog\/dia-internacional-para-la-eliminacion-de-la-violencia-contra-la-mujer-basta-ya\/","og_site_name":"Animosa Blog","article_publisher":"https:\/\/www.facebook.com\/animosaoficial","article_published_time":"2019-11-25T11:00:43+00:00","article_modified_time":"2022-04-20T15:09:08+00:00","og_image":[{"width":1920,"height":1200,"url":"https:\/\/animosa.es\/blog\/wp-content\/uploads\/2019\/11\/ni-una-menos.jpg","type":"image\/jpeg"}],"author":"Abril Camino","twitter_card":"summary_large_image","twitter_creator":"@animosaoficial","twitter_site":"@animosaoficial","twitter_misc":{"Escrito por":"Abril Camino","Tiempo de lectura":"2 minutos"},"schema":{"@context":"https:\/\/schema.org","@graph":[{"@type":"Article","@id":"https:\/\/animosa.es\/blog\/dia-internacional-para-la-eliminacion-de-la-violencia-contra-la-mujer-basta-ya\/#article","isPartOf":{"@id":"https:\/\/animosa.es\/blog\/dia-internacional-para-la-eliminacion-de-la-violencia-contra-la-mujer-basta-ya\/"},"author":{"name":"Abril Camino","@id":"https:\/\/animosa.es\/blog\/#\/schema\/person\/c63bf54d9b5b4afb33c6556c3ea84842"},"headline":"D\u00eda Internacional para la Eliminaci\u00f3n de la Violencia contra la Mujer: basta ya","datePublished":"2019-11-25T11:00:43+00:00","dateModified":"2022-04-20T15:09:08+00:00","mainEntityOfPage":{"@id":"https:\/\/animosa.es\/blog\/dia-internacional-para-la-eliminacion-de-la-violencia-contra-la-mujer-basta-ya\/"},"wordCount":510,"commentCount":0,"publisher":{"@id":"https:\/\/animosa.es\/blog\/#organization"},"image":{"@id":"https:\/\/animosa.es\/blog\/dia-internacional-para-la-eliminacion-de-la-violencia-contra-la-mujer-basta-ya\/#primaryimage"},"thumbnailUrl":"https:\/\/animosa.es\/blog\/wp-content\/uploads\/2019\/11\/ni-una-menos.jpg","keywords":["Feminismo","libres vivas y plenas","violencia machista"],"articleSection":["Poder femenino"],"inLanguage":"es","potentialAction":[{"@type":"CommentAction","name":"Comment","target":["https:\/\/animosa.es\/blog\/dia-internacional-para-la-eliminacion-de-la-violencia-contra-la-mujer-basta-ya\/#respond"]}]},{"@type":"WebPage","@id":"https:\/\/animosa.es\/blog\/dia-internacional-para-la-eliminacion-de-la-violencia-contra-la-mujer-basta-ya\/","url":"https:\/\/animosa.es\/blog\/dia-internacional-para-la-eliminacion-de-la-violencia-contra-la-mujer-basta-ya\/","name":"D\u00eda Internacional para la Eliminaci\u00f3n de la Violencia contra la Mujer: basta ya","isPartOf":{"@id":"https:\/\/animosa.es\/blog\/#website"},"primaryImageOfPage":{"@id":"https:\/\/animosa.es\/blog\/dia-internacional-para-la-eliminacion-de-la-violencia-contra-la-mujer-basta-ya\/#primaryimage"},"image":{"@id":"https:\/\/animosa.es\/blog\/dia-internacional-para-la-eliminacion-de-la-violencia-contra-la-mujer-basta-ya\/#primaryimage"},"thumbnailUrl":"https:\/\/animosa.es\/blog\/wp-content\/uploads\/2019\/11\/ni-una-menos.jpg","datePublished":"2019-11-25T11:00:43+00:00","dateModified":"2022-04-20T15:09:08+00:00","description":"Hoy es el D\u00eda Internacional para la Eliminaci\u00f3n de la Violencia contra la Mujer: ah\u00ed muchos tipos de violencia y queremos combatirlos todos","breadcrumb":{"@id":"https:\/\/animosa.es\/blog\/dia-internacional-para-la-eliminacion-de-la-violencia-contra-la-mujer-basta-ya\/#breadcrumb"},"inLanguage":"es","potentialAction":[{"@type":"ReadAction","target":["https:\/\/animosa.es\/blog\/dia-internacional-para-la-eliminacion-de-la-violencia-contra-la-mujer-basta-ya\/"]}]},{"@type":"ImageObject","inLanguage":"es","@id":"https:\/\/animosa.es\/blog\/dia-internacional-para-la-eliminacion-de-la-violencia-contra-la-mujer-basta-ya\/#primaryimage","url":"https:\/\/animosa.es\/blog\/wp-content\/uploads\/2019\/11\/ni-una-menos.jpg","contentUrl":"https:\/\/animosa.es\/blog\/wp-content\/uploads\/2019\/11\/ni-una-menos.jpg","width":1920,"height":1200},{"@type":"BreadcrumbList","@id":"https:\/\/animosa.es\/blog\/dia-internacional-para-la-eliminacion-de-la-violencia-contra-la-mujer-basta-ya\/#breadcrumb","itemListElement":[{"@type":"ListItem","position":1,"name":"Portada","item":"https:\/\/animosa.es\/blog\/"},{"@type":"ListItem","position":2,"name":"D\u00eda Internacional para la Eliminaci\u00f3n de la Violencia contra la Mujer: basta ya"}]},{"@type":"WebSite","@id":"https:\/\/animosa.es\/blog\/#website","url":"https:\/\/animosa.es\/blog\/","name":"Animosa Blog","description":"Alma y Coraje: Mujeres importantes e inspiradoras","publisher":{"@id":"https:\/\/animosa.es\/blog\/#organization"},"potentialAction":[{"@type":"SearchAction","target":{"@type":"EntryPoint","urlTemplate":"https:\/\/animosa.es\/blog\/?s={search_term_string}"},"query-input":{"@type":"PropertyValueSpecification","valueRequired":true,"valueName":"search_term_string"}}],"inLanguage":"es"},{"@type":"Organization","@id":"https:\/\/animosa.es\/blog\/#organization","name":"Animosa","url":"https:\/\/animosa.es\/blog\/","logo":{"@type":"ImageObject","inLanguage":"es","@id":"https:\/\/animosa.es\/blog\/#\/schema\/logo\/image\/","url":"https:\/\/animosa.es\/blog\/wp-content\/uploads\/2018\/11\/mi-tienda-logo-e1541405563290.png","contentUrl":"https:\/\/animosa.es\/blog\/wp-content\/uploads\/2018\/11\/mi-tienda-logo-e1541405563290.png","width":170,"height":53,"caption":"Animosa"},"image":{"@id":"https:\/\/animosa.es\/blog\/#\/schema\/logo\/image\/"},"sameAs":["https:\/\/www.facebook.com\/animosaoficial","https:\/\/x.com\/animosaoficial","https:\/\/www.instagram.com\/animosaoficial\/","https:\/\/www.pinterest.es\/animosaoficial\/","https:\/\/www.youtube.com\/channel\/UCvpO4cBfsjLILe9zJnR_krw"]},{"@type":"Person","@id":"https:\/\/animosa.es\/blog\/#\/schema\/person\/c63bf54d9b5b4afb33c6556c3ea84842","name":"Abril Camino","url":"https:\/\/animosa.es\/blog\/author\/comunicacion\/"}]}},"_links":{"self":[{"href":"https:\/\/animosa.es\/blog\/wp-json\/wp\/v2\/posts\/542","targetHints":{"allow":["GET"]}}],"collection":[{"href":"https:\/\/animosa.es\/blog\/wp-json\/wp\/v2\/posts"}],"about":[{"href":"https:\/\/animosa.es\/blog\/wp-json\/wp\/v2\/types\/post"}],"author":[{"embeddable":true,"href":"https:\/\/animosa.es\/blog\/wp-json\/wp\/v2\/users\/5"}],"replies":[{"embeddable":true,"href":"https:\/\/animosa.es\/blog\/wp-json\/wp\/v2\/comments?post=542"}],"version-history":[{"count":9,"href":"https:\/\/animosa.es\/blog\/wp-json\/wp\/v2\/posts\/542\/revisions"}],"predecessor-version":[{"id":554,"href":"https:\/\/animosa.es\/blog\/wp-json\/wp\/v2\/posts\/542\/revisions\/554"}],"wp:featuredmedia":[{"embeddable":true,"href":"https:\/\/animosa.es\/blog\/wp-json\/wp\/v2\/media\/548"}],"wp:attachment":[{"href":"https:\/\/animosa.es\/blog\/wp-json\/wp\/v2\/media?parent=542"}],"wp:term":[{"taxonomy":"category","embeddable":true,"href":"https:\/\/animosa.es\/blog\/wp-json\/wp\/v2\/categories?post=542"},{"taxonomy":"post_tag","embeddable":true,"href":"https:\/\/animosa.es\/blog\/wp-json\/wp\/v2\/tags?post=542"}],"curies":[{"name":"wp","href":"https:\/\/api.w.org\/{rel}","templated":true}]}}