{"id":590,"date":"2019-12-02T16:00:00","date_gmt":"2019-12-02T15:00:00","guid":{"rendered":"https:\/\/animosa.es\/blog\/?p=590"},"modified":"2022-04-20T17:09:08","modified_gmt":"2022-04-20T15:09:08","slug":"nueva-coleccion-animosa-primavera-verano","status":"publish","type":"post","link":"https:\/\/animosa.es\/blog\/nueva-coleccion-animosa-primavera-verano\/","title":{"rendered":"Nueva colecci\u00f3n Primavera-Verano Animosa, saliendo del horno&#8230;"},"content":{"rendered":"\n<p>Han sido muchos, muchos meses de trabajo. Esta semana nuestra <strong>NUEVA COLECCI\u00d3N ANIMOSA PRIMAVERA-VERANO<\/strong> empezar\u00e1 a llegar a nuestros puntos de venta oficiales y empezar\u00e9is a verla poco a poco. Nosotras estamos sac\u00e1ndole brillo y d\u00e1ndole los \u00faltimos retoques para tenerla <strong><a rel=\"noreferrer noopener\" aria-label=\"online el d\u00eda 15 (abre en una nueva pesta\u00f1a)\" href=\"https:\/\/animosa.es\/82-shop\" target=\"_blank\">online el d\u00eda 15<\/a>,<\/strong> pero quer\u00edamos daros hoy un adelanto y contaros antes que nadie que el resultado es incre\u00edble. As\u00ed. Sin reparos en decirlo. La calidad de las prendas, los acabados, los detalles y los mensajes. Creemos que es redonda. Pero sobre todo queremos aprovechar este espacio de m\u00e1s para recordaros que lo que nos mueve en cada colecci\u00f3n es imaginaros con ella. <\/p>\n\n\n\n<!--more-->\n\n\n\n<h2 class=\"wp-block-heading\"><strong>Nueva colecci\u00f3n Animosa Primavera-Verano<\/strong><\/h2>\n\n\n\n<p>Porque la <strong>Mujer Animosa<\/strong> es la que quiere hacerse visible, alzar la voz y caminar con la cabeza alta. La que sabe que <strong>el activismo no es un disfraz<\/strong> para encajar en la moda.  Porque estamos en un momento de la historia en el que callar nos hace c\u00f3mplices. Es el momento de actuar, de no normalizar ciertos discursos, de se\u00f1alar el machismo con el dedo y de <strong>ser valientes.<\/strong><\/p>\n\n\n\n<figure class=\"wp-block-image size-large\"><img loading=\"lazy\" decoding=\"async\" width=\"640\" height=\"480\" src=\"https:\/\/animosa.es\/blog\/wp-content\/uploads\/2019\/11\/Animosa_C9_brava-640x480.jpg\" alt=\"Nueva Colecci\u00f3n Animosa: Camiseta rockera brava\" class=\"wp-image-593\" srcset=\"https:\/\/animosa.es\/blog\/wp-content\/uploads\/2019\/11\/Animosa_C9_brava-640x480.jpg 640w, https:\/\/animosa.es\/blog\/wp-content\/uploads\/2019\/11\/Animosa_C9_brava-300x225.jpg 300w, https:\/\/animosa.es\/blog\/wp-content\/uploads\/2019\/11\/Animosa_C9_brava-768x576.jpg 768w, https:\/\/animosa.es\/blog\/wp-content\/uploads\/2019\/11\/Animosa_C9_brava-24x18.jpg 24w, https:\/\/animosa.es\/blog\/wp-content\/uploads\/2019\/11\/Animosa_C9_brava-36x27.jpg 36w, https:\/\/animosa.es\/blog\/wp-content\/uploads\/2019\/11\/Animosa_C9_brava-48x36.jpg 48w, https:\/\/animosa.es\/blog\/wp-content\/uploads\/2019\/11\/Animosa_C9_brava.jpg 960w\" sizes=\"auto, (max-width: 640px) 100vw, 640px\" \/><\/figure>\n\n\n\n<h2 class=\"wp-block-heading\"><strong>Orgullosas de ser radicales<\/strong><\/h2>\n\n\n\n<p>Hemos aprendido que <strong>nuestra forma de consumo es poder.<\/strong> Elegir el silencio o no ante ciertos actos empieza por la ropa que nos ponemos cada d\u00eda. Ya no vale con salir a la calle en determinadas fechas. Si la <strong>etiqueta de \u201cradical\u201d<\/strong> es un clich\u00e9 para callarnos, luzc\u00e1mosla con orgullo. Es hora de ser contundentes.<\/p>\n\n\n\n<figure class=\"wp-block-image size-large\"><img loading=\"lazy\" decoding=\"async\" width=\"640\" height=\"480\" src=\"https:\/\/animosa.es\/blog\/wp-content\/uploads\/2019\/11\/Animosa_C9_radical-640x480.jpg\" alt=\"Nueva Colecci\u00f3n Animosa: Sudadera Animal Print Radical\" class=\"wp-image-594\" srcset=\"https:\/\/animosa.es\/blog\/wp-content\/uploads\/2019\/11\/Animosa_C9_radical-640x480.jpg 640w, https:\/\/animosa.es\/blog\/wp-content\/uploads\/2019\/11\/Animosa_C9_radical-300x225.jpg 300w, https:\/\/animosa.es\/blog\/wp-content\/uploads\/2019\/11\/Animosa_C9_radical-768x576.jpg 768w, https:\/\/animosa.es\/blog\/wp-content\/uploads\/2019\/11\/Animosa_C9_radical-24x18.jpg 24w, https:\/\/animosa.es\/blog\/wp-content\/uploads\/2019\/11\/Animosa_C9_radical-36x27.jpg 36w, https:\/\/animosa.es\/blog\/wp-content\/uploads\/2019\/11\/Animosa_C9_radical-48x36.jpg 48w, https:\/\/animosa.es\/blog\/wp-content\/uploads\/2019\/11\/Animosa_C9_radical.jpg 960w\" sizes=\"auto, (max-width: 640px) 100vw, 640px\" \/><\/figure>\n\n\n\n<p>La Mujer Animosa es la que asume que <strong>somos hijas de nuestra historia,<\/strong> que lo que somos hoy es gracias a ellas. Esas mujeres que ocupan solo el 7% del contenido de los libros de texto. Referentes culturales y cient\u00edficos borrados de la historia. Pero no existe una historia sin mujeres ni una cultura sin mujeres.<\/p>\n\n\n\n<figure class=\"wp-block-image size-large\"><img loading=\"lazy\" decoding=\"async\" width=\"640\" height=\"480\" src=\"https:\/\/animosa.es\/blog\/wp-content\/uploads\/2019\/11\/Animosa_C9_esqueletos-640x480.jpg\" alt=\"Nueva Colecci\u00f3n Animosa: Camiseta frase c\u00e9lebre Emma Goldman\" class=\"wp-image-595\" srcset=\"https:\/\/animosa.es\/blog\/wp-content\/uploads\/2019\/11\/Animosa_C9_esqueletos-640x480.jpg 640w, https:\/\/animosa.es\/blog\/wp-content\/uploads\/2019\/11\/Animosa_C9_esqueletos-300x225.jpg 300w, https:\/\/animosa.es\/blog\/wp-content\/uploads\/2019\/11\/Animosa_C9_esqueletos-768x576.jpg 768w, https:\/\/animosa.es\/blog\/wp-content\/uploads\/2019\/11\/Animosa_C9_esqueletos-24x18.jpg 24w, https:\/\/animosa.es\/blog\/wp-content\/uploads\/2019\/11\/Animosa_C9_esqueletos-36x27.jpg 36w, https:\/\/animosa.es\/blog\/wp-content\/uploads\/2019\/11\/Animosa_C9_esqueletos-48x36.jpg 48w, https:\/\/animosa.es\/blog\/wp-content\/uploads\/2019\/11\/Animosa_C9_esqueletos.jpg 960w\" sizes=\"auto, (max-width: 640px) 100vw, 640px\" \/><figcaption>\u00abSi no puedo bailar, tu revoluci\u00f3n no me interesa\u00bb. <a href=\"https:\/\/es.wikipedia.org\/wiki\/Emma_Goldman\" target=\"_blank\" rel=\"noreferrer noopener\" aria-label=\"Emma Goldman. (abre en una nueva pesta\u00f1a)\">Emma Goldman.<\/a><\/figcaption><\/figure>\n\n\n\n<p>La Mujer Animosa es la que no se queda en la superficie, la que profundiza en la vida de esas <strong>grandes mujeres m\u00e1s conocidas,<\/strong> con historias de superaci\u00f3n y supervivencia detr\u00e1s de las c\u00e1maras. Ejemplo de determinaci\u00f3n y valent\u00eda. Mujeres que llegaron a lo m\u00e1s alto enfrent\u00e1ndose a sus miedos, tomando decisiones y dando saltos sin red.<\/p>\n\n\n\n<figure class=\"wp-block-image size-large\"><img loading=\"lazy\" decoding=\"async\" width=\"640\" height=\"480\" src=\"https:\/\/animosa.es\/blog\/wp-content\/uploads\/2019\/11\/Animosa_C9_marilyn-640x480.jpg\" alt=\"Nueva Colecci\u00f3n Animosa: Camiseta frase c\u00e9lebre Marilyn Monroe\" class=\"wp-image-596\" srcset=\"https:\/\/animosa.es\/blog\/wp-content\/uploads\/2019\/11\/Animosa_C9_marilyn-640x480.jpg 640w, https:\/\/animosa.es\/blog\/wp-content\/uploads\/2019\/11\/Animosa_C9_marilyn-300x225.jpg 300w, https:\/\/animosa.es\/blog\/wp-content\/uploads\/2019\/11\/Animosa_C9_marilyn-768x576.jpg 768w, https:\/\/animosa.es\/blog\/wp-content\/uploads\/2019\/11\/Animosa_C9_marilyn-24x18.jpg 24w, https:\/\/animosa.es\/blog\/wp-content\/uploads\/2019\/11\/Animosa_C9_marilyn-36x27.jpg 36w, https:\/\/animosa.es\/blog\/wp-content\/uploads\/2019\/11\/Animosa_C9_marilyn-48x36.jpg 48w, https:\/\/animosa.es\/blog\/wp-content\/uploads\/2019\/11\/Animosa_C9_marilyn.jpg 960w\" sizes=\"auto, (max-width: 640px) 100vw, 640px\" \/><figcaption>\u00abSi no puedes con lo peor de m\u00ed, tampoco mereces lo mejor\u00bb. Marilyn Monroe.<\/figcaption><\/figure>\n\n\n\n<h2 class=\"wp-block-heading\"><strong>Orgullosas de estar en nuestra piel<\/strong><\/h2>\n\n\n\n<p>La Mujer Animosa es la que se acepta y se quiere como es. La que sabe que, evidentemente, el feminismo es mucho m\u00e1s que llevar una camiseta empoderante, y que es incluso mucho m\u00e1s que sentir sus palabras: El feminismo es acci\u00f3n. Sentirse orgullosa de estar en nuestra piel. Cada vez que llevas una prenda Animosa, cada vez que compartes una imagen o que respondes a quien te pregunta el porqu\u00e9 de ese manifiesto, puede tener un significado en la otra persona,<strong> sembrar una semilla y marcar la diferencia. <\/strong>Todo suma.<\/p>\n\n\n\n<figure class=\"wp-block-image size-large\"><img loading=\"lazy\" decoding=\"async\" width=\"640\" height=\"480\" src=\"https:\/\/animosa.es\/blog\/wp-content\/uploads\/2019\/11\/Animosa_C9_calladita-640x480.jpg\" alt=\"Nueva Colecci\u00f3n Animosa: Camiseta calamita no estoy m\u00e1s guapa\" class=\"wp-image-597\" srcset=\"https:\/\/animosa.es\/blog\/wp-content\/uploads\/2019\/11\/Animosa_C9_calladita-640x480.jpg 640w, https:\/\/animosa.es\/blog\/wp-content\/uploads\/2019\/11\/Animosa_C9_calladita-300x225.jpg 300w, https:\/\/animosa.es\/blog\/wp-content\/uploads\/2019\/11\/Animosa_C9_calladita-768x576.jpg 768w, https:\/\/animosa.es\/blog\/wp-content\/uploads\/2019\/11\/Animosa_C9_calladita-24x18.jpg 24w, https:\/\/animosa.es\/blog\/wp-content\/uploads\/2019\/11\/Animosa_C9_calladita-36x27.jpg 36w, https:\/\/animosa.es\/blog\/wp-content\/uploads\/2019\/11\/Animosa_C9_calladita-48x36.jpg 48w, https:\/\/animosa.es\/blog\/wp-content\/uploads\/2019\/11\/Animosa_C9_calladita.jpg 960w\" sizes=\"auto, (max-width: 640px) 100vw, 640px\" \/><\/figure>\n\n\n\n<p>En esta nueva colecci\u00f3n Animosa Primavera-Verano, hemos querido continuar una filosof\u00eda que empez\u00f3 en la anterior: construir poco a poco un <strong>armario duradero, atemporal y m\u00e1s sostenible. <\/strong>Habr\u00e1 que hacerlo sin prisas y sin quitarnos de la cabeza que menos es m\u00e1s y (casi siempre) mejor. Sudaderas, vestidos, pantalones (proximamente faldas) que hemos llamado ANIMOSA BASICS, pero que de b\u00e1sicos no tienen nada.<\/p>\n\n\n\n<figure class=\"wp-block-image size-large\"><img loading=\"lazy\" decoding=\"async\" width=\"640\" height=\"480\" src=\"https:\/\/animosa.es\/blog\/wp-content\/uploads\/2019\/11\/Animosa_C9_basic-640x480.jpg\" alt=\"Sudadera b\u00e1sica con capucha y tachuelas\" class=\"wp-image-598\" srcset=\"https:\/\/animosa.es\/blog\/wp-content\/uploads\/2019\/11\/Animosa_C9_basic-640x480.jpg 640w, https:\/\/animosa.es\/blog\/wp-content\/uploads\/2019\/11\/Animosa_C9_basic-300x225.jpg 300w, https:\/\/animosa.es\/blog\/wp-content\/uploads\/2019\/11\/Animosa_C9_basic-768x576.jpg 768w, https:\/\/animosa.es\/blog\/wp-content\/uploads\/2019\/11\/Animosa_C9_basic-24x18.jpg 24w, https:\/\/animosa.es\/blog\/wp-content\/uploads\/2019\/11\/Animosa_C9_basic-36x27.jpg 36w, https:\/\/animosa.es\/blog\/wp-content\/uploads\/2019\/11\/Animosa_C9_basic-48x36.jpg 48w, https:\/\/animosa.es\/blog\/wp-content\/uploads\/2019\/11\/Animosa_C9_basic.jpg 960w\" sizes=\"auto, (max-width: 640px) 100vw, 640px\" \/><\/figure>\n\n\n\n<p>Sentimos que estamos viviendo un momento hist\u00f3rico y que <strong>nuestra voz cuenta.<\/strong> Por eso ha sido una campa\u00f1a especial. Cuando trabajas en equipo, las cosas suelen ir bien. Y nosotras juntas, siempre somos m\u00e1s. Cada puntada de cada camiseta, cada tilde en cada mensaje lleva un pedazo de nosotras. Y&nbsp;se nota en el resultado. Cuando conf\u00edas en las dem\u00e1s, cuando hay risas, honestidad y respeto, todo cambia.<br><\/p>\n\n\n\n<p> <strong>Tejer redes nos hace m\u00e1s fuertes. <\/strong>Y es lo que sentimos tambi\u00e9n con vosotras.<\/p>\n\n\n\n<figure class=\"wp-block-image size-large\"><img loading=\"lazy\" decoding=\"async\" width=\"640\" height=\"480\" src=\"https:\/\/animosa.es\/blog\/wp-content\/uploads\/2019\/11\/Animosa_C9_chavela-640x480.jpg\" alt=\"Nueva Colecci\u00f3n Animosa: Camiseta frase c\u00e9lebre Chavela Vargas\" class=\"wp-image-599\" srcset=\"https:\/\/animosa.es\/blog\/wp-content\/uploads\/2019\/11\/Animosa_C9_chavela-640x480.jpg 640w, https:\/\/animosa.es\/blog\/wp-content\/uploads\/2019\/11\/Animosa_C9_chavela-300x225.jpg 300w, https:\/\/animosa.es\/blog\/wp-content\/uploads\/2019\/11\/Animosa_C9_chavela-768x576.jpg 768w, https:\/\/animosa.es\/blog\/wp-content\/uploads\/2019\/11\/Animosa_C9_chavela-24x18.jpg 24w, https:\/\/animosa.es\/blog\/wp-content\/uploads\/2019\/11\/Animosa_C9_chavela-36x27.jpg 36w, https:\/\/animosa.es\/blog\/wp-content\/uploads\/2019\/11\/Animosa_C9_chavela-48x36.jpg 48w, https:\/\/animosa.es\/blog\/wp-content\/uploads\/2019\/11\/Animosa_C9_chavela.jpg 960w\" sizes=\"auto, (max-width: 640px) 100vw, 640px\" \/><\/figure>\n\n\n\n<p>Una vez m\u00e1s,&nbsp;GRACIAS POR ESTAR AH\u00cd.<\/p>\n","protected":false},"excerpt":{"rendered":"<p>Han sido muchos, muchos meses de trabajo. Esta semana nuestra NUEVA COLECCI\u00d3N ANIMOSA PRIMAVERA-VERANO empezar\u00e1 a llegar a nuestros puntos de venta oficiales y empezar\u00e9is a verla poco a poco. Nosotras estamos sac\u00e1ndole brillo y d\u00e1ndole los \u00faltimos retoques para tenerla online el d\u00eda 15, pero quer\u00edamos daros hoy un adelanto y contaros antes que &hellip; <\/p>\n<p class=\"link-more\"><a href=\"https:\/\/animosa.es\/blog\/nueva-coleccion-animosa-primavera-verano\/\" class=\"more-link\">Continuar leyendo<span class=\"screen-reader-text\"> \u00abNueva colecci\u00f3n Primavera-Verano Animosa, saliendo del horno&#8230;\u00bb<\/span><\/a><\/p>\n","protected":false},"author":8,"featured_media":591,"comment_status":"open","ping_status":"closed","sticky":false,"template":"","format":"standard","meta":{"_monsterinsights_skip_tracking":false,"_monsterinsights_sitenote_active":false,"_monsterinsights_sitenote_note":"","_monsterinsights_sitenote_category":0,"footnotes":""},"categories":[10,12],"tags":[19,54],"class_list":["post-590","post","type-post","status-publish","format-standard","has-post-thumbnail","hentry","category-poder-femenino","category-productos-animosa","tag-mujeres-animosa","tag-nueva-coleccion-animosa"],"yoast_head":"<!-- This site is optimized with the Yoast SEO plugin v27.4 - https:\/\/yoast.com\/product\/yoast-seo-wordpress\/ -->\n<title>Nueva colecci\u00f3n Animosa Primavera-Verano, saliendo del horno...<\/title>\n<meta name=\"description\" content=\"Os presentamos nuestra Nueva colecci\u00f3n Animosa Primavera-Verano, que est\u00e1 ya a puntito de salir del horno y llegar a todas vosotras\" \/>\n<meta name=\"robots\" content=\"index, follow, max-snippet:-1, max-image-preview:large, max-video-preview:-1\" \/>\n<link rel=\"canonical\" href=\"https:\/\/animosa.es\/blog\/nueva-coleccion-animosa-primavera-verano\/\" \/>\n<meta property=\"og:locale\" content=\"es_ES\" \/>\n<meta property=\"og:type\" content=\"article\" \/>\n<meta property=\"og:title\" content=\"Nueva colecci\u00f3n Animosa Primavera-Verano, saliendo del horno...\" \/>\n<meta property=\"og:description\" content=\"Os presentamos nuestra Nueva colecci\u00f3n Animosa Primavera-Verano, que est\u00e1 ya a puntito de salir del horno y llegar a todas vosotras\" \/>\n<meta property=\"og:url\" content=\"https:\/\/animosa.es\/blog\/nueva-coleccion-animosa-primavera-verano\/\" \/>\n<meta property=\"og:site_name\" content=\"Animosa Blog\" \/>\n<meta property=\"article:publisher\" content=\"https:\/\/www.facebook.com\/animosaoficial\" \/>\n<meta property=\"article:published_time\" content=\"2019-12-02T15:00:00+00:00\" \/>\n<meta property=\"article:modified_time\" content=\"2022-04-20T15:09:08+00:00\" \/>\n<meta property=\"og:image\" content=\"https:\/\/animosa.es\/blog\/wp-content\/uploads\/2019\/11\/Animosa_c9.jpg\" \/>\n\t<meta property=\"og:image:width\" content=\"1920\" \/>\n\t<meta property=\"og:image:height\" content=\"1200\" \/>\n\t<meta property=\"og:image:type\" content=\"image\/jpeg\" \/>\n<meta name=\"author\" content=\"Eva Pesqueira\" \/>\n<meta name=\"twitter:card\" content=\"summary_large_image\" \/>\n<meta name=\"twitter:creator\" content=\"@animosaoficial\" \/>\n<meta name=\"twitter:site\" content=\"@animosaoficial\" \/>\n<meta name=\"twitter:label1\" content=\"Escrito por\" \/>\n\t<meta name=\"twitter:data1\" content=\"Eva Pesqueira\" \/>\n\t<meta name=\"twitter:label2\" content=\"Tiempo de lectura\" \/>\n\t<meta name=\"twitter:data2\" content=\"3 minutos\" \/>\n<script type=\"application\/ld+json\" class=\"yoast-schema-graph\">{\"@context\":\"https:\\\/\\\/schema.org\",\"@graph\":[{\"@type\":\"Article\",\"@id\":\"https:\\\/\\\/animosa.es\\\/blog\\\/nueva-coleccion-animosa-primavera-verano\\\/#article\",\"isPartOf\":{\"@id\":\"https:\\\/\\\/animosa.es\\\/blog\\\/nueva-coleccion-animosa-primavera-verano\\\/\"},\"author\":{\"name\":\"Eva Pesqueira\",\"@id\":\"https:\\\/\\\/animosa.es\\\/blog\\\/#\\\/schema\\\/person\\\/a36dd9551431af06befcd37c4b1a43ea\"},\"headline\":\"Nueva colecci\u00f3n Primavera-Verano Animosa, saliendo del horno&#8230;\",\"datePublished\":\"2019-12-02T15:00:00+00:00\",\"dateModified\":\"2022-04-20T15:09:08+00:00\",\"mainEntityOfPage\":{\"@id\":\"https:\\\/\\\/animosa.es\\\/blog\\\/nueva-coleccion-animosa-primavera-verano\\\/\"},\"wordCount\":673,\"commentCount\":0,\"publisher\":{\"@id\":\"https:\\\/\\\/animosa.es\\\/blog\\\/#organization\"},\"image\":{\"@id\":\"https:\\\/\\\/animosa.es\\\/blog\\\/nueva-coleccion-animosa-primavera-verano\\\/#primaryimage\"},\"thumbnailUrl\":\"https:\\\/\\\/animosa.es\\\/blog\\\/wp-content\\\/uploads\\\/2019\\\/11\\\/Animosa_c9.jpg\",\"keywords\":[\"Mujeres Animosa\",\"Nueva colecci\u00f3n\"],\"articleSection\":[\"Poder femenino\",\"Productos Animosa\"],\"inLanguage\":\"es\",\"potentialAction\":[{\"@type\":\"CommentAction\",\"name\":\"Comment\",\"target\":[\"https:\\\/\\\/animosa.es\\\/blog\\\/nueva-coleccion-animosa-primavera-verano\\\/#respond\"]}]},{\"@type\":\"WebPage\",\"@id\":\"https:\\\/\\\/animosa.es\\\/blog\\\/nueva-coleccion-animosa-primavera-verano\\\/\",\"url\":\"https:\\\/\\\/animosa.es\\\/blog\\\/nueva-coleccion-animosa-primavera-verano\\\/\",\"name\":\"Nueva colecci\u00f3n Animosa Primavera-Verano, saliendo del horno...\",\"isPartOf\":{\"@id\":\"https:\\\/\\\/animosa.es\\\/blog\\\/#website\"},\"primaryImageOfPage\":{\"@id\":\"https:\\\/\\\/animosa.es\\\/blog\\\/nueva-coleccion-animosa-primavera-verano\\\/#primaryimage\"},\"image\":{\"@id\":\"https:\\\/\\\/animosa.es\\\/blog\\\/nueva-coleccion-animosa-primavera-verano\\\/#primaryimage\"},\"thumbnailUrl\":\"https:\\\/\\\/animosa.es\\\/blog\\\/wp-content\\\/uploads\\\/2019\\\/11\\\/Animosa_c9.jpg\",\"datePublished\":\"2019-12-02T15:00:00+00:00\",\"dateModified\":\"2022-04-20T15:09:08+00:00\",\"description\":\"Os presentamos nuestra Nueva colecci\u00f3n Animosa Primavera-Verano, que est\u00e1 ya a puntito de salir del horno y llegar a todas vosotras\",\"breadcrumb\":{\"@id\":\"https:\\\/\\\/animosa.es\\\/blog\\\/nueva-coleccion-animosa-primavera-verano\\\/#breadcrumb\"},\"inLanguage\":\"es\",\"potentialAction\":[{\"@type\":\"ReadAction\",\"target\":[\"https:\\\/\\\/animosa.es\\\/blog\\\/nueva-coleccion-animosa-primavera-verano\\\/\"]}]},{\"@type\":\"ImageObject\",\"inLanguage\":\"es\",\"@id\":\"https:\\\/\\\/animosa.es\\\/blog\\\/nueva-coleccion-animosa-primavera-verano\\\/#primaryimage\",\"url\":\"https:\\\/\\\/animosa.es\\\/blog\\\/wp-content\\\/uploads\\\/2019\\\/11\\\/Animosa_c9.jpg\",\"contentUrl\":\"https:\\\/\\\/animosa.es\\\/blog\\\/wp-content\\\/uploads\\\/2019\\\/11\\\/Animosa_c9.jpg\",\"width\":1920,\"height\":1200},{\"@type\":\"BreadcrumbList\",\"@id\":\"https:\\\/\\\/animosa.es\\\/blog\\\/nueva-coleccion-animosa-primavera-verano\\\/#breadcrumb\",\"itemListElement\":[{\"@type\":\"ListItem\",\"position\":1,\"name\":\"Portada\",\"item\":\"https:\\\/\\\/animosa.es\\\/blog\\\/\"},{\"@type\":\"ListItem\",\"position\":2,\"name\":\"Nueva colecci\u00f3n Primavera-Verano Animosa, saliendo del horno&#8230;\"}]},{\"@type\":\"WebSite\",\"@id\":\"https:\\\/\\\/animosa.es\\\/blog\\\/#website\",\"url\":\"https:\\\/\\\/animosa.es\\\/blog\\\/\",\"name\":\"Animosa Blog\",\"description\":\"Alma y Coraje: Mujeres importantes e inspiradoras\",\"publisher\":{\"@id\":\"https:\\\/\\\/animosa.es\\\/blog\\\/#organization\"},\"potentialAction\":[{\"@type\":\"SearchAction\",\"target\":{\"@type\":\"EntryPoint\",\"urlTemplate\":\"https:\\\/\\\/animosa.es\\\/blog\\\/?s={search_term_string}\"},\"query-input\":{\"@type\":\"PropertyValueSpecification\",\"valueRequired\":true,\"valueName\":\"search_term_string\"}}],\"inLanguage\":\"es\"},{\"@type\":\"Organization\",\"@id\":\"https:\\\/\\\/animosa.es\\\/blog\\\/#organization\",\"name\":\"Animosa\",\"url\":\"https:\\\/\\\/animosa.es\\\/blog\\\/\",\"logo\":{\"@type\":\"ImageObject\",\"inLanguage\":\"es\",\"@id\":\"https:\\\/\\\/animosa.es\\\/blog\\\/#\\\/schema\\\/logo\\\/image\\\/\",\"url\":\"https:\\\/\\\/animosa.es\\\/blog\\\/wp-content\\\/uploads\\\/2018\\\/11\\\/mi-tienda-logo-e1541405563290.png\",\"contentUrl\":\"https:\\\/\\\/animosa.es\\\/blog\\\/wp-content\\\/uploads\\\/2018\\\/11\\\/mi-tienda-logo-e1541405563290.png\",\"width\":170,\"height\":53,\"caption\":\"Animosa\"},\"image\":{\"@id\":\"https:\\\/\\\/animosa.es\\\/blog\\\/#\\\/schema\\\/logo\\\/image\\\/\"},\"sameAs\":[\"https:\\\/\\\/www.facebook.com\\\/animosaoficial\",\"https:\\\/\\\/x.com\\\/animosaoficial\",\"https:\\\/\\\/www.instagram.com\\\/animosaoficial\\\/\",\"https:\\\/\\\/www.pinterest.es\\\/animosaoficial\\\/\",\"https:\\\/\\\/www.youtube.com\\\/channel\\\/UCvpO4cBfsjLILe9zJnR_krw\"]},{\"@type\":\"Person\",\"@id\":\"https:\\\/\\\/animosa.es\\\/blog\\\/#\\\/schema\\\/person\\\/a36dd9551431af06befcd37c4b1a43ea\",\"name\":\"Eva Pesqueira\",\"url\":\"https:\\\/\\\/animosa.es\\\/blog\\\/author\\\/eva\\\/\"}]}<\/script>\n<!-- \/ Yoast SEO plugin. -->","yoast_head_json":{"title":"Nueva colecci\u00f3n Animosa Primavera-Verano, saliendo del horno...","description":"Os presentamos nuestra Nueva colecci\u00f3n Animosa Primavera-Verano, que est\u00e1 ya a puntito de salir del horno y llegar a todas vosotras","robots":{"index":"index","follow":"follow","max-snippet":"max-snippet:-1","max-image-preview":"max-image-preview:large","max-video-preview":"max-video-preview:-1"},"canonical":"https:\/\/animosa.es\/blog\/nueva-coleccion-animosa-primavera-verano\/","og_locale":"es_ES","og_type":"article","og_title":"Nueva colecci\u00f3n Animosa Primavera-Verano, saliendo del horno...","og_description":"Os presentamos nuestra Nueva colecci\u00f3n Animosa Primavera-Verano, que est\u00e1 ya a puntito de salir del horno y llegar a todas vosotras","og_url":"https:\/\/animosa.es\/blog\/nueva-coleccion-animosa-primavera-verano\/","og_site_name":"Animosa Blog","article_publisher":"https:\/\/www.facebook.com\/animosaoficial","article_published_time":"2019-12-02T15:00:00+00:00","article_modified_time":"2022-04-20T15:09:08+00:00","og_image":[{"width":1920,"height":1200,"url":"https:\/\/animosa.es\/blog\/wp-content\/uploads\/2019\/11\/Animosa_c9.jpg","type":"image\/jpeg"}],"author":"Eva Pesqueira","twitter_card":"summary_large_image","twitter_creator":"@animosaoficial","twitter_site":"@animosaoficial","twitter_misc":{"Escrito por":"Eva Pesqueira","Tiempo de lectura":"3 minutos"},"schema":{"@context":"https:\/\/schema.org","@graph":[{"@type":"Article","@id":"https:\/\/animosa.es\/blog\/nueva-coleccion-animosa-primavera-verano\/#article","isPartOf":{"@id":"https:\/\/animosa.es\/blog\/nueva-coleccion-animosa-primavera-verano\/"},"author":{"name":"Eva Pesqueira","@id":"https:\/\/animosa.es\/blog\/#\/schema\/person\/a36dd9551431af06befcd37c4b1a43ea"},"headline":"Nueva colecci\u00f3n Primavera-Verano Animosa, saliendo del horno&#8230;","datePublished":"2019-12-02T15:00:00+00:00","dateModified":"2022-04-20T15:09:08+00:00","mainEntityOfPage":{"@id":"https:\/\/animosa.es\/blog\/nueva-coleccion-animosa-primavera-verano\/"},"wordCount":673,"commentCount":0,"publisher":{"@id":"https:\/\/animosa.es\/blog\/#organization"},"image":{"@id":"https:\/\/animosa.es\/blog\/nueva-coleccion-animosa-primavera-verano\/#primaryimage"},"thumbnailUrl":"https:\/\/animosa.es\/blog\/wp-content\/uploads\/2019\/11\/Animosa_c9.jpg","keywords":["Mujeres Animosa","Nueva colecci\u00f3n"],"articleSection":["Poder femenino","Productos Animosa"],"inLanguage":"es","potentialAction":[{"@type":"CommentAction","name":"Comment","target":["https:\/\/animosa.es\/blog\/nueva-coleccion-animosa-primavera-verano\/#respond"]}]},{"@type":"WebPage","@id":"https:\/\/animosa.es\/blog\/nueva-coleccion-animosa-primavera-verano\/","url":"https:\/\/animosa.es\/blog\/nueva-coleccion-animosa-primavera-verano\/","name":"Nueva colecci\u00f3n Animosa Primavera-Verano, saliendo del horno...","isPartOf":{"@id":"https:\/\/animosa.es\/blog\/#website"},"primaryImageOfPage":{"@id":"https:\/\/animosa.es\/blog\/nueva-coleccion-animosa-primavera-verano\/#primaryimage"},"image":{"@id":"https:\/\/animosa.es\/blog\/nueva-coleccion-animosa-primavera-verano\/#primaryimage"},"thumbnailUrl":"https:\/\/animosa.es\/blog\/wp-content\/uploads\/2019\/11\/Animosa_c9.jpg","datePublished":"2019-12-02T15:00:00+00:00","dateModified":"2022-04-20T15:09:08+00:00","description":"Os presentamos nuestra Nueva colecci\u00f3n Animosa Primavera-Verano, que est\u00e1 ya a puntito de salir del horno y llegar a todas vosotras","breadcrumb":{"@id":"https:\/\/animosa.es\/blog\/nueva-coleccion-animosa-primavera-verano\/#breadcrumb"},"inLanguage":"es","potentialAction":[{"@type":"ReadAction","target":["https:\/\/animosa.es\/blog\/nueva-coleccion-animosa-primavera-verano\/"]}]},{"@type":"ImageObject","inLanguage":"es","@id":"https:\/\/animosa.es\/blog\/nueva-coleccion-animosa-primavera-verano\/#primaryimage","url":"https:\/\/animosa.es\/blog\/wp-content\/uploads\/2019\/11\/Animosa_c9.jpg","contentUrl":"https:\/\/animosa.es\/blog\/wp-content\/uploads\/2019\/11\/Animosa_c9.jpg","width":1920,"height":1200},{"@type":"BreadcrumbList","@id":"https:\/\/animosa.es\/blog\/nueva-coleccion-animosa-primavera-verano\/#breadcrumb","itemListElement":[{"@type":"ListItem","position":1,"name":"Portada","item":"https:\/\/animosa.es\/blog\/"},{"@type":"ListItem","position":2,"name":"Nueva colecci\u00f3n Primavera-Verano Animosa, saliendo del horno&#8230;"}]},{"@type":"WebSite","@id":"https:\/\/animosa.es\/blog\/#website","url":"https:\/\/animosa.es\/blog\/","name":"Animosa Blog","description":"Alma y Coraje: Mujeres importantes e inspiradoras","publisher":{"@id":"https:\/\/animosa.es\/blog\/#organization"},"potentialAction":[{"@type":"SearchAction","target":{"@type":"EntryPoint","urlTemplate":"https:\/\/animosa.es\/blog\/?s={search_term_string}"},"query-input":{"@type":"PropertyValueSpecification","valueRequired":true,"valueName":"search_term_string"}}],"inLanguage":"es"},{"@type":"Organization","@id":"https:\/\/animosa.es\/blog\/#organization","name":"Animosa","url":"https:\/\/animosa.es\/blog\/","logo":{"@type":"ImageObject","inLanguage":"es","@id":"https:\/\/animosa.es\/blog\/#\/schema\/logo\/image\/","url":"https:\/\/animosa.es\/blog\/wp-content\/uploads\/2018\/11\/mi-tienda-logo-e1541405563290.png","contentUrl":"https:\/\/animosa.es\/blog\/wp-content\/uploads\/2018\/11\/mi-tienda-logo-e1541405563290.png","width":170,"height":53,"caption":"Animosa"},"image":{"@id":"https:\/\/animosa.es\/blog\/#\/schema\/logo\/image\/"},"sameAs":["https:\/\/www.facebook.com\/animosaoficial","https:\/\/x.com\/animosaoficial","https:\/\/www.instagram.com\/animosaoficial\/","https:\/\/www.pinterest.es\/animosaoficial\/","https:\/\/www.youtube.com\/channel\/UCvpO4cBfsjLILe9zJnR_krw"]},{"@type":"Person","@id":"https:\/\/animosa.es\/blog\/#\/schema\/person\/a36dd9551431af06befcd37c4b1a43ea","name":"Eva Pesqueira","url":"https:\/\/animosa.es\/blog\/author\/eva\/"}]}},"_links":{"self":[{"href":"https:\/\/animosa.es\/blog\/wp-json\/wp\/v2\/posts\/590","targetHints":{"allow":["GET"]}}],"collection":[{"href":"https:\/\/animosa.es\/blog\/wp-json\/wp\/v2\/posts"}],"about":[{"href":"https:\/\/animosa.es\/blog\/wp-json\/wp\/v2\/types\/post"}],"author":[{"embeddable":true,"href":"https:\/\/animosa.es\/blog\/wp-json\/wp\/v2\/users\/8"}],"replies":[{"embeddable":true,"href":"https:\/\/animosa.es\/blog\/wp-json\/wp\/v2\/comments?post=590"}],"version-history":[{"count":8,"href":"https:\/\/animosa.es\/blog\/wp-json\/wp\/v2\/posts\/590\/revisions"}],"predecessor-version":[{"id":606,"href":"https:\/\/animosa.es\/blog\/wp-json\/wp\/v2\/posts\/590\/revisions\/606"}],"wp:featuredmedia":[{"embeddable":true,"href":"https:\/\/animosa.es\/blog\/wp-json\/wp\/v2\/media\/591"}],"wp:attachment":[{"href":"https:\/\/animosa.es\/blog\/wp-json\/wp\/v2\/media?parent=590"}],"wp:term":[{"taxonomy":"category","embeddable":true,"href":"https:\/\/animosa.es\/blog\/wp-json\/wp\/v2\/categories?post=590"},{"taxonomy":"post_tag","embeddable":true,"href":"https:\/\/animosa.es\/blog\/wp-json\/wp\/v2\/tags?post=590"}],"curies":[{"name":"wp","href":"https:\/\/api.w.org\/{rel}","templated":true}]}}